{"id":21077,"date":"2024-03-04T00:00:43","date_gmt":"2024-03-03T23:00:43","guid":{"rendered":"https:\/\/geschichte-hautnah.de\/www\/?p=21077"},"modified":"2020-05-29T19:32:11","modified_gmt":"2020-05-29T17:32:11","slug":"die-maenner-des-ersten-weltkriegs-teil-2-117-karl-burkart","status":"publish","type":"post","link":"https:\/\/geschichte-hautnah.de\/www\/?p=21077","title":{"rendered":"Die M\u00e4nner des Ersten Weltkriegs \u2013 Teil 2.117: Karl Burkart (eigentlich Karl Burkhardt)"},"content":{"rendered":"<p>Der Soldat Karl Burkart (Schreibfehler auf Sterbebild &#8211; eigentlich: <em><strong>Burkhard<\/strong><\/em>) wurde am 20.10.1889 in <a href=\"https:\/\/de.wikipedia.org\/wiki\/Asch_(Fuchstal)\" target=\"_blank\" rel=\"noopener noreferrer\">Asch<\/a> geboren, heute ein Ortsteil der bayerischen Gemeinde <a href=\"https:\/\/de.wikipedia.org\/wiki\/Fuchstal\" target=\"_blank\" rel=\"noopener noreferrer\">Fuchstal<\/a>. Im Ersten Weltkrieg k\u00e4mpfte er als Kanonier und Fahrer in der 7. Batterie des 2. bayerischen Reserve-Fu\u00dfartillerie-Regiments. Am 30.10.1916 fiel er im Alter von 27 Jahren bei <a href=\"https:\/\/de.wikipedia.org\/wiki\/Villers-Guislain\" target=\"_blank\" rel=\"noopener noreferrer\">Villers-Guislain<\/a> w\u00e4hrend der K\u00e4mpfe um Cambrai.<\/p>\n<p>Man begrub Karl Burkart auf dem Soldatenfriedhof <span data-sheets-value=\"{&quot;1&quot;:2,&quot;2&quot;:&quot;Cambrai&quot;}\" data-sheets-userformat=\"{&quot;2&quot;:1049089,&quot;3&quot;:{&quot;1&quot;:0},&quot;12&quot;:0,&quot;23&quot;:1}\" data-sheets-formula=\"=HYPERLINK(&quot;https:\/\/www.google.de\/maps\/place\/Cambrai,+Frankreich\/@50.1700356,3.2062612,13z\/data=!3m1!4b1!4m5!3m4!1s0x47c2bb7c37a4f9f3:0x144f3c3e5aba10fb!8m2!3d50.173538!4d3.236633&quot;;&quot;Cambrai&quot;)\" data-sheets-hyperlink=\"https:\/\/www.google.de\/maps\/place\/Cambrai,+Frankreich\/@50.1700356,3.2062612,13z\/data=!3m1!4b1!4m5!3m4!1s0x47c2bb7c37a4f9f3:0x144f3c3e5aba10fb!8m2!3d50.173538!4d3.236633\"><a class=\"in-cell-link\" href=\"https:\/\/www.google.de\/maps\/place\/Cambrai,+Frankreich\/@50.1700356,3.2062612,13z\/data=!3m1!4b1!4m5!3m4!1s0x47c2bb7c37a4f9f3:0x144f3c3e5aba10fb!8m2!3d50.173538!4d3.236633\" target=\"_blank\" rel=\"noopener noreferrer\">Cambrai<\/a><\/span> in Block 2, Grab 314.<\/p>\n<figure id=\"attachment_21062\" aria-describedby=\"caption-attachment-21062\" style=\"width: 494px\" class=\"wp-caption aligncenter\"><img loading=\"lazy\" decoding=\"async\" class=\"size-full wp-image-21062\" src=\"https:\/\/geschichte-hautnah.de\/www\/wp-content\/uploads\/2020\/05\/Karl_Burkart_v.jpg\" alt=\"\" width=\"494\" height=\"800\" srcset=\"https:\/\/geschichte-hautnah.de\/www\/wp-content\/uploads\/2020\/05\/Karl_Burkart_v.jpg 494w, https:\/\/geschichte-hautnah.de\/www\/wp-content\/uploads\/2020\/05\/Karl_Burkart_v-185x300.jpg 185w\" sizes=\"auto, (max-width: 494px) 100vw, 494px\" \/><figcaption id=\"caption-attachment-21062\" class=\"wp-caption-text\">Sterbebild von Karl Burkart<\/figcaption><\/figure>\n<figure id=\"attachment_21061\" aria-describedby=\"caption-attachment-21061\" style=\"width: 494px\" class=\"wp-caption aligncenter\"><img loading=\"lazy\" decoding=\"async\" class=\"size-full wp-image-21061\" src=\"https:\/\/geschichte-hautnah.de\/www\/wp-content\/uploads\/2020\/05\/Karl_Burkart_h.jpg\" alt=\"\" width=\"494\" height=\"800\" srcset=\"https:\/\/geschichte-hautnah.de\/www\/wp-content\/uploads\/2020\/05\/Karl_Burkart_h.jpg 494w, https:\/\/geschichte-hautnah.de\/www\/wp-content\/uploads\/2020\/05\/Karl_Burkart_h-185x300.jpg 185w\" sizes=\"auto, (max-width: 494px) 100vw, 494px\" \/><figcaption id=\"caption-attachment-21061\" class=\"wp-caption-text\">R\u00fcckseite des Sterbebildes von Karl Burkart<\/figcaption><\/figure>\n","protected":false},"excerpt":{"rendered":"<p>Der Soldat Karl Burkart (Schreibfehler auf Sterbebild &#8211; eigentlich: Burkhard) wurde am 20.10.1889 in Asch geboren, heute ein Ortsteil der bayerischen Gemeinde Fuchstal. Im Ersten Weltkrieg k\u00e4mpfte er als Kanonier und Fahrer in der 7. Batterie des 2. bayerischen Reserve-Fu\u00dfartillerie-Regiments. Am 30.10.1916 fiel er im Alter von 27 Jahren bei Villers-Guislain w\u00e4hrend der K\u00e4mpfe um [&hellip;]<\/p>\n","protected":false},"author":2,"featured_media":0,"comment_status":"closed","ping_status":"closed","sticky":false,"template":"","format":"standard","meta":{"footnotes":"","_wp_rev_ctl_limit":""},"categories":[2,2319,8,1876],"tags":[5867,5864,1366,190,225,36,5865,111,499,5866],"class_list":["post-21077","post","type-post","status-publish","format-standard","hentry","category-1-weltkrieg","category-cambrai","category-sterbebilder","category-frankreich-1-weltkrieg","tag-2-bayerisches-reserve-fussartillerie-regiment","tag-asch","tag-bayern","tag-cambrai","tag-fahrer","tag-frankreich","tag-fuchstal","tag-kanonier","tag-schreibfehler","tag-villers-guislain"],"_links":{"self":[{"href":"https:\/\/geschichte-hautnah.de\/www\/index.php?rest_route=\/wp\/v2\/posts\/21077","targetHints":{"allow":["GET"]}}],"collection":[{"href":"https:\/\/geschichte-hautnah.de\/www\/index.php?rest_route=\/wp\/v2\/posts"}],"about":[{"href":"https:\/\/geschichte-hautnah.de\/www\/index.php?rest_route=\/wp\/v2\/types\/post"}],"author":[{"embeddable":true,"href":"https:\/\/geschichte-hautnah.de\/www\/index.php?rest_route=\/wp\/v2\/users\/2"}],"replies":[{"embeddable":true,"href":"https:\/\/geschichte-hautnah.de\/www\/index.php?rest_route=%2Fwp%2Fv2%2Fcomments&post=21077"}],"version-history":[{"count":6,"href":"https:\/\/geschichte-hautnah.de\/www\/index.php?rest_route=\/wp\/v2\/posts\/21077\/revisions"}],"predecessor-version":[{"id":21083,"href":"https:\/\/geschichte-hautnah.de\/www\/index.php?rest_route=\/wp\/v2\/posts\/21077\/revisions\/21083"}],"wp:attachment":[{"href":"https:\/\/geschichte-hautnah.de\/www\/index.php?rest_route=%2Fwp%2Fv2%2Fmedia&parent=21077"}],"wp:term":[{"taxonomy":"category","embeddable":true,"href":"https:\/\/geschichte-hautnah.de\/www\/index.php?rest_route=%2Fwp%2Fv2%2Fcategories&post=21077"},{"taxonomy":"post_tag","embeddable":true,"href":"https:\/\/geschichte-hautnah.de\/www\/index.php?rest_route=%2Fwp%2Fv2%2Ftags&post=21077"}],"curies":[{"name":"wp","href":"https:\/\/api.w.org\/{rel}","templated":true}]}}