{"id":21365,"date":"2024-04-05T00:00:39","date_gmt":"2024-04-04T22:00:39","guid":{"rendered":"https:\/\/geschichte-hautnah.de\/www\/?p=21365"},"modified":"2020-06-19T22:16:09","modified_gmt":"2020-06-19T20:16:09","slug":"die-maenner-des-zweiten-weltkriegs-teil-2-149-leopold-benedix","status":"publish","type":"post","link":"https:\/\/geschichte-hautnah.de\/www\/?p=21365","title":{"rendered":"Die M\u00e4nner des Zweiten Weltkriegs \u2013 Teil 2.149: Leopold Benedix"},"content":{"rendered":"<p>Der Soldat Leopold Benedix wurde am 13.09.1913 in Saarlautern , dem heutigen <a href=\"https:\/\/de.wikipedia.org\/wiki\/Saarlouis\" target=\"_blank\" rel=\"noopener noreferrer\">Saarlouis<\/a> im Saarland geboren. Im Zweiten Weltkrieg k\u00e4mpfte er als Obergefreiter in der deutschen Wehrmacht. Am 26.09.1943 fiel er im Alter von 30 Jahren beim <a href=\"https:\/\/de.wikipedia.org\/wiki\/Kuban-Br%C3%BCckenkopf\" target=\"_blank\" rel=\"noopener noreferrer\">Kuban-Br\u00fcckenkopf<\/a> in der N\u00e4he von <a href=\"https:\/\/de.wikipedia.org\/wiki\/Temrjuk\" target=\"_blank\" rel=\"noopener noreferrer\">Temrjuk<\/a>.<\/p>\n<p>Man begrub Leopold Benedix auf einem Friedhof bei <a href=\"https:\/\/de.wikipedia.org\/wiki\/Temrjukhttps:\/\/de.wikipedia.org\/wiki\/Temrjuk\" target=\"_blank\" rel=\"noopener noreferrer\">Temrjuk<\/a>.<\/p>\n<figure id=\"attachment_21208\" aria-describedby=\"caption-attachment-21208\" style=\"width: 800px\" class=\"wp-caption aligncenter\"><img loading=\"lazy\" decoding=\"async\" class=\"size-full wp-image-21208\" src=\"https:\/\/geschichte-hautnah.de\/www\/wp-content\/uploads\/2020\/06\/Leopold_Bendix_v.jpg\" alt=\"\" width=\"800\" height=\"613\" srcset=\"https:\/\/geschichte-hautnah.de\/www\/wp-content\/uploads\/2020\/06\/Leopold_Bendix_v.jpg 800w, https:\/\/geschichte-hautnah.de\/www\/wp-content\/uploads\/2020\/06\/Leopold_Bendix_v-300x230.jpg 300w, https:\/\/geschichte-hautnah.de\/www\/wp-content\/uploads\/2020\/06\/Leopold_Bendix_v-768x588.jpg 768w\" sizes=\"auto, (max-width: 800px) 100vw, 800px\" \/><figcaption id=\"caption-attachment-21208\" class=\"wp-caption-text\">Sterbebild von Leopold Benedix<\/figcaption><\/figure>\n<figure id=\"attachment_21207\" aria-describedby=\"caption-attachment-21207\" style=\"width: 800px\" class=\"wp-caption aligncenter\"><img loading=\"lazy\" decoding=\"async\" class=\"size-full wp-image-21207\" src=\"https:\/\/geschichte-hautnah.de\/www\/wp-content\/uploads\/2020\/06\/Leopold_Bendix_h.jpg\" alt=\"\" width=\"800\" height=\"613\" srcset=\"https:\/\/geschichte-hautnah.de\/www\/wp-content\/uploads\/2020\/06\/Leopold_Bendix_h.jpg 800w, https:\/\/geschichte-hautnah.de\/www\/wp-content\/uploads\/2020\/06\/Leopold_Bendix_h-300x230.jpg 300w, https:\/\/geschichte-hautnah.de\/www\/wp-content\/uploads\/2020\/06\/Leopold_Bendix_h-768x588.jpg 768w\" sizes=\"auto, (max-width: 800px) 100vw, 800px\" \/><figcaption id=\"caption-attachment-21207\" class=\"wp-caption-text\">R\u00fcckseite des Sterbebildes von Leopold Benedix<\/figcaption><\/figure>\n","protected":false},"excerpt":{"rendered":"<p>Der Soldat Leopold Benedix wurde am 13.09.1913 in Saarlautern , dem heutigen Saarlouis im Saarland geboren. Im Zweiten Weltkrieg k\u00e4mpfte er als Obergefreiter in der deutschen Wehrmacht. Am 26.09.1943 fiel er im Alter von 30 Jahren beim Kuban-Br\u00fcckenkopf in der N\u00e4he von Temrjuk. Man begrub Leopold Benedix auf einem Friedhof bei Temrjuk.<\/p>\n","protected":false},"author":2,"featured_media":0,"comment_status":"closed","ping_status":"closed","sticky":false,"template":"","format":"standard","meta":{"footnotes":"","_wp_rev_ctl_limit":""},"categories":[3,788],"tags":[2701,172,69,3678,3885,3809,5957,816],"class_list":["post-21365","post","type-post","status-publish","format-standard","hentry","category-2-weltkrieg","category-ostfront","tag-kuban","tag-obergefreiter","tag-russland","tag-saarland","tag-saarlautern","tag-saarlouis","tag-temruk","tag-wehrmacht"],"_links":{"self":[{"href":"https:\/\/geschichte-hautnah.de\/www\/index.php?rest_route=\/wp\/v2\/posts\/21365","targetHints":{"allow":["GET"]}}],"collection":[{"href":"https:\/\/geschichte-hautnah.de\/www\/index.php?rest_route=\/wp\/v2\/posts"}],"about":[{"href":"https:\/\/geschichte-hautnah.de\/www\/index.php?rest_route=\/wp\/v2\/types\/post"}],"author":[{"embeddable":true,"href":"https:\/\/geschichte-hautnah.de\/www\/index.php?rest_route=\/wp\/v2\/users\/2"}],"replies":[{"embeddable":true,"href":"https:\/\/geschichte-hautnah.de\/www\/index.php?rest_route=%2Fwp%2Fv2%2Fcomments&post=21365"}],"version-history":[{"count":5,"href":"https:\/\/geschichte-hautnah.de\/www\/index.php?rest_route=\/wp\/v2\/posts\/21365\/revisions"}],"predecessor-version":[{"id":21370,"href":"https:\/\/geschichte-hautnah.de\/www\/index.php?rest_route=\/wp\/v2\/posts\/21365\/revisions\/21370"}],"wp:attachment":[{"href":"https:\/\/geschichte-hautnah.de\/www\/index.php?rest_route=%2Fwp%2Fv2%2Fmedia&parent=21365"}],"wp:term":[{"taxonomy":"category","embeddable":true,"href":"https:\/\/geschichte-hautnah.de\/www\/index.php?rest_route=%2Fwp%2Fv2%2Fcategories&post=21365"},{"taxonomy":"post_tag","embeddable":true,"href":"https:\/\/geschichte-hautnah.de\/www\/index.php?rest_route=%2Fwp%2Fv2%2Ftags&post=21365"}],"curies":[{"name":"wp","href":"https:\/\/api.w.org\/{rel}","templated":true}]}}