{"id":21497,"date":"2024-04-24T00:00:24","date_gmt":"2024-04-23T22:00:24","guid":{"rendered":"https:\/\/geschichte-hautnah.de\/www\/?p=21497"},"modified":"2020-06-27T15:47:55","modified_gmt":"2020-06-27T13:47:55","slug":"die-maenner-des-ersten-weltkriegs-teil-2-168-georg-pfeiffer","status":"publish","type":"post","link":"https:\/\/geschichte-hautnah.de\/www\/?p=21497","title":{"rendered":"Die M\u00e4nner des Ersten Weltkriegs \u2013 Teil 2.168: Georg Pfeiffer"},"content":{"rendered":"<p>Der Soldat Georg Pfeiffer stammte aus Morgenbach, heute ein Ortsteil der bayerischen Gemeinde <a href=\"https:\/\/de.wikipedia.org\/wiki\/Wildsteig\" target=\"_blank\" rel=\"noopener noreferrer\">Wildsteig<\/a>. Laut Sterbebild diente er als Infanterist in der 2. Kompanie des 20. bayerischen Infanterie-Regiments. Die Verlustlisten weisen ihn jedoch als Infanterist bei der 2. Kompanie des Brigade-Ersatz-Bataillon 3 aus. Ich halte die offiziellen Verlustlisten als verl\u00e4sslicher. Georg Pfeiffer fiel am 27.08.1914 im Alter von 25 Jahren w\u00e4hrend Stellungsk\u00e4mpfe in den mittleren Vogesen bei <a href=\"https:\/\/de.wikipedia.org\/wiki\/Saulcy-sur-Meurthe\" target=\"_blank\" rel=\"noopener noreferrer\">Saulcy-sur-Meurthe<\/a>.<br \/>\n.<\/p>\n<p>Man begrub Georg Pfeiffer auf dem Soldatenfriedhof <span data-sheets-value=\"{&quot;1&quot;:2,&quot;2&quot;:&quot;Bertrimoutier&quot;}\" data-sheets-userformat=\"{&quot;2&quot;:1049089,&quot;3&quot;:{&quot;1&quot;:0},&quot;12&quot;:0,&quot;23&quot;:1}\" data-sheets-formula=\"=HYPERLINK(&quot;https:\/\/de.wikipedia.org\/wiki\/Bertrimoutier&quot;;&quot;Bertrimoutier&quot;)\" data-sheets-hyperlink=\"https:\/\/de.wikipedia.org\/wiki\/Bertrimoutier\"><a class=\"in-cell-link\" href=\"https:\/\/de.wikipedia.org\/wiki\/Bertrimoutier\" target=\"_blank\" rel=\"noopener noreferrer\">Bertrimoutier<\/a><\/span> in einem Massengrab.<\/p>\n<figure id=\"attachment_21464\" aria-describedby=\"caption-attachment-21464\" style=\"width: 487px\" class=\"wp-caption aligncenter\"><img loading=\"lazy\" decoding=\"async\" class=\"size-full wp-image-21464\" src=\"https:\/\/geschichte-hautnah.de\/www\/wp-content\/uploads\/2020\/06\/Georg_Pfeiffer_v.jpg\" alt=\"\" width=\"487\" height=\"800\" srcset=\"https:\/\/geschichte-hautnah.de\/www\/wp-content\/uploads\/2020\/06\/Georg_Pfeiffer_v.jpg 487w, https:\/\/geschichte-hautnah.de\/www\/wp-content\/uploads\/2020\/06\/Georg_Pfeiffer_v-183x300.jpg 183w\" sizes=\"auto, (max-width: 487px) 100vw, 487px\" \/><figcaption id=\"caption-attachment-21464\" class=\"wp-caption-text\">Sterbebild von Georg Pfeiffer<\/figcaption><\/figure>\n<figure id=\"attachment_21463\" aria-describedby=\"caption-attachment-21463\" style=\"width: 487px\" class=\"wp-caption aligncenter\"><img loading=\"lazy\" decoding=\"async\" class=\"size-full wp-image-21463\" src=\"https:\/\/geschichte-hautnah.de\/www\/wp-content\/uploads\/2020\/06\/Georg_Pfeiffer_h.jpg\" alt=\"\" width=\"487\" height=\"800\" srcset=\"https:\/\/geschichte-hautnah.de\/www\/wp-content\/uploads\/2020\/06\/Georg_Pfeiffer_h.jpg 487w, https:\/\/geschichte-hautnah.de\/www\/wp-content\/uploads\/2020\/06\/Georg_Pfeiffer_h-183x300.jpg 183w\" sizes=\"auto, (max-width: 487px) 100vw, 487px\" \/><figcaption id=\"caption-attachment-21463\" class=\"wp-caption-text\">R\u00fcckseite des Sterbebildes von Georg Pfeiffer<\/figcaption><\/figure>\n","protected":false},"excerpt":{"rendered":"<p>Der Soldat Georg Pfeiffer stammte aus Morgenbach, heute ein Ortsteil der bayerischen Gemeinde Wildsteig. Laut Sterbebild diente er als Infanterist in der 2. Kompanie des 20. bayerischen Infanterie-Regiments. Die Verlustlisten weisen ihn jedoch als Infanterist bei der 2. Kompanie des Brigade-Ersatz-Bataillon 3 aus. Ich halte die offiziellen Verlustlisten als verl\u00e4sslicher. Georg Pfeiffer fiel am 27.08.1914 [&hellip;]<\/p>\n","protected":false},"author":2,"featured_media":0,"comment_status":"closed","ping_status":"closed","sticky":false,"template":"","format":"standard","meta":{"footnotes":"","_wp_rev_ctl_limit":""},"categories":[2,8,1876,18],"tags":[216,1366,477,4465,33,36,97,92,5998,2547,82,5683],"class_list":["post-21497","post","type-post","status-publish","format-standard","hentry","category-1-weltkrieg","category-sterbebilder","category-frankreich-1-weltkrieg","category-vogesenkampfe","tag-20-bayerisches-infanterie-regiment","tag-bayern","tag-bertrimourtier","tag-brigade-ersatz-bataillon-3","tag-elsass","tag-frankreich","tag-infanterist","tag-massengrab","tag-morgenbach","tag-saulcy-sur-meurthe","tag-vogesen","tag-wildsteig"],"_links":{"self":[{"href":"https:\/\/geschichte-hautnah.de\/www\/index.php?rest_route=\/wp\/v2\/posts\/21497","targetHints":{"allow":["GET"]}}],"collection":[{"href":"https:\/\/geschichte-hautnah.de\/www\/index.php?rest_route=\/wp\/v2\/posts"}],"about":[{"href":"https:\/\/geschichte-hautnah.de\/www\/index.php?rest_route=\/wp\/v2\/types\/post"}],"author":[{"embeddable":true,"href":"https:\/\/geschichte-hautnah.de\/www\/index.php?rest_route=\/wp\/v2\/users\/2"}],"replies":[{"embeddable":true,"href":"https:\/\/geschichte-hautnah.de\/www\/index.php?rest_route=%2Fwp%2Fv2%2Fcomments&post=21497"}],"version-history":[{"count":4,"href":"https:\/\/geschichte-hautnah.de\/www\/index.php?rest_route=\/wp\/v2\/posts\/21497\/revisions"}],"predecessor-version":[{"id":21501,"href":"https:\/\/geschichte-hautnah.de\/www\/index.php?rest_route=\/wp\/v2\/posts\/21497\/revisions\/21501"}],"wp:attachment":[{"href":"https:\/\/geschichte-hautnah.de\/www\/index.php?rest_route=%2Fwp%2Fv2%2Fmedia&parent=21497"}],"wp:term":[{"taxonomy":"category","embeddable":true,"href":"https:\/\/geschichte-hautnah.de\/www\/index.php?rest_route=%2Fwp%2Fv2%2Fcategories&post=21497"},{"taxonomy":"post_tag","embeddable":true,"href":"https:\/\/geschichte-hautnah.de\/www\/index.php?rest_route=%2Fwp%2Fv2%2Ftags&post=21497"}],"curies":[{"name":"wp","href":"https:\/\/api.w.org\/{rel}","templated":true}]}}