{"id":21531,"date":"2024-04-29T00:00:57","date_gmt":"2024-04-28T22:00:57","guid":{"rendered":"https:\/\/geschichte-hautnah.de\/www\/?p=21531"},"modified":"2020-06-27T21:59:26","modified_gmt":"2020-06-27T19:59:26","slug":"21531","status":"publish","type":"post","link":"https:\/\/geschichte-hautnah.de\/www\/?p=21531","title":{"rendered":"Die M\u00e4nner des Ersten Weltkriegs \u2013 Teil 2.173: Franz Schie\u00dfl"},"content":{"rendered":"<p>Der Soldat FranzSchie\u00dfl wurde am 04.08.1893 in Neuaign geboren, heute ein Ortsteil der bayerischen Gemeinde <a href=\"https:\/\/de.wikipedia.org\/wiki\/Eschlkam\" target=\"_blank\" rel=\"noopener noreferrer\">Eschlkam<\/a>, und war der Sohn eines Landwirts. Im Ersten Weltkrieg k\u00e4mpfte er als Infanterist in der 8. Kompanie des 6. bayerischen Reserve-Infanterie-Regiments. Am 30.06.1916 fiel er im Alter von 22 Jahren bei Montauban-de-Picardie w\u00e4hrend der <a href=\"https:\/\/de.wikipedia.org\/wiki\/Schlacht_an_der_Somme\" target=\"_blank\" rel=\"noopener noreferrer\">Schlacht an der Somme<\/a>.<\/p>\n<p>\u00dcber den Todestag von Franz Schie\u00dfl schreibt die Regimentsgeschichte des 6. bayerischen Reserve-Infanterie-Regiments:<\/p>\n<blockquote><p><em>&#8222;Am 30.06.1916 lag st\u00e4rkstes Trommelfeuer auf dem gesamten Regimentsabschnitt von Montauban bis an die Somme s\u00fcdlich Curlu, unsere Fesselballons, diese Augen der Armee, sanken brennend herab, feindliche Flieger, v\u00f6llig unbel\u00e4stight, da unsererseits keine die Luft durchzogen, stie\u00dfen wie Raubv\u00f6gel auf die Grabenbesatzungen herab und beschossen sie aus geringer H\u00f6he. Gasschwaden zogen dicht dem Erdboden entlang. Kein Zweifel f\u00fcr die vordersten Linien \u00fcber ein bevorstehenden Angriff. Die gepanzerte deutsche Hand war seit Beginn des Stellungskrieges gel\u00e4hmt, unf\u00e4hig zu einem Schlag auszuholen. Der Versuch im Februar dieses Jahres bei Verdun erstickte bald in Blut und Schlamm und verzehrte die beste Kraft des Volkes. Die Oberste Heeresleitung sah wohl das im Bereiche der 2. Armee n\u00f6rdlich und s\u00fcdlich der Somme sich anbahnende Ungewitter, aber Verdun belastete zu sehr, um dort wie hier selbst zu neuem Schlage auszuholen. &#8222;Seit 24. Juni fegte ununterbrochen der Orkan feindlichen Vorbereitungsfeuers sieben Tage und N\u00e4chte \u00fcber die d\u00fcnnen Linien des Verteidigers hinweg. Mit einem ungeheueren Munitionsaufwand wurden die vordersten\u00a0 deutschen Stellungen in einen w\u00fcsten Tr\u00fcmmerhaufen verwandelt, die Hindernisse hinweggefegt, die Gr\u00e4ben eingeebnet und die Unterst\u00e4nde durchschlagen oder versch\u00fcttet, die Ann\u00e4herungswege zerst\u00f6rt, alle Fernsprechverbindungen unterbunden, kurz das Stellungegebiet in ein Granattrichtergel\u00e4nde umgestaltet. Die Gegenwirkung der weit unterlegenen deutschen Artillerie wurde immer schw\u00e4cher. Es war wie ein Wunder, dass in diesem nervenersch\u00fctternden Get\u00f6se und unter diesem Geschosshagel sich noch M\u00e4nner fanden, die im Augenblick des feindlichen Infanterieangriffs sich zur Abwehr erhoben&#8220; &#8211; schreibt General der Infanterie <a href=\"https:\/\/de.wikipedia.org\/wiki\/Hermann_von_Kuhl\" target=\"_blank\" rel=\"noopener noreferrer\">von Kuhl<\/a>.&#8220;<\/em><\/p><\/blockquote>\n<p>Offiziell ist f\u00fcr Franz Schie\u00dfl keine Grablage bekannt. Ich vermute jedoch, dass er anonym in einem Massengrab auf dem Soldatenfriedhof <span data-sheets-value=\"{&quot;1&quot;:2,&quot;2&quot;:&quot;Fricourt&quot;}\" data-sheets-userformat=\"{&quot;2&quot;:1049089,&quot;3&quot;:{&quot;1&quot;:0},&quot;12&quot;:0,&quot;23&quot;:1}\" data-sheets-formula=\"=HYPERLINK(&quot;https:\/\/www.google.de\/maps\/place\/80300+Fricourt,+Frankreich\/@49.9962869,2.1583959,9z\/data=!4m5!3m4!1s0x47dd587268b6f759:0x40af13e81620c30!8m2!3d49.9989!4d2.716753&quot;;&quot;Fricourt&quot;)\" data-sheets-hyperlink=\"https:\/\/www.google.de\/maps\/place\/80300+Fricourt,+Frankreich\/@49.9962869,2.1583959,9z\/data=!4m5!3m4!1s0x47dd587268b6f759:0x40af13e81620c30!8m2!3d49.9989!4d2.716753\"><a class=\"in-cell-link\" href=\"https:\/\/www.google.de\/maps\/place\/80300+Fricourt,+Frankreich\/@49.9962869,2.1583959,9z\/data=!4m5!3m4!1s0x47dd587268b6f759:0x40af13e81620c30!8m2!3d49.9989!4d2.716753\" target=\"_blank\" rel=\"noopener noreferrer\">Fricourt<\/a><\/span> beigesetzt wurde, wo auch seine Regimentskameraden begraben wurden, die im gleichen Zeitraum fielen, u. a.<\/p>\n<ul>\n<li><span data-sheets-value=\"{&quot;1&quot;:2,&quot;2&quot;:&quot;Fricourt&quot;}\" data-sheets-userformat=\"{&quot;2&quot;:1049089,&quot;3&quot;:{&quot;1&quot;:0},&quot;12&quot;:0,&quot;23&quot;:1}\" data-sheets-formula=\"=HYPERLINK(&quot;https:\/\/www.google.de\/maps\/place\/80300+Fricourt,+Frankreich\/@49.9962869,2.1583959,9z\/data=!4m5!3m4!1s0x47dd587268b6f759:0x40af13e81620c30!8m2!3d49.9989!4d2.716753&quot;;&quot;Fricourt&quot;)\" data-sheets-hyperlink=\"https:\/\/www.google.de\/maps\/place\/80300+Fricourt,+Frankreich\/@49.9962869,2.1583959,9z\/data=!4m5!3m4!1s0x47dd587268b6f759:0x40af13e81620c30!8m2!3d49.9989!4d2.716753\">Infanterist Michael Dauerer, gefallen am 30.06.1916 bei Montauban, begraben auf dem Soldatenfriedhof <a class=\"in-cell-link\" href=\"https:\/\/www.google.de\/maps\/place\/80300+Fricourt,+Frankreich\/@49.9962869,2.1583959,9z\/data=!4m5!3m4!1s0x47dd587268b6f759:0x40af13e81620c30!8m2!3d49.9989!4d2.716753\" target=\"_blank\" rel=\"noopener noreferrer\">Fricourt<\/a> in einem Massengrab;<\/span><\/li>\n<li><span data-sheets-value=\"{&quot;1&quot;:2,&quot;2&quot;:&quot;Fricourt&quot;}\" data-sheets-userformat=\"{&quot;2&quot;:1049089,&quot;3&quot;:{&quot;1&quot;:0},&quot;12&quot;:0,&quot;23&quot;:1}\" data-sheets-formula=\"=HYPERLINK(&quot;https:\/\/www.google.de\/maps\/place\/80300+Fricourt,+Frankreich\/@49.9962869,2.1583959,9z\/data=!4m5!3m4!1s0x47dd587268b6f759:0x40af13e81620c30!8m2!3d49.9989!4d2.716753&quot;;&quot;Fricourt&quot;)\" data-sheets-hyperlink=\"https:\/\/www.google.de\/maps\/place\/80300+Fricourt,+Frankreich\/@49.9962869,2.1583959,9z\/data=!4m5!3m4!1s0x47dd587268b6f759:0x40af13e81620c30!8m2!3d49.9989!4d2.716753\">Landsturmmann Peter Reichinger, gefallen am 30.06.1916 bei Montauban, begraben auf dem Soldatenfriedhof <a class=\"in-cell-link\" href=\"https:\/\/www.google.de\/maps\/place\/80300+Fricourt,+Frankreich\/@49.9962869,2.1583959,9z\/data=!4m5!3m4!1s0x47dd587268b6f759:0x40af13e81620c30!8m2!3d49.9989!4d2.716753\" target=\"_blank\" rel=\"noopener noreferrer\">Fricourt<\/a> in einem Massengrab;<\/span><\/li>\n<li><span data-sheets-value=\"{&quot;1&quot;:2,&quot;2&quot;:&quot;Fricourt&quot;}\" data-sheets-userformat=\"{&quot;2&quot;:1049089,&quot;3&quot;:{&quot;1&quot;:0},&quot;12&quot;:0,&quot;23&quot;:1}\" data-sheets-formula=\"=HYPERLINK(&quot;https:\/\/www.google.de\/maps\/place\/80300+Fricourt,+Frankreich\/@49.9962869,2.1583959,9z\/data=!4m5!3m4!1s0x47dd587268b6f759:0x40af13e81620c30!8m2!3d49.9989!4d2.716753&quot;;&quot;Fricourt&quot;)\" data-sheets-hyperlink=\"https:\/\/www.google.de\/maps\/place\/80300+Fricourt,+Frankreich\/@49.9962869,2.1583959,9z\/data=!4m5!3m4!1s0x47dd587268b6f759:0x40af13e81620c30!8m2!3d49.9989!4d2.716753\">Infanterist Johann Hiltner, gefallen am 28.06.1916 bei Longueval, begraben auf dem Soldatenfriedhof <a class=\"in-cell-link\" href=\"https:\/\/www.google.de\/maps\/place\/80300+Fricourt,+Frankreich\/@49.9962869,2.1583959,9z\/data=!4m5!3m4!1s0x47dd587268b6f759:0x40af13e81620c30!8m2!3d49.9989!4d2.716753\" target=\"_blank\" rel=\"noopener noreferrer\">Fricourt<\/a> in einem Massengrab;<\/span><\/li>\n<li><span data-sheets-value=\"{&quot;1&quot;:2,&quot;2&quot;:&quot;Fricourt&quot;}\" data-sheets-userformat=\"{&quot;2&quot;:1049089,&quot;3&quot;:{&quot;1&quot;:0},&quot;12&quot;:0,&quot;23&quot;:1}\" data-sheets-formula=\"=HYPERLINK(&quot;https:\/\/www.google.de\/maps\/place\/80300+Fricourt,+Frankreich\/@49.9962869,2.1583959,9z\/data=!4m5!3m4!1s0x47dd587268b6f759:0x40af13e81620c30!8m2!3d49.9989!4d2.716753&quot;;&quot;Fricourt&quot;)\" data-sheets-hyperlink=\"https:\/\/www.google.de\/maps\/place\/80300+Fricourt,+Frankreich\/@49.9962869,2.1583959,9z\/data=!4m5!3m4!1s0x47dd587268b6f759:0x40af13e81620c30!8m2!3d49.9989!4d2.716753\">Infanterist Michael Dauerer, gefallen am 30.06.1916 bei Montauban, begraben auf dem Soldatenfriedhof <a class=\"in-cell-link\" href=\"https:\/\/www.google.de\/maps\/place\/80300+Fricourt,+Frankreich\/@49.9962869,2.1583959,9z\/data=!4m5!3m4!1s0x47dd587268b6f759:0x40af13e81620c30!8m2!3d49.9989!4d2.716753\" target=\"_blank\" rel=\"noopener noreferrer\">Fricourt<\/a> in einem Massengrab.<\/span><\/li>\n<\/ul>\n<p>&nbsp;<\/p>\n<figure id=\"attachment_21460\" aria-describedby=\"caption-attachment-21460\" style=\"width: 800px\" class=\"wp-caption aligncenter\"><img loading=\"lazy\" decoding=\"async\" class=\"size-full wp-image-21460\" src=\"https:\/\/geschichte-hautnah.de\/www\/wp-content\/uploads\/2020\/06\/Anton_und_Franz_Schie\u00dfl_v.jpg\" alt=\"\" width=\"800\" height=\"633\" srcset=\"https:\/\/geschichte-hautnah.de\/www\/wp-content\/uploads\/2020\/06\/Anton_und_Franz_Schie\u00dfl_v.jpg 800w, https:\/\/geschichte-hautnah.de\/www\/wp-content\/uploads\/2020\/06\/Anton_und_Franz_Schie\u00dfl_v-300x237.jpg 300w, https:\/\/geschichte-hautnah.de\/www\/wp-content\/uploads\/2020\/06\/Anton_und_Franz_Schie\u00dfl_v-768x608.jpg 768w\" sizes=\"auto, (max-width: 800px) 100vw, 800px\" \/><figcaption id=\"caption-attachment-21460\" class=\"wp-caption-text\">Sterbebild von Anton und Franz Schie\u00dfl<\/figcaption><\/figure>\n<figure id=\"attachment_21459\" aria-describedby=\"caption-attachment-21459\" style=\"width: 800px\" class=\"wp-caption aligncenter\"><img loading=\"lazy\" decoding=\"async\" class=\"size-full wp-image-21459\" src=\"https:\/\/geschichte-hautnah.de\/www\/wp-content\/uploads\/2020\/06\/Anton_und_Franz_Schie\u00dfl_h.jpg\" alt=\"\" width=\"800\" height=\"633\" srcset=\"https:\/\/geschichte-hautnah.de\/www\/wp-content\/uploads\/2020\/06\/Anton_und_Franz_Schie\u00dfl_h.jpg 800w, https:\/\/geschichte-hautnah.de\/www\/wp-content\/uploads\/2020\/06\/Anton_und_Franz_Schie\u00dfl_h-300x237.jpg 300w, https:\/\/geschichte-hautnah.de\/www\/wp-content\/uploads\/2020\/06\/Anton_und_Franz_Schie\u00dfl_h-768x608.jpg 768w\" sizes=\"auto, (max-width: 800px) 100vw, 800px\" \/><figcaption id=\"caption-attachment-21459\" class=\"wp-caption-text\">R\u00fcckseite des Sterbebildes von Anton und Franz Schie\u00dfl<\/figcaption><\/figure>\n","protected":false},"excerpt":{"rendered":"<p>Der Soldat FranzSchie\u00dfl wurde am 04.08.1893 in Neuaign geboren, heute ein Ortsteil der bayerischen Gemeinde Eschlkam, und war der Sohn eines Landwirts. Im Ersten Weltkrieg k\u00e4mpfte er als Infanterist in der 8. Kompanie des 6. bayerischen Reserve-Infanterie-Regiments. Am 30.06.1916 fiel er im Alter von 22 Jahren bei Montauban-de-Picardie w\u00e4hrend der Schlacht an der Somme. \u00dcber [&hellip;]<\/p>\n","protected":false},"author":2,"featured_media":0,"comment_status":"closed","ping_status":"closed","sticky":false,"template":"","format":"standard","meta":{"footnotes":"","_wp_rev_ctl_limit":""},"categories":[2,8,1876,651],"tags":[1926,302,1057,36,521,97,1335,6004,1091,631,6005],"class_list":["post-21531","post","type-post","status-publish","format-standard","hentry","category-1-weltkrieg","category-sterbebilder","category-frankreich-1-weltkrieg","category-schlacht-an-der-somme","tag-6-bayerisches-reserve-infanterie-regiment","tag-bauerssohn","tag-eschlkam","tag-frankreich","tag-fricourt","tag-infanterist","tag-montauban-de-picardie","tag-neuaign","tag-schlacht-an-der-somme","tag-somme","tag-von-kuhl"],"_links":{"self":[{"href":"https:\/\/geschichte-hautnah.de\/www\/index.php?rest_route=\/wp\/v2\/posts\/21531","targetHints":{"allow":["GET"]}}],"collection":[{"href":"https:\/\/geschichte-hautnah.de\/www\/index.php?rest_route=\/wp\/v2\/posts"}],"about":[{"href":"https:\/\/geschichte-hautnah.de\/www\/index.php?rest_route=\/wp\/v2\/types\/post"}],"author":[{"embeddable":true,"href":"https:\/\/geschichte-hautnah.de\/www\/index.php?rest_route=\/wp\/v2\/users\/2"}],"replies":[{"embeddable":true,"href":"https:\/\/geschichte-hautnah.de\/www\/index.php?rest_route=%2Fwp%2Fv2%2Fcomments&post=21531"}],"version-history":[{"count":8,"href":"https:\/\/geschichte-hautnah.de\/www\/index.php?rest_route=\/wp\/v2\/posts\/21531\/revisions"}],"predecessor-version":[{"id":21539,"href":"https:\/\/geschichte-hautnah.de\/www\/index.php?rest_route=\/wp\/v2\/posts\/21531\/revisions\/21539"}],"wp:attachment":[{"href":"https:\/\/geschichte-hautnah.de\/www\/index.php?rest_route=%2Fwp%2Fv2%2Fmedia&parent=21531"}],"wp:term":[{"taxonomy":"category","embeddable":true,"href":"https:\/\/geschichte-hautnah.de\/www\/index.php?rest_route=%2Fwp%2Fv2%2Fcategories&post=21531"},{"taxonomy":"post_tag","embeddable":true,"href":"https:\/\/geschichte-hautnah.de\/www\/index.php?rest_route=%2Fwp%2Fv2%2Ftags&post=21531"}],"curies":[{"name":"wp","href":"https:\/\/api.w.org\/{rel}","templated":true}]}}