{"id":21677,"date":"2024-05-15T00:00:49","date_gmt":"2024-05-14T22:00:49","guid":{"rendered":"https:\/\/geschichte-hautnah.de\/www\/?p=21677"},"modified":"2020-07-14T11:17:48","modified_gmt":"2020-07-14T09:17:48","slug":"die-maenner-des-ersten-weltkriegs-teil-2-189-dr-eduard-kasel","status":"publish","type":"post","link":"https:\/\/geschichte-hautnah.de\/www\/?p=21677","title":{"rendered":"Die M\u00e4nner des Ersten Weltkriegs \u2013 Teil 2.189: Dr. Eduard Rasel"},"content":{"rendered":"<p>Der Soldat Dr. Eduard Rasel wurde am 20.10.1883 geboren und lebte in <a href=\"https:\/\/de.wikipedia.org\/wiki\/Schnaittenbach\" target=\"_blank\" rel=\"noopener noreferrer\">Schnaittenbach<\/a> in Bayern. Im Ersten Weltkrieg diente er als Unteroffizier im 19. bayerischen Infanterie-Regiment. Am 18.03.1916 wurde er w\u00e4hrend der Schlacht um Verdun im Wald von Apremont bei Saint-Mihiel schwer verwundet und am 30.03.1916 verstarb er im Alter von 32 Jahren an seiner Verwundung.<\/p>\n<p>\u00dcber den Tag seiner schweren Verwundung schreibt die Regimentsgeschichte des 19. bayerischen Infanterie-Regiments:<\/p>\n<blockquote><p><em>&#8222;Seit 17.03. nahmen die feindlichen Feuer\u00fcberf\u00e4lle auf die r\u00fcckw\u00e4rtigen Verbindungen an Zahl und St\u00e4rke zu. Aber auch unsere Artillerie, die bisher anscheinend mit Munition sparen musste, wurde ab 23.03. endlich wieder lebhafter, was freudig begr\u00fc\u00dft wurde.&#8220;<\/em><\/p><\/blockquote>\n<p><span data-sheets-value=\"{&quot;1&quot;:2,&quot;2&quot;:&quot;St. Mihiel&quot;}\" data-sheets-userformat=\"{&quot;2&quot;:1049089,&quot;3&quot;:{&quot;1&quot;:0},&quot;12&quot;:0,&quot;23&quot;:1}\" data-sheets-formula=\"=HYPERLINK(&quot;https:\/\/www.google.de\/maps\/place\/55300+Saint-Mihiel,+Frankreich\/@48.8941646,5.5395164,13z\/data=!3m1!4b1!4m5!3m4!1s0x47eb477101fbe843:0x40a5fb99a3ad0a0!8m2!3d48.88855!4d5.541657&quot;;&quot;St. Mihiel&quot;)\" data-sheets-hyperlink=\"https:\/\/www.google.de\/maps\/place\/55300+Saint-Mihiel,+Frankreich\/@48.8941646,5.5395164,13z\/data=!3m1!4b1!4m5!3m4!1s0x47eb477101fbe843:0x40a5fb99a3ad0a0!8m2!3d48.88855!4d5.541657\">Man begrub Dr. Eduard Rasel auf dem Soldatenfriedhof <a class=\"in-cell-link\" href=\"https:\/\/www.google.de\/maps\/place\/55300+Saint-Mihiel,+Frankreich\/@48.8941646,5.5395164,13z\/data=!3m1!4b1!4m5!3m4!1s0x47eb477101fbe843:0x40a5fb99a3ad0a0!8m2!3d48.88855!4d5.541657\" target=\"_blank\" rel=\"noopener noreferrer\">St. Mihiel<\/a> in Block 2, Grab 42.<\/span><\/p>\n<figure id=\"attachment_21607\" aria-describedby=\"caption-attachment-21607\" style=\"width: 486px\" class=\"wp-caption aligncenter\"><img loading=\"lazy\" decoding=\"async\" class=\"size-full wp-image-21607\" src=\"https:\/\/geschichte-hautnah.de\/www\/wp-content\/uploads\/2020\/07\/Eduard_Kasel_v.jpg\" alt=\"\" width=\"486\" height=\"800\" srcset=\"https:\/\/geschichte-hautnah.de\/www\/wp-content\/uploads\/2020\/07\/Eduard_Kasel_v.jpg 486w, https:\/\/geschichte-hautnah.de\/www\/wp-content\/uploads\/2020\/07\/Eduard_Kasel_v-182x300.jpg 182w\" sizes=\"auto, (max-width: 486px) 100vw, 486px\" \/><figcaption id=\"caption-attachment-21607\" class=\"wp-caption-text\">Sterbebild von Dr. Eduard Rasel<\/figcaption><\/figure>\n<figure id=\"attachment_21606\" aria-describedby=\"caption-attachment-21606\" style=\"width: 486px\" class=\"wp-caption aligncenter\"><img loading=\"lazy\" decoding=\"async\" class=\"size-full wp-image-21606\" src=\"https:\/\/geschichte-hautnah.de\/www\/wp-content\/uploads\/2020\/07\/Eduard_Kasel_h.jpg\" alt=\"\" width=\"486\" height=\"800\" srcset=\"https:\/\/geschichte-hautnah.de\/www\/wp-content\/uploads\/2020\/07\/Eduard_Kasel_h.jpg 486w, https:\/\/geschichte-hautnah.de\/www\/wp-content\/uploads\/2020\/07\/Eduard_Kasel_h-182x300.jpg 182w\" sizes=\"auto, (max-width: 486px) 100vw, 486px\" \/><figcaption id=\"caption-attachment-21606\" class=\"wp-caption-text\">R\u00fcckseite des Sterbebildes von Dr. Eduard Rasel<\/figcaption><\/figure>\n","protected":false},"excerpt":{"rendered":"<p>Der Soldat Dr. Eduard Rasel wurde am 20.10.1883 geboren und lebte in Schnaittenbach in Bayern. Im Ersten Weltkrieg diente er als Unteroffizier im 19. bayerischen Infanterie-Regiment. Am 18.03.1916 wurde er w\u00e4hrend der Schlacht um Verdun im Wald von Apremont bei Saint-Mihiel schwer verwundet und am 30.03.1916 verstarb er im Alter von 32 Jahren an seiner [&hellip;]<\/p>\n","protected":false},"author":2,"featured_media":0,"comment_status":"closed","ping_status":"closed","sticky":false,"template":"","format":"standard","meta":{"footnotes":"","_wp_rev_ctl_limit":""},"categories":[2,8,1876,16],"tags":[1190,5809,1366,6042,36,1087,899,626,771,101,1517],"class_list":["post-21677","post","type-post","status-publish","format-standard","hentry","category-1-weltkrieg","category-sterbebilder","category-frankreich-1-weltkrieg","category-verdun","tag-19-bayerisches-infanterie-regiment","tag-apremont-la-foret","tag-bayern","tag-doktor","tag-frankreich","tag-regimentsgeschichte","tag-saint-mihiel","tag-schnaittenbach","tag-schwere-verwundung","tag-unteroffizier","tag-wald-von-apremont"],"_links":{"self":[{"href":"https:\/\/geschichte-hautnah.de\/www\/index.php?rest_route=\/wp\/v2\/posts\/21677","targetHints":{"allow":["GET"]}}],"collection":[{"href":"https:\/\/geschichte-hautnah.de\/www\/index.php?rest_route=\/wp\/v2\/posts"}],"about":[{"href":"https:\/\/geschichte-hautnah.de\/www\/index.php?rest_route=\/wp\/v2\/types\/post"}],"author":[{"embeddable":true,"href":"https:\/\/geschichte-hautnah.de\/www\/index.php?rest_route=\/wp\/v2\/users\/2"}],"replies":[{"embeddable":true,"href":"https:\/\/geschichte-hautnah.de\/www\/index.php?rest_route=%2Fwp%2Fv2%2Fcomments&post=21677"}],"version-history":[{"count":5,"href":"https:\/\/geschichte-hautnah.de\/www\/index.php?rest_route=\/wp\/v2\/posts\/21677\/revisions"}],"predecessor-version":[{"id":21682,"href":"https:\/\/geschichte-hautnah.de\/www\/index.php?rest_route=\/wp\/v2\/posts\/21677\/revisions\/21682"}],"wp:attachment":[{"href":"https:\/\/geschichte-hautnah.de\/www\/index.php?rest_route=%2Fwp%2Fv2%2Fmedia&parent=21677"}],"wp:term":[{"taxonomy":"category","embeddable":true,"href":"https:\/\/geschichte-hautnah.de\/www\/index.php?rest_route=%2Fwp%2Fv2%2Fcategories&post=21677"},{"taxonomy":"post_tag","embeddable":true,"href":"https:\/\/geschichte-hautnah.de\/www\/index.php?rest_route=%2Fwp%2Fv2%2Ftags&post=21677"}],"curies":[{"name":"wp","href":"https:\/\/api.w.org\/{rel}","templated":true}]}}