{"id":21683,"date":"2024-05-17T00:00:48","date_gmt":"2024-05-16T22:00:48","guid":{"rendered":"https:\/\/geschichte-hautnah.de\/www\/?p=21683"},"modified":"2020-07-14T14:51:11","modified_gmt":"2020-07-14T12:51:11","slug":"die-maenner-des-ersten-weltkriegs-teil-2-191-mathias-lauer","status":"publish","type":"post","link":"https:\/\/geschichte-hautnah.de\/www\/?p=21683","title":{"rendered":"Die M\u00e4nner des Ersten Weltkriegs \u2013 Teil 2.191: Peter Mathias Lauer"},"content":{"rendered":"<p>Der Soldat Peter Mathias Lauer wurde am 28.02.1892 in Saarwellingen geboren. Im Ersten Weltkrieg wurde er zum Unteroffizier bef\u00f6rdert und mit dem Eisernen Kreuz 2. Klasse ausgezeichnet.\u00a0 Am 23.08.1917 starb er nach einem Ungl\u00fcck im Alter von 25 Jahren im Lazarett V\u00f6lklingen.<\/p>\n<p>Grablage und Regimentszugeh\u00f6rigkeit waren nicht zu ermitteln.<\/p>\n<figure id=\"attachment_21621\" aria-describedby=\"caption-attachment-21621\" style=\"width: 513px\" class=\"wp-caption aligncenter\"><img loading=\"lazy\" decoding=\"async\" class=\"size-full wp-image-21621\" src=\"https:\/\/geschichte-hautnah.de\/www\/wp-content\/uploads\/2020\/07\/Peter_Mathias_Lauer_v.jpg\" alt=\"\" width=\"513\" height=\"800\" srcset=\"https:\/\/geschichte-hautnah.de\/www\/wp-content\/uploads\/2020\/07\/Peter_Mathias_Lauer_v.jpg 513w, https:\/\/geschichte-hautnah.de\/www\/wp-content\/uploads\/2020\/07\/Peter_Mathias_Lauer_v-192x300.jpg 192w\" sizes=\"auto, (max-width: 513px) 100vw, 513px\" \/><figcaption id=\"caption-attachment-21621\" class=\"wp-caption-text\">Sterbebild von Peter Mathias Lauer<\/figcaption><\/figure>\n<figure id=\"attachment_21620\" aria-describedby=\"caption-attachment-21620\" style=\"width: 513px\" class=\"wp-caption aligncenter\"><img loading=\"lazy\" decoding=\"async\" class=\"size-full wp-image-21620\" src=\"https:\/\/geschichte-hautnah.de\/www\/wp-content\/uploads\/2020\/07\/Peter_Mathias_Lauer_h.jpg\" alt=\"\" width=\"513\" height=\"800\" srcset=\"https:\/\/geschichte-hautnah.de\/www\/wp-content\/uploads\/2020\/07\/Peter_Mathias_Lauer_h.jpg 513w, https:\/\/geschichte-hautnah.de\/www\/wp-content\/uploads\/2020\/07\/Peter_Mathias_Lauer_h-192x300.jpg 192w\" sizes=\"auto, (max-width: 513px) 100vw, 513px\" \/><figcaption id=\"caption-attachment-21620\" class=\"wp-caption-text\">R\u00fcckseite des Sterbebildes von Peter Mathias Lauer<\/figcaption><\/figure>\n<p>&nbsp;<\/p>\n","protected":false},"excerpt":{"rendered":"<p>Der Soldat Peter Mathias Lauer wurde am 28.02.1892 in Saarwellingen geboren. Im Ersten Weltkrieg wurde er zum Unteroffizier bef\u00f6rdert und mit dem Eisernen Kreuz 2. Klasse ausgezeichnet.\u00a0 Am 23.08.1917 starb er nach einem Ungl\u00fcck im Alter von 25 Jahren im Lazarett V\u00f6lklingen. Grablage und Regimentszugeh\u00f6rigkeit waren nicht zu ermitteln. &nbsp;<\/p>\n","protected":false},"author":2,"featured_media":0,"comment_status":"closed","ping_status":"closed","sticky":false,"template":"","format":"standard","meta":{"footnotes":"","_wp_rev_ctl_limit":""},"categories":[2,8],"tags":[112,6043,3675,1268,101],"class_list":["post-21683","post","type-post","status-publish","format-standard","hentry","category-1-weltkrieg","category-sterbebilder","tag-eisernes-kreuz-2-klasse","tag-lazarett-voelklingen","tag-saarwellingen","tag-unglueck","tag-unteroffizier"],"_links":{"self":[{"href":"https:\/\/geschichte-hautnah.de\/www\/index.php?rest_route=\/wp\/v2\/posts\/21683","targetHints":{"allow":["GET"]}}],"collection":[{"href":"https:\/\/geschichte-hautnah.de\/www\/index.php?rest_route=\/wp\/v2\/posts"}],"about":[{"href":"https:\/\/geschichte-hautnah.de\/www\/index.php?rest_route=\/wp\/v2\/types\/post"}],"author":[{"embeddable":true,"href":"https:\/\/geschichte-hautnah.de\/www\/index.php?rest_route=\/wp\/v2\/users\/2"}],"replies":[{"embeddable":true,"href":"https:\/\/geschichte-hautnah.de\/www\/index.php?rest_route=%2Fwp%2Fv2%2Fcomments&post=21683"}],"version-history":[{"count":3,"href":"https:\/\/geschichte-hautnah.de\/www\/index.php?rest_route=\/wp\/v2\/posts\/21683\/revisions"}],"predecessor-version":[{"id":21686,"href":"https:\/\/geschichte-hautnah.de\/www\/index.php?rest_route=\/wp\/v2\/posts\/21683\/revisions\/21686"}],"wp:attachment":[{"href":"https:\/\/geschichte-hautnah.de\/www\/index.php?rest_route=%2Fwp%2Fv2%2Fmedia&parent=21683"}],"wp:term":[{"taxonomy":"category","embeddable":true,"href":"https:\/\/geschichte-hautnah.de\/www\/index.php?rest_route=%2Fwp%2Fv2%2Fcategories&post=21683"},{"taxonomy":"post_tag","embeddable":true,"href":"https:\/\/geschichte-hautnah.de\/www\/index.php?rest_route=%2Fwp%2Fv2%2Ftags&post=21683"}],"curies":[{"name":"wp","href":"https:\/\/api.w.org\/{rel}","templated":true}]}}