{"id":2177,"date":"2017-11-20T06:00:29","date_gmt":"2017-11-20T05:00:29","guid":{"rendered":"http:\/\/geschichte-hautnah.de\/www\/?p=2177"},"modified":"2018-08-03T16:10:58","modified_gmt":"2018-08-03T14:10:58","slug":"die-maenner-des-ersten-weltkriegs-teil-95-anton-haydn","status":"publish","type":"post","link":"https:\/\/geschichte-hautnah.de\/www\/?p=2177","title":{"rendered":"Die M\u00e4nner des Ersten Weltkriegs \u2013 Teil 96: Anton Haydn"},"content":{"rendered":"<p>Anton Haydn stammte aus <span data-sheets-value=\"{&quot;1&quot;:2,&quot;2&quot;:&quot;Wegscheid, Niederbayern&quot;}\" data-sheets-userformat=\"{&quot;2&quot;:513,&quot;3&quot;:[null,0],&quot;12&quot;:0}\"><a href=\"https:\/\/de.wikipedia.org\/wiki\/Wegscheid\" target=\"_blank\" rel=\"noopener\">Wegscheid<\/a>, Niederbayern. Er diente im Ersten Weltkrieg als Unteroffizier (der Volksbund und die offiziellen Verlustlisten geben Gefreiter als Dienstgrad an) im 2. bayerischen Reserve-Pionier-Bataillon. Am 20.03.1915 fiel er w\u00e4hrend der Vogesenk\u00e4mpfe am <a href=\"http:\/\/geschichte-hautnah.de\/www\/?page_id=2361\" target=\"_blank\" rel=\"noopener\">Reichsackerkopf<\/a> durch Artilleriebeschuss. Er war einj\u00e4hriger Kriegsfreiwilliger.<\/span><\/p>\n<p>Begraben wurde Anton Haydn auf dem Soldatenfriedhof in <a href=\"https:\/\/www.google.de\/maps\/place\/Breitenbach,+68380+Breitenbach-Haut-Rhin,+Frankreich\/@48.0202285,7.0930262,15z\/data=!3m1!4b1!4m5!3m4!1s0x4793d9df63ce1aa9:0xf04597fa7d67181d!8m2!3d48.020215!4d7.101781\" target=\"_blank\" rel=\"noopener\">Breitenbach<\/a>, <span data-sheets-value=\"{&quot;1&quot;:2,&quot;2&quot;:&quot;Block 2 Grab 88&quot;}\" data-sheets-userformat=\"{&quot;2&quot;:513,&quot;3&quot;:[null,0],&quot;12&quot;:0}\">Block 2 Grab 88.<\/span><\/p>\n<p><a href=\"http:\/\/geschichte-hautnah.de\/www\/wp-content\/uploads\/2017\/11\/Anton_Haydn_v.jpeg\"><img loading=\"lazy\" decoding=\"async\" class=\"aligncenter size-full wp-image-2178\" src=\"http:\/\/geschichte-hautnah.de\/www\/wp-content\/uploads\/2017\/11\/Anton_Haydn_v.jpeg\" alt=\"\" width=\"600\" height=\"467\" srcset=\"https:\/\/geschichte-hautnah.de\/www\/wp-content\/uploads\/2017\/11\/Anton_Haydn_v.jpeg 600w, https:\/\/geschichte-hautnah.de\/www\/wp-content\/uploads\/2017\/11\/Anton_Haydn_v-300x234.jpeg 300w\" sizes=\"auto, (max-width: 600px) 100vw, 600px\" \/><\/a><\/p>\n<p><a href=\"http:\/\/geschichte-hautnah.de\/www\/wp-content\/uploads\/2017\/11\/Anton_Haydn_h.jpeg\"><img loading=\"lazy\" decoding=\"async\" class=\"aligncenter size-full wp-image-2179\" src=\"http:\/\/geschichte-hautnah.de\/www\/wp-content\/uploads\/2017\/11\/Anton_Haydn_h.jpeg\" alt=\"\" width=\"600\" height=\"467\" srcset=\"https:\/\/geschichte-hautnah.de\/www\/wp-content\/uploads\/2017\/11\/Anton_Haydn_h.jpeg 600w, https:\/\/geschichte-hautnah.de\/www\/wp-content\/uploads\/2017\/11\/Anton_Haydn_h-300x234.jpeg 300w\" sizes=\"auto, (max-width: 600px) 100vw, 600px\" \/><\/a><\/p>\n","protected":false},"excerpt":{"rendered":"<p>Anton Haydn stammte aus Wegscheid, Niederbayern. Er diente im Ersten Weltkrieg als Unteroffizier (der Volksbund und die offiziellen Verlustlisten geben Gefreiter als Dienstgrad an) im 2. bayerischen Reserve-Pionier-Bataillon. Am 20.03.1915 fiel er w\u00e4hrend der Vogesenk\u00e4mpfe am Reichsackerkopf durch Artilleriebeschuss. Er war einj\u00e4hriger Kriegsfreiwilliger. Begraben wurde Anton Haydn auf dem Soldatenfriedhof in Breitenbach, Block 2 Grab [&hellip;]<\/p>\n","protected":false},"author":2,"featured_media":0,"comment_status":"closed","ping_status":"closed","sticky":false,"template":"","format":"standard","meta":{"footnotes":"","_wp_rev_ctl_limit":""},"categories":[2,8,18],"tags":[100,105,88,33,153,104,103,102,101,281,82,106],"class_list":["post-2177","post","type-post","status-publish","format-standard","hentry","category-1-weltkrieg","category-sterbebilder","category-vogesenkampfe","tag-2-bayerisches-reserve-pionier-bataillon","tag-artillerietreffer","tag-breitenbach","tag-elsass","tag-gefreiter","tag-kriegsfreiwilliger","tag-muenster","tag-reichsackerkopf","tag-unteroffizier","tag-verlustlisten","tag-vogesen","tag-wegscheid"],"_links":{"self":[{"href":"https:\/\/geschichte-hautnah.de\/www\/index.php?rest_route=\/wp\/v2\/posts\/2177","targetHints":{"allow":["GET"]}}],"collection":[{"href":"https:\/\/geschichte-hautnah.de\/www\/index.php?rest_route=\/wp\/v2\/posts"}],"about":[{"href":"https:\/\/geschichte-hautnah.de\/www\/index.php?rest_route=\/wp\/v2\/types\/post"}],"author":[{"embeddable":true,"href":"https:\/\/geschichte-hautnah.de\/www\/index.php?rest_route=\/wp\/v2\/users\/2"}],"replies":[{"embeddable":true,"href":"https:\/\/geschichte-hautnah.de\/www\/index.php?rest_route=%2Fwp%2Fv2%2Fcomments&post=2177"}],"version-history":[{"count":5,"href":"https:\/\/geschichte-hautnah.de\/www\/index.php?rest_route=\/wp\/v2\/posts\/2177\/revisions"}],"predecessor-version":[{"id":3672,"href":"https:\/\/geschichte-hautnah.de\/www\/index.php?rest_route=\/wp\/v2\/posts\/2177\/revisions\/3672"}],"wp:attachment":[{"href":"https:\/\/geschichte-hautnah.de\/www\/index.php?rest_route=%2Fwp%2Fv2%2Fmedia&parent=2177"}],"wp:term":[{"taxonomy":"category","embeddable":true,"href":"https:\/\/geschichte-hautnah.de\/www\/index.php?rest_route=%2Fwp%2Fv2%2Fcategories&post=2177"},{"taxonomy":"post_tag","embeddable":true,"href":"https:\/\/geschichte-hautnah.de\/www\/index.php?rest_route=%2Fwp%2Fv2%2Ftags&post=2177"}],"curies":[{"name":"wp","href":"https:\/\/api.w.org\/{rel}","templated":true}]}}