{"id":21795,"date":"2024-05-29T00:00:41","date_gmt":"2024-05-28T22:00:41","guid":{"rendered":"https:\/\/geschichte-hautnah.de\/www\/?p=21795"},"modified":"2020-07-18T15:13:48","modified_gmt":"2020-07-18T13:13:48","slug":"die-maenner-des-ersten-weltkriegs-teil-2-203-joseph-sigg","status":"publish","type":"post","link":"https:\/\/geschichte-hautnah.de\/www\/?p=21795","title":{"rendered":"Die M\u00e4nner des Ersten Weltkriegs \u2013 Teil 2.203: Joseph Sigg"},"content":{"rendered":"<p>Der Soldat Joseph Sigg wurde am 24.05.1894 in <a href=\"https:\/\/de.wikipedia.org\/wiki\/Klosterbeuren\" target=\"_blank\" rel=\"noopener noreferrer\">Klosterbeuren<\/a> als Sohn eines M\u00fchlbesitzers geboren, heute ein Ortsteil der bayerischen Gemeinde <a href=\"https:\/\/de.wikipedia.org\/wiki\/Babenhausen_(Schwaben)\" target=\"_blank\" rel=\"noopener noreferrer\">Babenhausen<\/a>. Im Ersten Weltkrieg k\u00e4mpfte er als Unteroffizier in der 1. Kompanie des 24. bayerischen Infanterie-Regiments. Er wurde mit dem Eisernen Kreuz 2. Klasse und mit dem Verdienstkreuz mit Schwertern ausgezeichnet. Am 24.03.1917 verstarb er im Alter von 23 Jahren nach einem Bauchschuss in einem Feldlazarett in Frankreich. Diese in der damaligen Zeit (Antibiotika war noch nicht entdeckt) meist t\u00f6dliche Verletzung erhielt er w\u00e4hrend der Stellungsk\u00e4mpfe im Wald von Apremont und Ailly in der N\u00e4he des Camp des Romains (R\u00f6merlager) am &#8222;Kuhkopf&#8220;.<\/p>\n<p>Man begrub Joseph Sigg auf dem Soldatenfriedhof <span data-sheets-value=\"{&quot;1&quot;:2,&quot;2&quot;:&quot;Thiaucourt-Regni\u00e9ville&quot;}\" data-sheets-userformat=\"{&quot;2&quot;:1049089,&quot;3&quot;:{&quot;1&quot;:0},&quot;12&quot;:0,&quot;23&quot;:1}\" data-sheets-formula=\"=HYPERLINK(&quot;https:\/\/de.wikipedia.org\/wiki\/Thiaucourt-Regni\u00e9ville&quot;;&quot;Thiaucourt-Regni\u00e9ville&quot;)\" data-sheets-hyperlink=\"https:\/\/de.wikipedia.org\/wiki\/Thiaucourt-Regni\u00e9ville\"><a class=\"in-cell-link\" href=\"https:\/\/de.wikipedia.org\/wiki\/Thiaucourt-Regni\u00e9ville\" target=\"_blank\" rel=\"noopener noreferrer\">Thiaucourt-Regni\u00e9ville<\/a><\/span> in Block 19, Grab 110.<\/p>\n<figure id=\"attachment_21797\" aria-describedby=\"caption-attachment-21797\" style=\"width: 800px\" class=\"wp-caption aligncenter\"><img loading=\"lazy\" decoding=\"async\" class=\"wp-image-21797 size-full\" src=\"https:\/\/geschichte-hautnah.de\/www\/wp-content\/uploads\/2020\/07\/Joseph_Sigg_v.jpg\" alt=\"\" width=\"800\" height=\"635\" srcset=\"https:\/\/geschichte-hautnah.de\/www\/wp-content\/uploads\/2020\/07\/Joseph_Sigg_v.jpg 800w, https:\/\/geschichte-hautnah.de\/www\/wp-content\/uploads\/2020\/07\/Joseph_Sigg_v-300x238.jpg 300w, https:\/\/geschichte-hautnah.de\/www\/wp-content\/uploads\/2020\/07\/Joseph_Sigg_v-768x610.jpg 768w\" sizes=\"auto, (max-width: 800px) 100vw, 800px\" \/><figcaption id=\"caption-attachment-21797\" class=\"wp-caption-text\">Sterbebild von Joseph Sigg<\/figcaption><\/figure>\n<figure id=\"attachment_21796\" aria-describedby=\"caption-attachment-21796\" style=\"width: 800px\" class=\"wp-caption aligncenter\"><img loading=\"lazy\" decoding=\"async\" class=\"size-full wp-image-21796\" src=\"https:\/\/geschichte-hautnah.de\/www\/wp-content\/uploads\/2020\/07\/Joseph_Sigg_h.jpg\" alt=\"\" width=\"800\" height=\"635\" srcset=\"https:\/\/geschichte-hautnah.de\/www\/wp-content\/uploads\/2020\/07\/Joseph_Sigg_h.jpg 800w, https:\/\/geschichte-hautnah.de\/www\/wp-content\/uploads\/2020\/07\/Joseph_Sigg_h-300x238.jpg 300w, https:\/\/geschichte-hautnah.de\/www\/wp-content\/uploads\/2020\/07\/Joseph_Sigg_h-768x610.jpg 768w\" sizes=\"auto, (max-width: 800px) 100vw, 800px\" \/><figcaption id=\"caption-attachment-21796\" class=\"wp-caption-text\">R\u00fcckseite des Sterbebildes von Joseph Sigg<\/figcaption><\/figure>\n","protected":false},"excerpt":{"rendered":"<p>Der Soldat Joseph Sigg wurde am 24.05.1894 in Klosterbeuren als Sohn eines M\u00fchlbesitzers geboren, heute ein Ortsteil der bayerischen Gemeinde Babenhausen. Im Ersten Weltkrieg k\u00e4mpfte er als Unteroffizier in der 1. Kompanie des 24. bayerischen Infanterie-Regiments. Er wurde mit dem Eisernen Kreuz 2. Klasse und mit dem Verdienstkreuz mit Schwertern ausgezeichnet. Am 24.03.1917 verstarb er [&hellip;]<\/p>\n","protected":false},"author":2,"featured_media":0,"comment_status":"closed","ping_status":"closed","sticky":false,"template":"","format":"standard","meta":{"footnotes":"","_wp_rev_ctl_limit":""},"categories":[2,8,1876,16],"tags":[1318,1110,6081,761,1366,1112,5886,112,193,36,6080,5699,101,982,1517],"class_list":["post-21795","post","type-post","status-publish","format-standard","hentry","category-1-weltkrieg","category-sterbebilder","category-frankreich-1-weltkrieg","category-verdun","tag-24-bayerisches-infanterie-regiment","tag-ailly-wald","tag-babenhausen","tag-bauchschuss","tag-bayern","tag-bois-dailly","tag-camp-des-romains","tag-eisernes-kreuz-2-klasse","tag-feldlazarett","tag-frankreich","tag-klosterbeuren","tag-kuhkopf","tag-unteroffizier","tag-verdienstkreuz-mit-schwertern","tag-wald-von-apremont"],"_links":{"self":[{"href":"https:\/\/geschichte-hautnah.de\/www\/index.php?rest_route=\/wp\/v2\/posts\/21795","targetHints":{"allow":["GET"]}}],"collection":[{"href":"https:\/\/geschichte-hautnah.de\/www\/index.php?rest_route=\/wp\/v2\/posts"}],"about":[{"href":"https:\/\/geschichte-hautnah.de\/www\/index.php?rest_route=\/wp\/v2\/types\/post"}],"author":[{"embeddable":true,"href":"https:\/\/geschichte-hautnah.de\/www\/index.php?rest_route=\/wp\/v2\/users\/2"}],"replies":[{"embeddable":true,"href":"https:\/\/geschichte-hautnah.de\/www\/index.php?rest_route=%2Fwp%2Fv2%2Fcomments&post=21795"}],"version-history":[{"count":6,"href":"https:\/\/geschichte-hautnah.de\/www\/index.php?rest_route=\/wp\/v2\/posts\/21795\/revisions"}],"predecessor-version":[{"id":21803,"href":"https:\/\/geschichte-hautnah.de\/www\/index.php?rest_route=\/wp\/v2\/posts\/21795\/revisions\/21803"}],"wp:attachment":[{"href":"https:\/\/geschichte-hautnah.de\/www\/index.php?rest_route=%2Fwp%2Fv2%2Fmedia&parent=21795"}],"wp:term":[{"taxonomy":"category","embeddable":true,"href":"https:\/\/geschichte-hautnah.de\/www\/index.php?rest_route=%2Fwp%2Fv2%2Fcategories&post=21795"},{"taxonomy":"post_tag","embeddable":true,"href":"https:\/\/geschichte-hautnah.de\/www\/index.php?rest_route=%2Fwp%2Fv2%2Ftags&post=21795"}],"curies":[{"name":"wp","href":"https:\/\/api.w.org\/{rel}","templated":true}]}}