{"id":21916,"date":"2024-06-14T00:00:29","date_gmt":"2024-06-13T22:00:29","guid":{"rendered":"https:\/\/geschichte-hautnah.de\/www\/?p=21916"},"modified":"2020-07-29T07:23:28","modified_gmt":"2020-07-29T05:23:28","slug":"die-maenner-des-zweiten-weltkriegs-teil-2-218-nikolaus-bayrhof","status":"publish","type":"post","link":"https:\/\/geschichte-hautnah.de\/www\/?p=21916","title":{"rendered":"Die M\u00e4nner des Zweiten Weltkriegs \u2013 Teil 2.218: Karl Mitterhumer (Pater Maurus)"},"content":{"rendered":"<p>Der Soldat Karl Mitterhumer wurde am 18.05.1914 in Wartberg geboren. Er war Benedikner-Pater im Kloster <a href=\"https:\/\/de.wikipedia.org\/wiki\/Kremsm%C3%BCnster\" target=\"_blank\" rel=\"noopener noreferrer\">Kremsm\u00fcnster<\/a>. Im Zweiten Weltkrieg diente er als Sanit\u00e4ts-Unteroffizier (laut Volksbund war er Obergefreiter) in der Wehrmacht. Er wurde mit dem Kriegsverdienstkreuz 2. Klasse und mit der Ostmedaille ausgezeichnet. Am 17.02.1945 fiel er im Alter von 30 Jahren bei den Abwehrk\u00e4mpfen in Hardenberg (polnisch: Twarda G\u00f3ra) in Westpreu\u00dfen. Er war vier Jahre Priester gewesen.<\/p>\n<p>Man begrub Karl Mitterhumer auf einem Friedhof bei <a href=\"https:\/\/goo.gl\/maps\/xtc9u4xLZK4X2NBA7\" target=\"_blank\" rel=\"noopener noreferrer\">Twarda G\u00f3ra<\/a> im heutigen Polen.<\/p>\n<p>Vermutlich sein Bruder, Wilhelm Mitterhumert, fiel etwa ein Jahr zuvor: <a href=\"http:\/\/www.denkmalprojekt.org\/2013\/tz_mittenhuber-wilhelm_wk2.html\" target=\"_blank\" rel=\"noopener noreferrer\">http:\/\/www.denkmalprojekt.org\/2013\/tz_mittenhuber-wilhelm_wk2.html<\/a><\/p>\n<figure id=\"attachment_21925\" aria-describedby=\"caption-attachment-21925\" style=\"width: 524px\" class=\"wp-caption aligncenter\"><img loading=\"lazy\" decoding=\"async\" class=\"size-full wp-image-21925\" src=\"https:\/\/geschichte-hautnah.de\/www\/wp-content\/uploads\/2024\/06\/Karl_Mitterhumer_v.jpg\" alt=\"\" width=\"524\" height=\"800\" srcset=\"https:\/\/geschichte-hautnah.de\/www\/wp-content\/uploads\/2024\/06\/Karl_Mitterhumer_v.jpg 524w, https:\/\/geschichte-hautnah.de\/www\/wp-content\/uploads\/2024\/06\/Karl_Mitterhumer_v-197x300.jpg 197w\" sizes=\"auto, (max-width: 524px) 100vw, 524px\" \/><figcaption id=\"caption-attachment-21925\" class=\"wp-caption-text\">Sterbebild von Karl Mitterhumer<\/figcaption><\/figure>\n<figure id=\"attachment_21924\" aria-describedby=\"caption-attachment-21924\" style=\"width: 524px\" class=\"wp-caption aligncenter\"><img loading=\"lazy\" decoding=\"async\" class=\"size-full wp-image-21924\" src=\"https:\/\/geschichte-hautnah.de\/www\/wp-content\/uploads\/2024\/06\/Karl_Mitterhumer_h.jpg\" alt=\"\" width=\"524\" height=\"800\" srcset=\"https:\/\/geschichte-hautnah.de\/www\/wp-content\/uploads\/2024\/06\/Karl_Mitterhumer_h.jpg 524w, https:\/\/geschichte-hautnah.de\/www\/wp-content\/uploads\/2024\/06\/Karl_Mitterhumer_h-197x300.jpg 197w\" sizes=\"auto, (max-width: 524px) 100vw, 524px\" \/><figcaption id=\"caption-attachment-21924\" class=\"wp-caption-text\">R\u00fcckseite des Sterbebildes von Karl Mitterhumer<\/figcaption><\/figure>\n","protected":false},"excerpt":{"rendered":"<p>Der Soldat Karl Mitterhumer wurde am 18.05.1914 in Wartberg geboren. Er war Benedikner-Pater im Kloster Kremsm\u00fcnster. Im Zweiten Weltkrieg diente er als Sanit\u00e4ts-Unteroffizier (laut Volksbund war er Obergefreiter) in der Wehrmacht. Er wurde mit dem Kriegsverdienstkreuz 2. Klasse und mit der Ostmedaille ausgezeichnet. Am 17.02.1945 fiel er im Alter von 30 Jahren bei den Abwehrk\u00e4mpfen [&hellip;]<\/p>\n","protected":false},"author":2,"featured_media":0,"comment_status":"closed","ping_status":"closed","sticky":false,"template":"","format":"standard","meta":{"footnotes":"","_wp_rev_ctl_limit":""},"categories":[3,788],"tags":[4757,353,328,6114,6111,6112,172,991,1643,4397,2017,3971,410,6115,83,6116,816,6113],"class_list":["post-21916","post","type-post","status-publish","format-standard","hentry","category-2-weltkrieg","category-ostfront","tag-abwehrkaempfe","tag-benediktiner","tag-brueder","tag-hardenberg","tag-kremsmuenster","tag-kriegsverdienstkreuz-2-klasse","tag-obergefreiter","tag-ostfront","tag-ostmedaille","tag-pater","tag-polen","tag-priester","tag-sanitaets-unteroffizier","tag-twarda-gora","tag-volksbund","tag-wartberg","tag-wehrmacht","tag-westpreussen"],"_links":{"self":[{"href":"https:\/\/geschichte-hautnah.de\/www\/index.php?rest_route=\/wp\/v2\/posts\/21916","targetHints":{"allow":["GET"]}}],"collection":[{"href":"https:\/\/geschichte-hautnah.de\/www\/index.php?rest_route=\/wp\/v2\/posts"}],"about":[{"href":"https:\/\/geschichte-hautnah.de\/www\/index.php?rest_route=\/wp\/v2\/types\/post"}],"author":[{"embeddable":true,"href":"https:\/\/geschichte-hautnah.de\/www\/index.php?rest_route=\/wp\/v2\/users\/2"}],"replies":[{"embeddable":true,"href":"https:\/\/geschichte-hautnah.de\/www\/index.php?rest_route=%2Fwp%2Fv2%2Fcomments&post=21916"}],"version-history":[{"count":9,"href":"https:\/\/geschichte-hautnah.de\/www\/index.php?rest_route=\/wp\/v2\/posts\/21916\/revisions"}],"predecessor-version":[{"id":21938,"href":"https:\/\/geschichte-hautnah.de\/www\/index.php?rest_route=\/wp\/v2\/posts\/21916\/revisions\/21938"}],"wp:attachment":[{"href":"https:\/\/geschichte-hautnah.de\/www\/index.php?rest_route=%2Fwp%2Fv2%2Fmedia&parent=21916"}],"wp:term":[{"taxonomy":"category","embeddable":true,"href":"https:\/\/geschichte-hautnah.de\/www\/index.php?rest_route=%2Fwp%2Fv2%2Fcategories&post=21916"},{"taxonomy":"post_tag","embeddable":true,"href":"https:\/\/geschichte-hautnah.de\/www\/index.php?rest_route=%2Fwp%2Fv2%2Ftags&post=21916"}],"curies":[{"name":"wp","href":"https:\/\/api.w.org\/{rel}","templated":true}]}}