{"id":21939,"date":"2024-06-15T00:00:42","date_gmt":"2024-06-14T22:00:42","guid":{"rendered":"https:\/\/geschichte-hautnah.de\/www\/?p=21939"},"modified":"2020-07-29T07:51:23","modified_gmt":"2020-07-29T05:51:23","slug":"die-maenner-des-ersten-weltkriegs-teil-2-219-martin-stadler","status":"publish","type":"post","link":"https:\/\/geschichte-hautnah.de\/www\/?p=21939","title":{"rendered":"Die M\u00e4nner des Ersten Weltkriegs \u2013 Teil 2.219: Martin Stadler"},"content":{"rendered":"<p>Der Soldat Martin Stadler stammte aus <a href=\"https:\/\/de.wikipedia.org\/wiki\/Arnstorf\" target=\"_blank\" rel=\"noopener noreferrer\">Arnstorf<\/a> und war der Sohn eines B\u00e4ckermeisters. Er lebte zuletzt in <a href=\"https:\/\/de.wikipedia.org\/wiki\/Tittling\" target=\"_blank\" rel=\"noopener noreferrer\">Tittling<\/a>. Im Ersten Weltkrieg diente er als Unteroffizier und Korporalschaftsf\u00fchrer in der Maschinengewehr-Kompanie des 3. bayerischen Reserve-Infanterie-Regiments. Am 15.05.1915 fiel er w\u00e4hrend der Schlacht bei La Bass\u00e9e und Arras im Alter von 25 Jahren bei Roclincourt.<\/p>\n<p><span data-sheets-value=\"{&quot;1&quot;:2,&quot;2&quot;:&quot;St.-Laurent-Blangy&quot;}\" data-sheets-userformat=\"{&quot;2&quot;:1049089,&quot;3&quot;:{&quot;1&quot;:0},&quot;12&quot;:0,&quot;23&quot;:1}\" data-sheets-formula=\"=HYPERLINK(&quot;https:\/\/www.google.de\/maps\/place\/Saint-Laurent-Blangy,+Frankreich\/@50.3097961,2.7378821,12z\/data=!4m5!3m4!1s0x47dd482673f41e11:0x40af13e8163d6a0!8m2!3d50.300542!4d2.801689&quot;;&quot;St.-Laurent-Blangy&quot;)\" data-sheets-hyperlink=\"https:\/\/www.google.de\/maps\/place\/Saint-Laurent-Blangy,+Frankreich\/@50.3097961,2.7378821,12z\/data=!4m5!3m4!1s0x47dd482673f41e11:0x40af13e8163d6a0!8m2!3d50.300542!4d2.801689\">Man begrub Martin Stadler zun\u00e4chst auf einem provisorischen Friedhof bei Oppi. Sp\u00e4ter wurden seine Gebeine auf den gro\u00dfen Soldatenfriedhof Soldatenfriedhof <a class=\"in-cell-link\" href=\"https:\/\/www.google.de\/maps\/place\/Saint-Laurent-Blangy,+Frankreich\/@50.3097961,2.7378821,12z\/data=!4m5!3m4!1s0x47dd482673f41e11:0x40af13e8163d6a0!8m2!3d50.300542!4d2.801689\" target=\"_blank\" rel=\"noopener noreferrer\">St.-Laurent-Blangy<\/a> in ein Massengrab umgebettet.<\/span><\/p>\n<figure id=\"attachment_21937\" aria-describedby=\"caption-attachment-21937\" style=\"width: 395px\" class=\"wp-caption aligncenter\"><img loading=\"lazy\" decoding=\"async\" class=\"size-full wp-image-21937\" src=\"https:\/\/geschichte-hautnah.de\/www\/wp-content\/uploads\/2020\/07\/Martin_Stadler_v.jpg\" alt=\"\" width=\"395\" height=\"800\" srcset=\"https:\/\/geschichte-hautnah.de\/www\/wp-content\/uploads\/2020\/07\/Martin_Stadler_v.jpg 395w, https:\/\/geschichte-hautnah.de\/www\/wp-content\/uploads\/2020\/07\/Martin_Stadler_v-148x300.jpg 148w\" sizes=\"auto, (max-width: 395px) 100vw, 395px\" \/><figcaption id=\"caption-attachment-21937\" class=\"wp-caption-text\">Sterbebild von Martin Stadler<\/figcaption><\/figure>\n<figure id=\"attachment_21936\" aria-describedby=\"caption-attachment-21936\" style=\"width: 395px\" class=\"wp-caption aligncenter\"><img loading=\"lazy\" decoding=\"async\" class=\"size-full wp-image-21936\" src=\"https:\/\/geschichte-hautnah.de\/www\/wp-content\/uploads\/2020\/07\/Martin_Stadler_h.jpg\" alt=\"\" width=\"395\" height=\"800\" srcset=\"https:\/\/geschichte-hautnah.de\/www\/wp-content\/uploads\/2020\/07\/Martin_Stadler_h.jpg 395w, https:\/\/geschichte-hautnah.de\/www\/wp-content\/uploads\/2020\/07\/Martin_Stadler_h-148x300.jpg 148w\" sizes=\"auto, (max-width: 395px) 100vw, 395px\" \/><figcaption id=\"caption-attachment-21936\" class=\"wp-caption-text\">R\u00fcckseite des Sterbebildes von Martin Stadler<\/figcaption><\/figure>\n","protected":false},"excerpt":{"rendered":"<p>Der Soldat Martin Stadler stammte aus Arnstorf und war der Sohn eines B\u00e4ckermeisters. Er lebte zuletzt in Tittling. Im Ersten Weltkrieg diente er als Unteroffizier und Korporalschaftsf\u00fchrer in der Maschinengewehr-Kompanie des 3. bayerischen Reserve-Infanterie-Regiments. Am 15.05.1915 fiel er w\u00e4hrend der Schlacht bei La Bass\u00e9e und Arras im Alter von 25 Jahren bei Roclincourt. Man begrub [&hellip;]<\/p>\n","protected":false},"author":2,"featured_media":0,"comment_status":"closed","ping_status":"closed","sticky":false,"template":"","format":"standard","meta":{"footnotes":"","_wp_rev_ctl_limit":""},"categories":[2,448,8,1876],"tags":[712,4818,449,793,1366,36,6117,3145,92,3833,6118,457,2148,2646,101],"class_list":["post-21939","post","type-post","status-publish","format-standard","hentry","category-1-weltkrieg","category-arras","category-sterbebilder","category-frankreich-1-weltkrieg","tag-3-bayerisches-reserve-infanterie-regiment","tag-arnstorf","tag-arras","tag-baeckermeisterssohn","tag-bayern","tag-frankreich","tag-korporalschaftsfuehrer","tag-la-bassee","tag-massengrab","tag-oppi","tag-rolincourt","tag-st-laurent-blangy","tag-tittling","tag-umbettung","tag-unteroffizier"],"_links":{"self":[{"href":"https:\/\/geschichte-hautnah.de\/www\/index.php?rest_route=\/wp\/v2\/posts\/21939","targetHints":{"allow":["GET"]}}],"collection":[{"href":"https:\/\/geschichte-hautnah.de\/www\/index.php?rest_route=\/wp\/v2\/posts"}],"about":[{"href":"https:\/\/geschichte-hautnah.de\/www\/index.php?rest_route=\/wp\/v2\/types\/post"}],"author":[{"embeddable":true,"href":"https:\/\/geschichte-hautnah.de\/www\/index.php?rest_route=\/wp\/v2\/users\/2"}],"replies":[{"embeddable":true,"href":"https:\/\/geschichte-hautnah.de\/www\/index.php?rest_route=%2Fwp%2Fv2%2Fcomments&post=21939"}],"version-history":[{"count":4,"href":"https:\/\/geschichte-hautnah.de\/www\/index.php?rest_route=\/wp\/v2\/posts\/21939\/revisions"}],"predecessor-version":[{"id":21943,"href":"https:\/\/geschichte-hautnah.de\/www\/index.php?rest_route=\/wp\/v2\/posts\/21939\/revisions\/21943"}],"wp:attachment":[{"href":"https:\/\/geschichte-hautnah.de\/www\/index.php?rest_route=%2Fwp%2Fv2%2Fmedia&parent=21939"}],"wp:term":[{"taxonomy":"category","embeddable":true,"href":"https:\/\/geschichte-hautnah.de\/www\/index.php?rest_route=%2Fwp%2Fv2%2Fcategories&post=21939"},{"taxonomy":"post_tag","embeddable":true,"href":"https:\/\/geschichte-hautnah.de\/www\/index.php?rest_route=%2Fwp%2Fv2%2Ftags&post=21939"}],"curies":[{"name":"wp","href":"https:\/\/api.w.org\/{rel}","templated":true}]}}