{"id":22264,"date":"2024-07-18T00:00:25","date_gmt":"2024-07-17T22:00:25","guid":{"rendered":"https:\/\/geschichte-hautnah.de\/www\/?p=22264"},"modified":"2020-08-04T18:42:21","modified_gmt":"2020-08-04T16:42:21","slug":"die-maenner-des-ersten-weltkriegs-teil-2-252-georg-heiss","status":"publish","type":"post","link":"https:\/\/geschichte-hautnah.de\/www\/?p=22264","title":{"rendered":"Die M\u00e4nner des Ersten Weltkriegs \u2013 Teil 2.252: Rupert Hipp"},"content":{"rendered":"<p>Der Soldat Rupert Hipp wurde am 22.02.1880 in Linden, heute ein Ortsteil der bayerischen Gemeinde <a href=\"https:\/\/de.wikipedia.org\/wiki\/Wildsteig\" target=\"_blank\" rel=\"noopener noreferrer\">Wildsteig<\/a>, als Sohn eines Landwirts geboren. Im Ersten Weltkrieg diente er in der 11. Kompanie des 12. bayerischen Reserve-Infanterie-Regiments. Am 25.08.1916 fiel er im Alter von 36 Jahren w\u00e4hrend der Schlacht an der Somme bau <a href=\"https:\/\/de.wikipedia.org\/wiki\/Maurepas_(Somme)\" target=\"_blank\" rel=\"noopener noreferrer\">Maurepas<\/a>.<\/p>\n<p>\u00dcber den Todestag und die Todesumst\u00e4nde von Rupert Hipp schreibt die Regimentsgeschichte des 12. bayerischen Reserve-Infanterie-Regiments:<\/p>\n<blockquote><p><em>&#8222;Im Laufe des 25.08.1916 machte sich der Einsatz von Gardetruppen f\u00fchlbar, die in gl\u00e4nzender Verfassung das Schlachtfeld betraten, auf dem unser Regiment, zerschossen und zerm\u00fcrbt, 13 Tage und N\u00e4chte schon lag, mit starken Verlusten und Kompaniest\u00e4rken zuletzt von durchschnittlich 40 Gewehren; es hatte unter den schwersten Verh\u00e4ltnissen seine letzte Kraft hergegeben.<\/em><\/p>\n<p><em>In den Vormittagsstunden r\u00fcckte die 9. und 10. des Kaiser Alexander Garde-Grenadier-Regiments Nr. 1 zur Verst\u00e4rkung unseres I. Bataillons in die Le Forest-Stellung, deren Halten laut Brigadebefehl die Hauptaufgabe des Tages war und die au\u00dferdem noch mit der <span style=\"color: #ff0000;\"><strong>11. Kompanie<\/strong><\/span> besetzt blieb, w\u00e4hrend 9. und 12. im rechten Nebenabschnitt lagen. Hier bestand Anschluss mit Reserve-Infanterie-Regiment 7, nach links nur Augenverbindung mit dem vorw\u00e4rts gestaffelten Nebenabschnitt der 1. Garde-Division. Mit Ausnahme der 3. Kompanie konnte I.\/R. 12 gegen Abend in die R 1-Stellung abr\u00fccken, wo auch die Reste von II.\/R. 12 lagen.<\/em><\/p>\n<p><em>Durch die Ereignisse der Nacht vorher, den Einsatz der Garde, der sich am hellen Tag vollzog, und die Abl\u00f6sung wurde die Vermischung der Verb\u00e4nde unvermeidlich. Rechnet man hinzu noch die n\u00e4chtlichen Verpflegungs- und Munitionstrupps, die sich mit den taktischen Verb\u00e4nden auf dem Vor- und R\u00fcckmarsch kreuzten, die feindliche Feuerwirkung, so ist es verst\u00e4ndlich, dass die II. Stellung nicht so l\u00fcckenlos besetzt war, die Kompanien in sich nicht so geordnet und geschlossen, wie es die st\u00e4ndige Gefechtsbereitschaft bei der N\u00e4he des Feindes erfordert h\u00e4tte. Doch dieser war zu sehr mit sich selbst besch\u00e4ftigt.<\/em><\/p>\n<p><em>Im Laufe des 25. wurde dem Regiment das II. Bataillon der Elisabether unterstellt und tags\u00fcber in der R 1-Stellung, 8. Kompanie in Rancourt, untergebracht. Es erhielt gegen 9 Uhr abends den befehl, mit 3 Kompanien eine neue Linie rechterr Fl\u00fcgel an Stra\u00dfe Le Forest &#8211; Maurepas, linker am Hohlweg s\u00fcd\u00f6stlich Maurepas etwa 600 Meter vor der II. Stellung anzulegen, die 8. Kompanie eine Riegelstellung im Anschluss an den rechten Fl\u00fcgel des links vorw\u00e4rts liegenden 4. Garde-Regiments zu Fu\u00df. Es wurde Mitternacht, als die Elisabether hierzu abr\u00fcckten. Der unerm\u00fcdliche F\u00fchrer des II. Bataillons, Hauptmann Sch\u00e4fer stellte sich pers\u00f6nlich f\u00fcr das zweckm\u00e4\u00dfige Vorf\u00fchren und die Einweisung der Garde an Ort und Stelle zur Verf\u00fcgung, die gegen 4 Uhr vormittags kampflos den befohlenen Abschnitt erreichte und sich eingrub.&#8220;<\/em><\/p><\/blockquote>\n<p>Offiziell ist die Lage des Grabes von Rupert Hipp unbekannt. Ich bin mir jedoch sicher, dass er, wenn seine Gebeine geborgen wurden, auf dem Soldatenfriedhof <span data-sheets-value=\"{&quot;1&quot;:2,&quot;2&quot;:&quot;Rancourt&quot;}\" data-sheets-userformat=\"{&quot;2&quot;:1049089,&quot;3&quot;:{&quot;1&quot;:0},&quot;12&quot;:0,&quot;23&quot;:1}\" data-sheets-formula=\"=HYPERLINK(&quot;https:\/\/www.google.de\/maps\/place\/88270+Rancourt,+Frankreich\/@48.2185028,5.8299851,10z\/data=!4m5!3m4!1s0x47931521b1c642c7:0x40a5fb99a377750!8m2!3d48.221741!4d6.107191&quot;;&quot;Rancourt&quot;)\" data-sheets-hyperlink=\"https:\/\/www.google.de\/maps\/place\/88270+Rancourt,+Frankreich\/@48.2185028,5.8299851,10z\/data=!4m5!3m4!1s0x47931521b1c642c7:0x40a5fb99a377750!8m2!3d48.221741!4d6.107191\"><a class=\"in-cell-link\" href=\"https:\/\/www.google.de\/maps\/place\/88270+Rancourt,+Frankreich\/@48.2185028,5.8299851,10z\/data=!4m5!3m4!1s0x47931521b1c642c7:0x40a5fb99a377750!8m2!3d48.221741!4d6.107191\" target=\"_blank\" rel=\"noopener noreferrer\">Rancourt<\/a> in einem Massengrab begraben wurde, wo auch seine Kameraden aus der 11. Kompanie beigesetzt wurden, die am gleichen Tag fielen, u. a.<\/span><\/p>\n<ul>\n<li>Infanterist Georg Limbacher, gefallen am 25.08.1916 bei Maurepas, begraben auf dem Soldatenfriedhof <span data-sheets-value=\"{&quot;1&quot;:2,&quot;2&quot;:&quot;Rancourt&quot;}\" data-sheets-userformat=\"{&quot;2&quot;:1049089,&quot;3&quot;:{&quot;1&quot;:0},&quot;12&quot;:0,&quot;23&quot;:1}\" data-sheets-formula=\"=HYPERLINK(&quot;https:\/\/www.google.de\/maps\/place\/88270+Rancourt,+Frankreich\/@48.2185028,5.8299851,10z\/data=!4m5!3m4!1s0x47931521b1c642c7:0x40a5fb99a377750!8m2!3d48.221741!4d6.107191&quot;;&quot;Rancourt&quot;)\" data-sheets-hyperlink=\"https:\/\/www.google.de\/maps\/place\/88270+Rancourt,+Frankreich\/@48.2185028,5.8299851,10z\/data=!4m5!3m4!1s0x47931521b1c642c7:0x40a5fb99a377750!8m2!3d48.221741!4d6.107191\"><a class=\"in-cell-link\" href=\"https:\/\/www.google.de\/maps\/place\/88270+Rancourt,+Frankreich\/@48.2185028,5.8299851,10z\/data=!4m5!3m4!1s0x47931521b1c642c7:0x40a5fb99a377750!8m2!3d48.221741!4d6.107191\" target=\"_blank\" rel=\"noopener noreferrer\">Rancourt<\/a><\/span> in einem Massengrab;<\/li>\n<li>Unteroffizier Friedrich Kaiser, gefallen am 25.08.1916 bei Maurepas, begraben auf dem Soldatenfriedhof <span data-sheets-value=\"{&quot;1&quot;:2,&quot;2&quot;:&quot;Rancourt&quot;}\" data-sheets-userformat=\"{&quot;2&quot;:1049089,&quot;3&quot;:{&quot;1&quot;:0},&quot;12&quot;:0,&quot;23&quot;:1}\" data-sheets-formula=\"=HYPERLINK(&quot;https:\/\/www.google.de\/maps\/place\/88270+Rancourt,+Frankreich\/@48.2185028,5.8299851,10z\/data=!4m5!3m4!1s0x47931521b1c642c7:0x40a5fb99a377750!8m2!3d48.221741!4d6.107191&quot;;&quot;Rancourt&quot;)\" data-sheets-hyperlink=\"https:\/\/www.google.de\/maps\/place\/88270+Rancourt,+Frankreich\/@48.2185028,5.8299851,10z\/data=!4m5!3m4!1s0x47931521b1c642c7:0x40a5fb99a377750!8m2!3d48.221741!4d6.107191\"><a class=\"in-cell-link\" href=\"https:\/\/www.google.de\/maps\/place\/88270+Rancourt,+Frankreich\/@48.2185028,5.8299851,10z\/data=!4m5!3m4!1s0x47931521b1c642c7:0x40a5fb99a377750!8m2!3d48.221741!4d6.107191\" target=\"_blank\" rel=\"noopener noreferrer\">Rancourt<\/a><\/span> in einem Massengrab;<\/li>\n<li>Infanterist Joseph Bachmeier, gefallen am 25.08.1916 bei Maurepas, begraben auf dem Soldatenfriedhof <span data-sheets-value=\"{&quot;1&quot;:2,&quot;2&quot;:&quot;Rancourt&quot;}\" data-sheets-userformat=\"{&quot;2&quot;:1049089,&quot;3&quot;:{&quot;1&quot;:0},&quot;12&quot;:0,&quot;23&quot;:1}\" data-sheets-formula=\"=HYPERLINK(&quot;https:\/\/www.google.de\/maps\/place\/88270+Rancourt,+Frankreich\/@48.2185028,5.8299851,10z\/data=!4m5!3m4!1s0x47931521b1c642c7:0x40a5fb99a377750!8m2!3d48.221741!4d6.107191&quot;;&quot;Rancourt&quot;)\" data-sheets-hyperlink=\"https:\/\/www.google.de\/maps\/place\/88270+Rancourt,+Frankreich\/@48.2185028,5.8299851,10z\/data=!4m5!3m4!1s0x47931521b1c642c7:0x40a5fb99a377750!8m2!3d48.221741!4d6.107191\"><a class=\"in-cell-link\" href=\"https:\/\/www.google.de\/maps\/place\/88270+Rancourt,+Frankreich\/@48.2185028,5.8299851,10z\/data=!4m5!3m4!1s0x47931521b1c642c7:0x40a5fb99a377750!8m2!3d48.221741!4d6.107191\" target=\"_blank\" rel=\"noopener noreferrer\">Rancourt<\/a><\/span> in einem Massengrab;<\/li>\n<li>Infanterist Konrad Georg Danner, gefallen am 25.08.1916 bei Maurepas, begraben auf dem Soldatenfriedhof <span data-sheets-value=\"{&quot;1&quot;:2,&quot;2&quot;:&quot;Rancourt&quot;}\" data-sheets-userformat=\"{&quot;2&quot;:1049089,&quot;3&quot;:{&quot;1&quot;:0},&quot;12&quot;:0,&quot;23&quot;:1}\" data-sheets-formula=\"=HYPERLINK(&quot;https:\/\/www.google.de\/maps\/place\/88270+Rancourt,+Frankreich\/@48.2185028,5.8299851,10z\/data=!4m5!3m4!1s0x47931521b1c642c7:0x40a5fb99a377750!8m2!3d48.221741!4d6.107191&quot;;&quot;Rancourt&quot;)\" data-sheets-hyperlink=\"https:\/\/www.google.de\/maps\/place\/88270+Rancourt,+Frankreich\/@48.2185028,5.8299851,10z\/data=!4m5!3m4!1s0x47931521b1c642c7:0x40a5fb99a377750!8m2!3d48.221741!4d6.107191\"><a class=\"in-cell-link\" href=\"https:\/\/www.google.de\/maps\/place\/88270+Rancourt,+Frankreich\/@48.2185028,5.8299851,10z\/data=!4m5!3m4!1s0x47931521b1c642c7:0x40a5fb99a377750!8m2!3d48.221741!4d6.107191\" target=\"_blank\" rel=\"noopener noreferrer\">Rancourt<\/a><\/span> in einem Massengrab.<\/li>\n<\/ul>\n<p>&nbsp;<\/p>\n<figure id=\"attachment_22268\" aria-describedby=\"caption-attachment-22268\" style=\"width: 800px\" class=\"wp-caption aligncenter\"><img loading=\"lazy\" decoding=\"async\" class=\"size-full wp-image-22268\" src=\"https:\/\/geschichte-hautnah.de\/www\/wp-content\/uploads\/2020\/08\/Rupert_Hipp_v.jpg\" alt=\"\" width=\"800\" height=\"603\" srcset=\"https:\/\/geschichte-hautnah.de\/www\/wp-content\/uploads\/2020\/08\/Rupert_Hipp_v.jpg 800w, https:\/\/geschichte-hautnah.de\/www\/wp-content\/uploads\/2020\/08\/Rupert_Hipp_v-300x226.jpg 300w, https:\/\/geschichte-hautnah.de\/www\/wp-content\/uploads\/2020\/08\/Rupert_Hipp_v-768x579.jpg 768w\" sizes=\"auto, (max-width: 800px) 100vw, 800px\" \/><figcaption id=\"caption-attachment-22268\" class=\"wp-caption-text\">Sterbebild von Rupert Hipp<\/figcaption><\/figure>\n<figure id=\"attachment_22267\" aria-describedby=\"caption-attachment-22267\" style=\"width: 800px\" class=\"wp-caption aligncenter\"><img loading=\"lazy\" decoding=\"async\" class=\"size-full wp-image-22267\" src=\"https:\/\/geschichte-hautnah.de\/www\/wp-content\/uploads\/2020\/08\/Rupert_hipp_h.jpg\" alt=\"\" width=\"800\" height=\"603\" srcset=\"https:\/\/geschichte-hautnah.de\/www\/wp-content\/uploads\/2020\/08\/Rupert_hipp_h.jpg 800w, https:\/\/geschichte-hautnah.de\/www\/wp-content\/uploads\/2020\/08\/Rupert_hipp_h-300x226.jpg 300w, https:\/\/geschichte-hautnah.de\/www\/wp-content\/uploads\/2020\/08\/Rupert_hipp_h-768x579.jpg 768w\" sizes=\"auto, (max-width: 800px) 100vw, 800px\" \/><figcaption id=\"caption-attachment-22267\" class=\"wp-caption-text\">R\u00fcckseite des Sterbebildes von Rupert Hipp<\/figcaption><\/figure>\n","protected":false},"excerpt":{"rendered":"<p>Der Soldat Rupert Hipp wurde am 22.02.1880 in Linden, heute ein Ortsteil der bayerischen Gemeinde Wildsteig, als Sohn eines Landwirts geboren. Im Ersten Weltkrieg diente er in der 11. Kompanie des 12. bayerischen Reserve-Infanterie-Regiments. Am 25.08.1916 fiel er im Alter von 36 Jahren w\u00e4hrend der Schlacht an der Somme bau Maurepas. \u00dcber den Todestag und [&hellip;]<\/p>\n","protected":false},"author":2,"featured_media":0,"comment_status":"closed","ping_status":"closed","sticky":false,"template":"","format":"standard","meta":{"footnotes":"","_wp_rev_ctl_limit":""},"categories":[2,8,1876,651],"tags":[1187,302,1366,36,1457,2254,325,1091,99,5683],"class_list":["post-22264","post","type-post","status-publish","format-standard","hentry","category-1-weltkrieg","category-sterbebilder","category-frankreich-1-weltkrieg","category-schlacht-an-der-somme","tag-12-bayerisches-reserve-infanterie-regiment","tag-bauerssohn","tag-bayern","tag-frankreich","tag-linden","tag-maurepas","tag-rancourt","tag-schlacht-an-der-somme","tag-unbekannte-grablage","tag-wildsteig"],"_links":{"self":[{"href":"https:\/\/geschichte-hautnah.de\/www\/index.php?rest_route=\/wp\/v2\/posts\/22264","targetHints":{"allow":["GET"]}}],"collection":[{"href":"https:\/\/geschichte-hautnah.de\/www\/index.php?rest_route=\/wp\/v2\/posts"}],"about":[{"href":"https:\/\/geschichte-hautnah.de\/www\/index.php?rest_route=\/wp\/v2\/types\/post"}],"author":[{"embeddable":true,"href":"https:\/\/geschichte-hautnah.de\/www\/index.php?rest_route=\/wp\/v2\/users\/2"}],"replies":[{"embeddable":true,"href":"https:\/\/geschichte-hautnah.de\/www\/index.php?rest_route=%2Fwp%2Fv2%2Fcomments&post=22264"}],"version-history":[{"count":9,"href":"https:\/\/geschichte-hautnah.de\/www\/index.php?rest_route=\/wp\/v2\/posts\/22264\/revisions"}],"predecessor-version":[{"id":22275,"href":"https:\/\/geschichte-hautnah.de\/www\/index.php?rest_route=\/wp\/v2\/posts\/22264\/revisions\/22275"}],"wp:attachment":[{"href":"https:\/\/geschichte-hautnah.de\/www\/index.php?rest_route=%2Fwp%2Fv2%2Fmedia&parent=22264"}],"wp:term":[{"taxonomy":"category","embeddable":true,"href":"https:\/\/geschichte-hautnah.de\/www\/index.php?rest_route=%2Fwp%2Fv2%2Fcategories&post=22264"},{"taxonomy":"post_tag","embeddable":true,"href":"https:\/\/geschichte-hautnah.de\/www\/index.php?rest_route=%2Fwp%2Fv2%2Ftags&post=22264"}],"curies":[{"name":"wp","href":"https:\/\/api.w.org\/{rel}","templated":true}]}}