{"id":22312,"date":"2024-07-23T00:00:25","date_gmt":"2024-07-22T22:00:25","guid":{"rendered":"https:\/\/geschichte-hautnah.de\/www\/?p=22312"},"modified":"2020-08-06T21:30:24","modified_gmt":"2020-08-06T19:30:24","slug":"die-maenner-des-ersten-weltkriegs-teil-2-257-josepf-hilburger","status":"publish","type":"post","link":"https:\/\/geschichte-hautnah.de\/www\/?p=22312","title":{"rendered":"Die M\u00e4nner des Ersten Weltkriegs \u2013 Teil 2.257: Josef Hilburger"},"content":{"rendered":"<p>Der Soldat Josef Hilburger stammte aus der bayerischen Stadt <a href=\"https:\/\/de.wikipedia.org\/wiki\/Pressath\" target=\"_blank\" rel=\"noopener noreferrer\">Pressath<\/a> und war k\u00f6niglicher Forstassistent in <a href=\"https:\/\/de.wikipedia.org\/wiki\/Flossenb%C3%BCrg\" target=\"_blank\" rel=\"noopener noreferrer\">Flossenb\u00fcrg<\/a>. Im Ersten Weltkrieg k\u00e4mpfte er als Offizier-Stellvertreter in der 10. Kompanie des 21. bayerischen Infanterie-Regiments. Er wurde mit dem Eisernen Kreuz 2. Klasse ausgezeichnet. Am 07.05.1915 fiel er im Alter von 33 Jahren bei den fr\u00fchen K\u00e4mpfen vor Verdun bei Mihiel.<\/p>\n<p><span data-sheets-value=\"{&quot;1&quot;:2,&quot;2&quot;:&quot;St. Mihiel&quot;}\" data-sheets-userformat=\"{&quot;2&quot;:1049089,&quot;3&quot;:{&quot;1&quot;:0},&quot;12&quot;:0,&quot;23&quot;:1}\" data-sheets-formula=\"=HYPERLINK(&quot;https:\/\/www.google.de\/maps\/place\/55300+Saint-Mihiel,+Frankreich\/@48.8941646,5.5395164,13z\/data=!3m1!4b1!4m5!3m4!1s0x47eb477101fbe843:0x40a5fb99a3ad0a0!8m2!3d48.88855!4d5.541657&quot;;&quot;St. Mihiel&quot;)\" data-sheets-hyperlink=\"https:\/\/www.google.de\/maps\/place\/55300+Saint-Mihiel,+Frankreich\/@48.8941646,5.5395164,13z\/data=!3m1!4b1!4m5!3m4!1s0x47eb477101fbe843:0x40a5fb99a3ad0a0!8m2!3d48.88855!4d5.541657\">Man begrub Josef Hilburger auf dem Soldatenfriedhof <a class=\"in-cell-link\" href=\"https:\/\/www.google.de\/maps\/place\/55300+Saint-Mihiel,+Frankreich\/@48.8941646,5.5395164,13z\/data=!3m1!4b1!4m5!3m4!1s0x47eb477101fbe843:0x40a5fb99a3ad0a0!8m2!3d48.88855!4d5.541657\" target=\"_blank\" rel=\"noopener noreferrer\">St. Mihiel<\/a><\/span> in Block 4, Grab 512.<\/p>\n<figure id=\"attachment_22303\" aria-describedby=\"caption-attachment-22303\" style=\"width: 800px\" class=\"wp-caption aligncenter\"><img loading=\"lazy\" decoding=\"async\" class=\"size-full wp-image-22303\" src=\"https:\/\/geschichte-hautnah.de\/www\/wp-content\/uploads\/2020\/08\/Josef_Hilberger_v.jpg\" alt=\"\" width=\"800\" height=\"553\" srcset=\"https:\/\/geschichte-hautnah.de\/www\/wp-content\/uploads\/2020\/08\/Josef_Hilberger_v.jpg 800w, https:\/\/geschichte-hautnah.de\/www\/wp-content\/uploads\/2020\/08\/Josef_Hilberger_v-300x207.jpg 300w, https:\/\/geschichte-hautnah.de\/www\/wp-content\/uploads\/2020\/08\/Josef_Hilberger_v-768x531.jpg 768w\" sizes=\"auto, (max-width: 800px) 100vw, 800px\" \/><figcaption id=\"caption-attachment-22303\" class=\"wp-caption-text\">Sterbebild von Josef Hilburger<\/figcaption><\/figure>\n<figure id=\"attachment_22302\" aria-describedby=\"caption-attachment-22302\" style=\"width: 800px\" class=\"wp-caption aligncenter\"><img loading=\"lazy\" decoding=\"async\" class=\"size-full wp-image-22302\" src=\"https:\/\/geschichte-hautnah.de\/www\/wp-content\/uploads\/2020\/08\/Josef_Hilberger_h.jpg\" alt=\"\" width=\"800\" height=\"553\" srcset=\"https:\/\/geschichte-hautnah.de\/www\/wp-content\/uploads\/2020\/08\/Josef_Hilberger_h.jpg 800w, https:\/\/geschichte-hautnah.de\/www\/wp-content\/uploads\/2020\/08\/Josef_Hilberger_h-300x207.jpg 300w, https:\/\/geschichte-hautnah.de\/www\/wp-content\/uploads\/2020\/08\/Josef_Hilberger_h-768x531.jpg 768w\" sizes=\"auto, (max-width: 800px) 100vw, 800px\" \/><figcaption id=\"caption-attachment-22302\" class=\"wp-caption-text\">R\u00fcckseite des Sterbebildes von Josef Hilburger<\/figcaption><\/figure>\n","protected":false},"excerpt":{"rendered":"<p>Der Soldat Josef Hilburger stammte aus der bayerischen Stadt Pressath und war k\u00f6niglicher Forstassistent in Flossenb\u00fcrg. Im Ersten Weltkrieg k\u00e4mpfte er als Offizier-Stellvertreter in der 10. Kompanie des 21. bayerischen Infanterie-Regiments. Er wurde mit dem Eisernen Kreuz 2. Klasse ausgezeichnet. Am 07.05.1915 fiel er im Alter von 33 Jahren bei den fr\u00fchen K\u00e4mpfen vor Verdun [&hellip;]<\/p>\n","protected":false},"author":2,"featured_media":0,"comment_status":"closed","ping_status":"closed","sticky":false,"template":"","format":"standard","meta":{"footnotes":"","_wp_rev_ctl_limit":""},"categories":[2,8,1876,16],"tags":[1669,1366,112,6220,36,598,4407,6219,899,125],"class_list":["post-22312","post","type-post","status-publish","format-standard","hentry","category-1-weltkrieg","category-sterbebilder","category-frankreich-1-weltkrieg","category-verdun","tag-21-bayerisches-infanterie-regiment","tag-bayern","tag-eisernes-kreuz-2-klasse","tag-flossenbuerg","tag-frankreich","tag-lothringen","tag-offiziers-stellvertreter","tag-pressath","tag-saint-mihiel","tag-verdun"],"_links":{"self":[{"href":"https:\/\/geschichte-hautnah.de\/www\/index.php?rest_route=\/wp\/v2\/posts\/22312","targetHints":{"allow":["GET"]}}],"collection":[{"href":"https:\/\/geschichte-hautnah.de\/www\/index.php?rest_route=\/wp\/v2\/posts"}],"about":[{"href":"https:\/\/geschichte-hautnah.de\/www\/index.php?rest_route=\/wp\/v2\/types\/post"}],"author":[{"embeddable":true,"href":"https:\/\/geschichte-hautnah.de\/www\/index.php?rest_route=\/wp\/v2\/users\/2"}],"replies":[{"embeddable":true,"href":"https:\/\/geschichte-hautnah.de\/www\/index.php?rest_route=%2Fwp%2Fv2%2Fcomments&post=22312"}],"version-history":[{"count":6,"href":"https:\/\/geschichte-hautnah.de\/www\/index.php?rest_route=\/wp\/v2\/posts\/22312\/revisions"}],"predecessor-version":[{"id":22318,"href":"https:\/\/geschichte-hautnah.de\/www\/index.php?rest_route=\/wp\/v2\/posts\/22312\/revisions\/22318"}],"wp:attachment":[{"href":"https:\/\/geschichte-hautnah.de\/www\/index.php?rest_route=%2Fwp%2Fv2%2Fmedia&parent=22312"}],"wp:term":[{"taxonomy":"category","embeddable":true,"href":"https:\/\/geschichte-hautnah.de\/www\/index.php?rest_route=%2Fwp%2Fv2%2Fcategories&post=22312"},{"taxonomy":"post_tag","embeddable":true,"href":"https:\/\/geschichte-hautnah.de\/www\/index.php?rest_route=%2Fwp%2Fv2%2Ftags&post=22312"}],"curies":[{"name":"wp","href":"https:\/\/api.w.org\/{rel}","templated":true}]}}