{"id":22443,"date":"2024-08-03T00:00:01","date_gmt":"2024-08-02T22:00:01","guid":{"rendered":"https:\/\/geschichte-hautnah.de\/www\/?p=22443"},"modified":"2020-08-13T15:34:36","modified_gmt":"2020-08-13T13:34:36","slug":"die-maenner-des-ersten-weltkriegs-teil-2-268-matthias-kitzinger","status":"publish","type":"post","link":"https:\/\/geschichte-hautnah.de\/www\/?p=22443","title":{"rendered":"Die M\u00e4nner des Ersten Weltkriegs \u2013 Teil 2.268: Matthias Kitzinger"},"content":{"rendered":"<p>Der Soldat Matthias Kitzinger stammte aus <a href=\"https:\/\/de.wikipedia.org\/wiki\/Arnstorf\" target=\"_blank\" rel=\"noopener noreferrer\">Arnstorf<\/a> und war der Sohn eines <a href=\"https:\/\/de.wikipedia.org\/wiki\/K%C3%BCfer\" target=\"_blank\" rel=\"noopener noreferrer\">Bindermeisters<\/a>. Im Ersten Weltkrieg k\u00e4mpfte er in der 6. Kompanie des 3. bayerischen Reserve-Infanterie-Regiments. Am 31.01.1916 wurde er bei Arras w\u00e4hrend der Stellungsk\u00e4mpfe in Flandern und Artois durch einen Granatsplitter schwer verwundet und starb am 01.02.1916 im Alter von 26 Jahren am Hauptverbandplatz Biache.<\/p>\n<p><span data-sheets-value=\"{&quot;1&quot;:2,&quot;2&quot;:&quot;Neuville-St.Vaast&quot;}\" data-sheets-userformat=\"{&quot;2&quot;:1049089,&quot;3&quot;:{&quot;1&quot;:0},&quot;12&quot;:0,&quot;23&quot;:1}\" data-sheets-formula=\"=HYPERLINK(&quot;https:\/\/www.google.de\/maps\/place\/62580+Neuville-Saint-Vaast,+Frankreich\/@50.3564686,2.6139312,11z\/data=!4m5!3m4!1s0x47dd384b01eb6f13:0xc06ce78123b81518!8m2!3d50.355234!4d2.760256&quot;;&quot;Neuville-St.Vaast&quot;)\" data-sheets-hyperlink=\"https:\/\/www.google.de\/maps\/place\/62580+Neuville-Saint-Vaast,+Frankreich\/@50.3564686,2.6139312,11z\/data=!4m5!3m4!1s0x47dd384b01eb6f13:0xc06ce78123b81518!8m2!3d50.355234!4d2.760256\">Man begrub Matthias Kitzinger auf dem Soldatenfriedhof <a class=\"in-cell-link\" href=\"https:\/\/www.google.de\/maps\/place\/62580+Neuville-Saint-Vaast,+Frankreich\/@50.3564686,2.6139312,11z\/data=!4m5!3m4!1s0x47dd384b01eb6f13:0xc06ce78123b81518!8m2!3d50.355234!4d2.760256\" target=\"_blank\" rel=\"noopener noreferrer\">Neuville-St.Vaast<\/a><\/span> in Block 17, Grab 1084.<\/p>\n<figure id=\"attachment_22396\" aria-describedby=\"caption-attachment-22396\" style=\"width: 800px\" class=\"wp-caption aligncenter\"><img loading=\"lazy\" decoding=\"async\" class=\"size-full wp-image-22396\" src=\"https:\/\/geschichte-hautnah.de\/www\/wp-content\/uploads\/2020\/08\/Matthias_Kitzinger_v.jpg\" alt=\"\" width=\"800\" height=\"613\" srcset=\"https:\/\/geschichte-hautnah.de\/www\/wp-content\/uploads\/2020\/08\/Matthias_Kitzinger_v.jpg 800w, https:\/\/geschichte-hautnah.de\/www\/wp-content\/uploads\/2020\/08\/Matthias_Kitzinger_v-300x230.jpg 300w, https:\/\/geschichte-hautnah.de\/www\/wp-content\/uploads\/2020\/08\/Matthias_Kitzinger_v-768x588.jpg 768w\" sizes=\"auto, (max-width: 800px) 100vw, 800px\" \/><figcaption id=\"caption-attachment-22396\" class=\"wp-caption-text\">Sterbebild von Matthias Kitzinger<\/figcaption><\/figure>\n<figure id=\"attachment_22397\" aria-describedby=\"caption-attachment-22397\" style=\"width: 800px\" class=\"wp-caption aligncenter\"><img loading=\"lazy\" decoding=\"async\" class=\"size-full wp-image-22397\" src=\"https:\/\/geschichte-hautnah.de\/www\/wp-content\/uploads\/2020\/08\/Matzhias_Kitzinger_h.jpg\" alt=\"\" width=\"800\" height=\"613\" srcset=\"https:\/\/geschichte-hautnah.de\/www\/wp-content\/uploads\/2020\/08\/Matzhias_Kitzinger_h.jpg 800w, https:\/\/geschichte-hautnah.de\/www\/wp-content\/uploads\/2020\/08\/Matzhias_Kitzinger_h-300x230.jpg 300w, https:\/\/geschichte-hautnah.de\/www\/wp-content\/uploads\/2020\/08\/Matzhias_Kitzinger_h-768x588.jpg 768w\" sizes=\"auto, (max-width: 800px) 100vw, 800px\" \/><figcaption id=\"caption-attachment-22397\" class=\"wp-caption-text\">R\u00fcckseite des Sterbebildes von Matthias Kitzinger<\/figcaption><\/figure>\n","protected":false},"excerpt":{"rendered":"<p>Der Soldat Matthias Kitzinger stammte aus Arnstorf und war der Sohn eines Bindermeisters. Im Ersten Weltkrieg k\u00e4mpfte er in der 6. Kompanie des 3. bayerischen Reserve-Infanterie-Regiments. Am 31.01.1916 wurde er bei Arras w\u00e4hrend der Stellungsk\u00e4mpfe in Flandern und Artois durch einen Granatsplitter schwer verwundet und starb am 01.02.1916 im Alter von 26 Jahren am Hauptverbandplatz [&hellip;]<\/p>\n","protected":false},"author":2,"featured_media":0,"comment_status":"closed","ping_status":"closed","sticky":false,"template":"","format":"standard","meta":{"footnotes":"","_wp_rev_ctl_limit":""},"categories":[2,448,8,1876],"tags":[712,4818,449,1924,1366,580,36,132,6243,493,2200],"class_list":["post-22443","post","type-post","status-publish","format-standard","hentry","category-1-weltkrieg","category-arras","category-sterbebilder","category-frankreich-1-weltkrieg","tag-3-bayerisches-reserve-infanterie-regiment","tag-arnstorf","tag-arras","tag-artois","tag-bayern","tag-flandern","tag-frankreich","tag-granatsplitter","tag-hauptverbandplatz-biache","tag-neuville-st-vaast","tag-stellungskaempfe"],"_links":{"self":[{"href":"https:\/\/geschichte-hautnah.de\/www\/index.php?rest_route=\/wp\/v2\/posts\/22443","targetHints":{"allow":["GET"]}}],"collection":[{"href":"https:\/\/geschichte-hautnah.de\/www\/index.php?rest_route=\/wp\/v2\/posts"}],"about":[{"href":"https:\/\/geschichte-hautnah.de\/www\/index.php?rest_route=\/wp\/v2\/types\/post"}],"author":[{"embeddable":true,"href":"https:\/\/geschichte-hautnah.de\/www\/index.php?rest_route=\/wp\/v2\/users\/2"}],"replies":[{"embeddable":true,"href":"https:\/\/geschichte-hautnah.de\/www\/index.php?rest_route=%2Fwp%2Fv2%2Fcomments&post=22443"}],"version-history":[{"count":5,"href":"https:\/\/geschichte-hautnah.de\/www\/index.php?rest_route=\/wp\/v2\/posts\/22443\/revisions"}],"predecessor-version":[{"id":22448,"href":"https:\/\/geschichte-hautnah.de\/www\/index.php?rest_route=\/wp\/v2\/posts\/22443\/revisions\/22448"}],"wp:attachment":[{"href":"https:\/\/geschichte-hautnah.de\/www\/index.php?rest_route=%2Fwp%2Fv2%2Fmedia&parent=22443"}],"wp:term":[{"taxonomy":"category","embeddable":true,"href":"https:\/\/geschichte-hautnah.de\/www\/index.php?rest_route=%2Fwp%2Fv2%2Fcategories&post=22443"},{"taxonomy":"post_tag","embeddable":true,"href":"https:\/\/geschichte-hautnah.de\/www\/index.php?rest_route=%2Fwp%2Fv2%2Ftags&post=22443"}],"curies":[{"name":"wp","href":"https:\/\/api.w.org\/{rel}","templated":true}]}}