{"id":22999,"date":"2024-10-03T00:00:57","date_gmt":"2024-10-02T22:00:57","guid":{"rendered":"https:\/\/geschichte-hautnah.de\/www\/?p=22999"},"modified":"2020-09-06T09:51:57","modified_gmt":"2020-09-06T07:51:57","slug":"die-maenner-des-ersten-weltkriegs-teil-2-329-ludwig-steinacher","status":"publish","type":"post","link":"https:\/\/geschichte-hautnah.de\/www\/?p=22999","title":{"rendered":"Die M\u00e4nner des Ersten Weltkriegs \u2013 Teil 2.329: Ludwig Steinacher"},"content":{"rendered":"<p>Der Soldat Ludwig Steinacher wurde am 06.06.1895 in Hopferried geboren, heute ein Ortsteil der bayerischen Gemeinde <a href=\"https:\/\/de.wikipedia.org\/wiki\/Hopferau\" target=\"_blank\" rel=\"noopener noreferrer\">Hopfensee<\/a>. Im Ersten Weltkrieg k\u00e4mpfte er als J\u00e4ger in der 1. Kompanie des 1. bayerischen J\u00e4ger-Bataillons. Am 07.08.1916 fiel er im Alter von 21 Jahren beim Angriff auf Fort Thiaumont w\u00e4hrend der Schlacht um Verdun.<\/p>\n<p>\u00dcber den Todestag von Ludwig Steinacher berichtet die Regimentsgeschichte des 1. bayerischen J\u00e4ger-Bataillons:<\/p>\n<blockquote><p>&#8222;<em>An der Befehlsstelle erging der Auftrag f\u00fcr 07.08.1916 von dem am Angriff beteiligten Bataillonen Befehlsempf\u00e4nger zum Steilhang anzufordern.<\/em><\/p>\n<p><em>Der Regimentskommandeur trifft am 07.08. um 7.15 Uhr vormittags an der Regiments-Befehlsstelle ein und \u00fcbernimmt auf Anordnung der 79. Infanterie-Brigade das Kommando. Alle noch vom Infanterie-Regiment 56 in vorderer Linie befindlichen Teile sowie die Maschinengewehre des III.\/Infanterie-Regiment 143 waren abzul\u00f6sen. Auch der Regimentsstab Infanterie-Regiment 56 r\u00fcckte ab. F\u00fcr den Angriff wurden au\u00dfer den drei Bataillonen des Regiments noch I.\/ Infanterie-Regiment 143 und Reserve-Infanterie-Regiment 14 unterstellt. Letzteres h\u00e4tte schon in der Nacht vom 6.\/7. seine Linie etwas vorverlegen sollen, was jedoch nicht durchgef\u00fchrt wurde und nun mit dem Angriff auf Thiaumont verbunden werden sollte.<\/em><\/p>\n<p><em>Bez\u00fcglich des Artilleriefeuers war vereinbart worden, dass um 6 Uhr vormittags das Wirkungsschie\u00dfen zu beginnen habe und kurz nachher zum Angriff vorgegangen werden soll. Die vordere Feuerzone hat sich gegen die wegzunehmende Linie zu wenden, die hintere die r\u00fcckw\u00e4rts derselben befindlichen Deckungsr\u00e4ume der feindlichen Reserven unter Feuer zu nehmen. Nach ca. 15 Minuten sollten beide Feuerzonen entsprechend fortschreitend, auf der ungef\u00e4hr 1.000 Meter s\u00fcdwestlich Zwischenwerk Thiaumont liegenden Linie 193 &#8211; 199 &#8211; I-Raum 149 &#8211; 818 &#8211; 825 liegen bleiben und als Sperrfeuerg\u00fcrtel wirken.<\/em><\/p>\n<p><em>Die einzelnen Bataillone erhielten die f\u00fcr Durchf\u00fchrung der einschl\u00e4gigen Aufgabe notwendige Befehle. Sie sollten aus der Linie 189 &#8211; 356 &#8211; 361 &#8211; 360 &#8211; 861 &#8211; 857 zum Angriffe antreten.<\/em><\/p>\n<p><em>Die schwierigste Aufgabe, die Wegnahme des Zwischenwerks-Thiaumont, fiel dem 1. und 2. J\u00e4ger-Bataillon zu. Im Allgemeinen sollte die Linie 189, Punkt ungef\u00e4hr 50 Mater \u00f6stlich 353 &#8211; 354 in Mitte der Doppelbatterie a &#8211; 819 &#8211; 821 &#8211; 823 erreicht werden.<\/em><\/p>\n<p><em>Die drei Bataillone des J\u00e4ger-Regiments 1 erhielten zur Erg\u00e4nzung der Best\u00e4nde je zwei Gruppen der vierten Z\u00fcge jeder Kompanie zugef\u00fchrt. Den Bataillonsst\u00e4ben im I 368 wurden Brieftauben zugeteilt.<\/em><\/p>\n<p><em>Der Befehl war bis 10 Uhr abends in den H\u00e4nden der Bataillone und ergingen von diesen die notwendigen Anordnungen an die Kompanien.<\/em><\/p>\n<p><em>Die eigene Linie wurde allerdings vom Feinde untertags zum Teil st\u00e4rker beschossen, aber auch unsere Artillerie hatte das Zwischenwerk Tiaumont, Froide Terre und die Weinbergschlucht mit gutem Erfolge unter Feuer genommen.&#8220;<\/em><\/p><\/blockquote>\n<p><span data-sheets-value=\"{&quot;1&quot;:2,&quot;2&quot;:&quot;Romagne-sous-les-Cotes&quot;}\" data-sheets-userformat=\"{&quot;2&quot;:1049089,&quot;3&quot;:{&quot;1&quot;:0},&quot;12&quot;:0,&quot;23&quot;:1}\" data-sheets-formula=\"=HYPERLINK(&quot;https:\/\/goo.gl\/maps\/yjYCM8QRGoT2&quot;;&quot;Romagne-sous-les-Cotes&quot;)\" data-sheets-hyperlink=\"https:\/\/goo.gl\/maps\/yjYCM8QRGoT2\">Man begrub Ludwig Steinacher auf dem Soldatenfriedhof <a class=\"in-cell-link\" href=\"https:\/\/goo.gl\/maps\/yjYCM8QRGoT2\" target=\"_blank\" rel=\"noopener noreferrer\">Romagne-sous-les-Cotes<\/a><\/span> in <span data-sheets-value=\"{&quot;1&quot;:2,&quot;2&quot;:&quot;Block 8, Grab 35&quot;}\" data-sheets-userformat=\"{&quot;2&quot;:513,&quot;3&quot;:{&quot;1&quot;:0},&quot;12&quot;:0}\">Block 8, Grab 35.<\/span><\/p>\n<p>Seine Heimatgemeinde Hopferau gedenkt Ludwig Steinacher noch heute auf einem Denkmal: <a href=\"http:\/\/www.denkmalprojekt.org\/dkm_deutschland\/hopferau_wk1u2_bay.htm\" target=\"_blank\" rel=\"noopener noreferrer\">http:\/\/www.denkmalprojekt.org\/dkm_deutschland\/hopferau_wk1u2_bay.htm<\/a><\/p>\n<figure id=\"attachment_22874\" aria-describedby=\"caption-attachment-22874\" style=\"width: 490px\" class=\"wp-caption aligncenter\"><img loading=\"lazy\" decoding=\"async\" class=\"size-full wp-image-22874\" src=\"https:\/\/geschichte-hautnah.de\/www\/wp-content\/uploads\/2020\/08\/Ludwig_Steinacher_v.jpg\" alt=\"\" width=\"490\" height=\"800\" srcset=\"https:\/\/geschichte-hautnah.de\/www\/wp-content\/uploads\/2020\/08\/Ludwig_Steinacher_v.jpg 490w, https:\/\/geschichte-hautnah.de\/www\/wp-content\/uploads\/2020\/08\/Ludwig_Steinacher_v-184x300.jpg 184w\" sizes=\"auto, (max-width: 490px) 100vw, 490px\" \/><figcaption id=\"caption-attachment-22874\" class=\"wp-caption-text\">Sterbebild von Ludwig Steinacher<\/figcaption><\/figure>\n<figure id=\"attachment_22873\" aria-describedby=\"caption-attachment-22873\" style=\"width: 490px\" class=\"wp-caption aligncenter\"><img loading=\"lazy\" decoding=\"async\" class=\"size-full wp-image-22873\" src=\"https:\/\/geschichte-hautnah.de\/www\/wp-content\/uploads\/2020\/08\/Ludwig_Steinacher_h.jpg\" alt=\"\" width=\"490\" height=\"800\" srcset=\"https:\/\/geschichte-hautnah.de\/www\/wp-content\/uploads\/2020\/08\/Ludwig_Steinacher_h.jpg 490w, https:\/\/geschichte-hautnah.de\/www\/wp-content\/uploads\/2020\/08\/Ludwig_Steinacher_h-184x300.jpg 184w\" sizes=\"auto, (max-width: 490px) 100vw, 490px\" \/><figcaption id=\"caption-attachment-22873\" class=\"wp-caption-text\">R\u00fcckseite des Sterbebildes von Ludwig Steinacher<\/figcaption><\/figure>\n","protected":false},"excerpt":{"rendered":"<p>Der Soldat Ludwig Steinacher wurde am 06.06.1895 in Hopferried geboren, heute ein Ortsteil der bayerischen Gemeinde Hopfensee. Im Ersten Weltkrieg k\u00e4mpfte er als J\u00e4ger in der 1. Kompanie des 1. bayerischen J\u00e4ger-Bataillons. Am 07.08.1916 fiel er im Alter von 21 Jahren beim Angriff auf Fort Thiaumont w\u00e4hrend der Schlacht um Verdun. \u00dcber den Todestag von [&hellip;]<\/p>\n","protected":false},"author":2,"featured_media":0,"comment_status":"closed","ping_status":"closed","sticky":false,"template":"","format":"standard","meta":{"footnotes":"","_wp_rev_ctl_limit":""},"categories":[2,8,1876,16],"tags":[235,1366,217,36,696,6369,6368,598,236,3155,317,3009],"class_list":["post-22999","post","type-post","status-publish","format-standard","hentry","category-1-weltkrieg","category-sterbebilder","category-frankreich-1-weltkrieg","category-verdun","tag-1-bayerisches-jaegerbataillon","tag-bayern","tag-denkmal","tag-frankreich","tag-froideterre","tag-hopfensee","tag-hopferried","tag-lothringen","tag-romagne-sous-les-cotes","tag-schlacht-um-verdun","tag-thiaumont","tag-zwischenwerk-thiaumont"],"_links":{"self":[{"href":"https:\/\/geschichte-hautnah.de\/www\/index.php?rest_route=\/wp\/v2\/posts\/22999","targetHints":{"allow":["GET"]}}],"collection":[{"href":"https:\/\/geschichte-hautnah.de\/www\/index.php?rest_route=\/wp\/v2\/posts"}],"about":[{"href":"https:\/\/geschichte-hautnah.de\/www\/index.php?rest_route=\/wp\/v2\/types\/post"}],"author":[{"embeddable":true,"href":"https:\/\/geschichte-hautnah.de\/www\/index.php?rest_route=\/wp\/v2\/users\/2"}],"replies":[{"embeddable":true,"href":"https:\/\/geschichte-hautnah.de\/www\/index.php?rest_route=%2Fwp%2Fv2%2Fcomments&post=22999"}],"version-history":[{"count":8,"href":"https:\/\/geschichte-hautnah.de\/www\/index.php?rest_route=\/wp\/v2\/posts\/22999\/revisions"}],"predecessor-version":[{"id":23007,"href":"https:\/\/geschichte-hautnah.de\/www\/index.php?rest_route=\/wp\/v2\/posts\/22999\/revisions\/23007"}],"wp:attachment":[{"href":"https:\/\/geschichte-hautnah.de\/www\/index.php?rest_route=%2Fwp%2Fv2%2Fmedia&parent=22999"}],"wp:term":[{"taxonomy":"category","embeddable":true,"href":"https:\/\/geschichte-hautnah.de\/www\/index.php?rest_route=%2Fwp%2Fv2%2Fcategories&post=22999"},{"taxonomy":"post_tag","embeddable":true,"href":"https:\/\/geschichte-hautnah.de\/www\/index.php?rest_route=%2Fwp%2Fv2%2Ftags&post=22999"}],"curies":[{"name":"wp","href":"https:\/\/api.w.org\/{rel}","templated":true}]}}