{"id":23091,"date":"2024-10-15T00:00:37","date_gmt":"2024-10-14T22:00:37","guid":{"rendered":"https:\/\/geschichte-hautnah.de\/www\/?p=23091"},"modified":"2020-09-12T07:01:58","modified_gmt":"2020-09-12T05:01:58","slug":"die-maenner-des-ersten-weltkriegs-teil-2-341-gustav-winkler","status":"publish","type":"post","link":"https:\/\/geschichte-hautnah.de\/www\/?p=23091","title":{"rendered":"Die M\u00e4nner des Ersten Weltkriegs \u2013 Teil 2.341: Gustav Winkler"},"content":{"rendered":"<p>Der Soldat Gustav Winkler stammte aus der Gemeinde <a href=\"https:\/\/de.wikipedia.org\/wiki\/Dogern\" target=\"_blank\" rel=\"noopener noreferrer\">Dogern<\/a> im heutigen Baden-W\u00fcrttemberg. Im Ersten Weltkrieg diente er als Reservist und Gefreiter in der 5. Kompanie (2. Bataillon) des 109. badischen Grenadier-Regiments. Am 04.09.1914 fiel er w\u00e4hrend der Schlacht vor Nancy &#8211; Epinal im Alter von 27 Jahren s\u00fcdlich <a href=\"https:\/\/de.wikipedia.org\/wiki\/Baccarat\" target=\"_blank\" rel=\"noopener noreferrer\">Baccarat<\/a> in den Vogesen. Zun\u00e4chst wurde er von offizieller Seite nur vermisst gemeldet, jedoch versehen mit dem Zusatz &#8222;wahrscheinlich tot&#8220;. Dies bedeutet, dass seine Kameraden beobachtet hatten, dass er im Kampf so schwer verwundet wurde, dass ein \u00dcberleben unwahrscheinlich war. Man konnte jedoch seine Gebeine unmittelbar nach dem Kampf nicht bergen. Vermutlich ist dies auch nach den Kampfhandlungen nicht geordnet geschehen. Wenn seine Gebeine gefunden wurden, konnten sie nicht identifiziert werden und sie wurden anonym in einem Massengrab auf dem rund 20 Kilometer entfernten Soldatenfriedhof <span data-sheets-value=\"{&quot;1&quot;:2,&quot;2&quot;:&quot;Gerb\u00e9viller&quot;}\" data-sheets-userformat=\"{&quot;2&quot;:1049089,&quot;3&quot;:{&quot;1&quot;:0},&quot;12&quot;:0,&quot;23&quot;:1}\" data-sheets-formula=\"=HYPERLINK(&quot;https:\/\/goo.gl\/maps\/NEYBj8coyNq&quot;;&quot;Gerb\u00e9viller&quot;)\" data-sheets-hyperlink=\"https:\/\/goo.gl\/maps\/NEYBj8coyNq\"><a class=\"in-cell-link\" href=\"https:\/\/goo.gl\/maps\/NEYBj8coyNq\" target=\"_blank\" rel=\"noopener noreferrer\">Gerb\u00e9viller<\/a> begraben.<\/span><\/p>\n<figure id=\"attachment_23090\" aria-describedby=\"caption-attachment-23090\" style=\"width: 522px\" class=\"wp-caption aligncenter\"><img loading=\"lazy\" decoding=\"async\" class=\"size-full wp-image-23090\" src=\"https:\/\/geschichte-hautnah.de\/www\/wp-content\/uploads\/2020\/09\/Gustav_Winkler_v.jpg\" alt=\"\" width=\"522\" height=\"800\" srcset=\"https:\/\/geschichte-hautnah.de\/www\/wp-content\/uploads\/2020\/09\/Gustav_Winkler_v.jpg 522w, https:\/\/geschichte-hautnah.de\/www\/wp-content\/uploads\/2020\/09\/Gustav_Winkler_v-196x300.jpg 196w\" sizes=\"auto, (max-width: 522px) 100vw, 522px\" \/><figcaption id=\"caption-attachment-23090\" class=\"wp-caption-text\">Sterbebild von Gustav Winkler<\/figcaption><\/figure>\n<figure id=\"attachment_23089\" aria-describedby=\"caption-attachment-23089\" style=\"width: 522px\" class=\"wp-caption aligncenter\"><img loading=\"lazy\" decoding=\"async\" class=\"size-full wp-image-23089\" src=\"https:\/\/geschichte-hautnah.de\/www\/wp-content\/uploads\/2020\/09\/Gustav_Winkler_h.jpg\" alt=\"\" width=\"522\" height=\"800\" srcset=\"https:\/\/geschichte-hautnah.de\/www\/wp-content\/uploads\/2020\/09\/Gustav_Winkler_h.jpg 522w, https:\/\/geschichte-hautnah.de\/www\/wp-content\/uploads\/2020\/09\/Gustav_Winkler_h-196x300.jpg 196w\" sizes=\"auto, (max-width: 522px) 100vw, 522px\" \/><figcaption id=\"caption-attachment-23089\" class=\"wp-caption-text\">R\u00fcckseite des Sterbebildes von Gustav Winkler<\/figcaption><\/figure>\n","protected":false},"excerpt":{"rendered":"<p>Der Soldat Gustav Winkler stammte aus der Gemeinde Dogern im heutigen Baden-W\u00fcrttemberg. Im Ersten Weltkrieg diente er als Reservist und Gefreiter in der 5. Kompanie (2. Bataillon) des 109. badischen Grenadier-Regiments. Am 04.09.1914 fiel er w\u00e4hrend der Schlacht vor Nancy &#8211; Epinal im Alter von 27 Jahren s\u00fcdlich Baccarat in den Vogesen. Zun\u00e4chst wurde er [&hellip;]<\/p>\n","protected":false},"author":2,"featured_media":0,"comment_status":"closed","ping_status":"closed","sticky":false,"template":"","format":"standard","meta":{"footnotes":"","_wp_rev_ctl_limit":""},"categories":[2,8,1876,18],"tags":[4240,2343,1378,6396,33,36,523,169,211,82],"class_list":["post-23091","post","type-post","status-publish","format-standard","hentry","category-1-weltkrieg","category-sterbebilder","category-frankreich-1-weltkrieg","category-vogesenkampfe","tag-109-badisches-grenadier-regiment","tag-baccarat","tag-baden-wuerttemberg","tag-dogern","tag-elsass","tag-frankreich","tag-gerbeviller","tag-reservist","tag-vermisst","tag-vogesen"],"_links":{"self":[{"href":"https:\/\/geschichte-hautnah.de\/www\/index.php?rest_route=\/wp\/v2\/posts\/23091","targetHints":{"allow":["GET"]}}],"collection":[{"href":"https:\/\/geschichte-hautnah.de\/www\/index.php?rest_route=\/wp\/v2\/posts"}],"about":[{"href":"https:\/\/geschichte-hautnah.de\/www\/index.php?rest_route=\/wp\/v2\/types\/post"}],"author":[{"embeddable":true,"href":"https:\/\/geschichte-hautnah.de\/www\/index.php?rest_route=\/wp\/v2\/users\/2"}],"replies":[{"embeddable":true,"href":"https:\/\/geschichte-hautnah.de\/www\/index.php?rest_route=%2Fwp%2Fv2%2Fcomments&post=23091"}],"version-history":[{"count":6,"href":"https:\/\/geschichte-hautnah.de\/www\/index.php?rest_route=\/wp\/v2\/posts\/23091\/revisions"}],"predecessor-version":[{"id":23097,"href":"https:\/\/geschichte-hautnah.de\/www\/index.php?rest_route=\/wp\/v2\/posts\/23091\/revisions\/23097"}],"wp:attachment":[{"href":"https:\/\/geschichte-hautnah.de\/www\/index.php?rest_route=%2Fwp%2Fv2%2Fmedia&parent=23091"}],"wp:term":[{"taxonomy":"category","embeddable":true,"href":"https:\/\/geschichte-hautnah.de\/www\/index.php?rest_route=%2Fwp%2Fv2%2Fcategories&post=23091"},{"taxonomy":"post_tag","embeddable":true,"href":"https:\/\/geschichte-hautnah.de\/www\/index.php?rest_route=%2Fwp%2Fv2%2Ftags&post=23091"}],"curies":[{"name":"wp","href":"https:\/\/api.w.org\/{rel}","templated":true}]}}