{"id":23277,"date":"2024-11-05T12:31:22","date_gmt":"2024-11-05T11:31:22","guid":{"rendered":"https:\/\/geschichte-hautnah.de\/www\/?p=23277"},"modified":"2020-09-19T07:17:53","modified_gmt":"2020-09-19T05:17:53","slug":"die-maenner-des-ersten-weltkriegs-teil-2-361-sebastian-schmid","status":"publish","type":"post","link":"https:\/\/geschichte-hautnah.de\/www\/?p=23277","title":{"rendered":"Die M\u00e4nner des Ersten Weltkriegs \u2013 Teil 2.362: Sebastian Schmid"},"content":{"rendered":"<p>Der Soldat Sebastian Schmid stammte aus Oberbergham, heute ein Ortsteil der Gemeinde <a href=\"https:\/\/de.wikipedia.org\/wiki\/Obertaufkirchen\" target=\"_blank\" rel=\"noopener noreferrer\">Obertaufkirchen<\/a>, und war der Sohn eines Landwirts. Im Ersten Weltkrieg diente er als Infanterist in der 11. Kompanie des 1. bayerischen Infanterie-Regiments. Am 21.06.1916 fiel er im Alter von 28 Jahren nach <span data-sheets-value=\"{&quot;1&quot;:2,&quot;2&quot;:&quot;22 Monate Kriegsdienst&quot;}\" data-sheets-userformat=\"{&quot;2&quot;:769,&quot;3&quot;:{&quot;1&quot;:0},&quot;11&quot;:4,&quot;12&quot;:0}\">22 Monaten Kriegsdienst bei <\/span>Douaumont durch Versch\u00fcttung. Er wurde bei den K\u00e4mpfen um die Wabengr\u00e4ben beim Fort Douaumont get\u00f6tet.<\/p>\n<p>Die Regimentsgeschichte des 1. bayerischen Infanterie-Regiments berichtet von diesem Tag:<\/p>\n<blockquote><p><em>&#8222;21.06.1916 Fortdauer des schweren Artilleriefeuers; die Wabengr\u00e4ben bilden einen fortlaufenden Trichter. 5 Uhr nachmittags wird befehlsgem\u00e4\u00df der Sturm wiederholt, der, obschon es gelingt, bis auf einige Meter an die feindliche Stellung heranzukommen, abermals blutig scheitert. Die F\u00fchrer der st\u00fcrmenden Kompanien. Leutnant der Reserve Kellner (1. Kompanie) und Hauptmann Dill (4. Kompanie), fallen.<\/em><\/p>\n<p><em>Nach Eintritt der Dunkelheit werden die v\u00f6llig ersch\u00f6pften Bataillone abgel\u00f6st und zwar I. Bataillon durch III. Bataillon, II. Bataillon durch 10. bayerisches Infanterie-Regiment.<\/em><\/p>\n<p><em>I. und II. Bataillon r\u00fccken in das Lager <a href=\"https:\/\/de.wikipedia.org\/wiki\/Romagne-sous-les-C%C3%B4tes\" target=\"_blank\" rel=\"noopener noreferrer\">Romagne-sous-les-C\u00f4tes<\/a>.<\/em><\/p><\/blockquote>\n<p><span data-sheets-value=\"{&quot;1&quot;:2,&quot;2&quot;:&quot;Hautecourt-l\u00e8s-Broville&quot;}\" data-sheets-userformat=\"{&quot;2&quot;:1049089,&quot;3&quot;:{&quot;1&quot;:0},&quot;12&quot;:0,&quot;23&quot;:1}\" data-sheets-formula=\"=HYPERLINK(&quot;https:\/\/goo.gl\/maps\/EGHJFoxDbwm&quot;;&quot;Hautecourt-l\u00e8s-Broville&quot;)\" data-sheets-hyperlink=\"https:\/\/goo.gl\/maps\/EGHJFoxDbwm\">Man begrub Sebastian Schmid auf dem Soldatenfriedhof <a class=\"in-cell-link\" href=\"https:\/\/goo.gl\/maps\/EGHJFoxDbwm\" target=\"_blank\" rel=\"noopener noreferrer\">Hautecourt-l\u00e8s-Broville<\/a> in einem Massengrab.<\/span><\/p>\n<figure id=\"attachment_23159\" aria-describedby=\"caption-attachment-23159\" style=\"width: 800px\" class=\"wp-caption aligncenter\"><img loading=\"lazy\" decoding=\"async\" class=\"size-full wp-image-23159\" src=\"https:\/\/geschichte-hautnah.de\/www\/wp-content\/uploads\/2020\/09\/Sebastian_Schmid_v.jpg\" alt=\"\" width=\"800\" height=\"638\" srcset=\"https:\/\/geschichte-hautnah.de\/www\/wp-content\/uploads\/2020\/09\/Sebastian_Schmid_v.jpg 800w, https:\/\/geschichte-hautnah.de\/www\/wp-content\/uploads\/2020\/09\/Sebastian_Schmid_v-300x239.jpg 300w, https:\/\/geschichte-hautnah.de\/www\/wp-content\/uploads\/2020\/09\/Sebastian_Schmid_v-768x612.jpg 768w\" sizes=\"auto, (max-width: 800px) 100vw, 800px\" \/><figcaption id=\"caption-attachment-23159\" class=\"wp-caption-text\">Sterbebild von Sebastian Schmid<\/figcaption><\/figure>\n<figure id=\"attachment_23158\" aria-describedby=\"caption-attachment-23158\" style=\"width: 800px\" class=\"wp-caption aligncenter\"><img loading=\"lazy\" decoding=\"async\" class=\"size-full wp-image-23158\" src=\"https:\/\/geschichte-hautnah.de\/www\/wp-content\/uploads\/2020\/09\/Sebastian_Schmid_h.jpg\" alt=\"\" width=\"800\" height=\"638\" srcset=\"https:\/\/geschichte-hautnah.de\/www\/wp-content\/uploads\/2020\/09\/Sebastian_Schmid_h.jpg 800w, https:\/\/geschichte-hautnah.de\/www\/wp-content\/uploads\/2020\/09\/Sebastian_Schmid_h-300x239.jpg 300w, https:\/\/geschichte-hautnah.de\/www\/wp-content\/uploads\/2020\/09\/Sebastian_Schmid_h-768x612.jpg 768w\" sizes=\"auto, (max-width: 800px) 100vw, 800px\" \/><figcaption id=\"caption-attachment-23158\" class=\"wp-caption-text\">R\u00fcckseite des Sterbebildes von Sebastian Schmid<\/figcaption><\/figure>\n","protected":false},"excerpt":{"rendered":"<p>Der Soldat Sebastian Schmid stammte aus Oberbergham, heute ein Ortsteil der Gemeinde Obertaufkirchen, und war der Sohn eines Landwirts. Im Ersten Weltkrieg diente er als Infanterist in der 11. Kompanie des 1. bayerischen Infanterie-Regiments. Am 21.06.1916 fiel er im Alter von 28 Jahren nach 22 Monaten Kriegsdienst bei Douaumont durch Versch\u00fcttung. Er wurde bei den [&hellip;]<\/p>\n","protected":false},"author":2,"featured_media":0,"comment_status":"closed","ping_status":"closed","sticky":false,"template":"","format":"standard","meta":{"footnotes":"","_wp_rev_ctl_limit":""},"categories":[2,8,1876,16],"tags":[245,302,1366,268,36,267,97,598,92,6419,860,236,3155,356,2778],"class_list":["post-23277","post","type-post","status-publish","format-standard","hentry","category-1-weltkrieg","category-sterbebilder","category-frankreich-1-weltkrieg","category-verdun","tag-1-bayerisches-infanterie-regiment","tag-bauerssohn","tag-bayern","tag-douaumont","tag-frankreich","tag-hautecourt-les-broville","tag-infanterist","tag-lothringen","tag-massengrab","tag-oberbergham","tag-obertaufkirchen","tag-romagne-sous-les-cotes","tag-schlacht-um-verdun","tag-verschuettung","tag-wabengraeben"],"_links":{"self":[{"href":"https:\/\/geschichte-hautnah.de\/www\/index.php?rest_route=\/wp\/v2\/posts\/23277","targetHints":{"allow":["GET"]}}],"collection":[{"href":"https:\/\/geschichte-hautnah.de\/www\/index.php?rest_route=\/wp\/v2\/posts"}],"about":[{"href":"https:\/\/geschichte-hautnah.de\/www\/index.php?rest_route=\/wp\/v2\/types\/post"}],"author":[{"embeddable":true,"href":"https:\/\/geschichte-hautnah.de\/www\/index.php?rest_route=\/wp\/v2\/users\/2"}],"replies":[{"embeddable":true,"href":"https:\/\/geschichte-hautnah.de\/www\/index.php?rest_route=%2Fwp%2Fv2%2Fcomments&post=23277"}],"version-history":[{"count":7,"href":"https:\/\/geschichte-hautnah.de\/www\/index.php?rest_route=\/wp\/v2\/posts\/23277\/revisions"}],"predecessor-version":[{"id":23284,"href":"https:\/\/geschichte-hautnah.de\/www\/index.php?rest_route=\/wp\/v2\/posts\/23277\/revisions\/23284"}],"wp:attachment":[{"href":"https:\/\/geschichte-hautnah.de\/www\/index.php?rest_route=%2Fwp%2Fv2%2Fmedia&parent=23277"}],"wp:term":[{"taxonomy":"category","embeddable":true,"href":"https:\/\/geschichte-hautnah.de\/www\/index.php?rest_route=%2Fwp%2Fv2%2Fcategories&post=23277"},{"taxonomy":"post_tag","embeddable":true,"href":"https:\/\/geschichte-hautnah.de\/www\/index.php?rest_route=%2Fwp%2Fv2%2Ftags&post=23277"}],"curies":[{"name":"wp","href":"https:\/\/api.w.org\/{rel}","templated":true}]}}