{"id":23298,"date":"2024-11-06T00:00:41","date_gmt":"2024-11-05T23:00:41","guid":{"rendered":"https:\/\/geschichte-hautnah.de\/www\/?p=23298"},"modified":"2020-09-20T11:54:23","modified_gmt":"2020-09-20T09:54:23","slug":"die-maenner-des-ersten-weltkriegs-teil-2-363-michael-bobenstetter","status":"publish","type":"post","link":"https:\/\/geschichte-hautnah.de\/www\/?p=23298","title":{"rendered":"Die M\u00e4nner des Ersten Weltkriegs \u2013 Teil 2.363: Michael Bobenstetter"},"content":{"rendered":"<p>Der Soldat Michael Bobenstetter stammte aus <a href=\"https:\/\/de.wikipedia.org\/wiki\/Schwindkirchen\" target=\"_blank\" rel=\"noopener noreferrer\">Schwindkirchen<\/a>, heute ein Ortsteil der bayerischen Stadt <a href=\"https:\/\/de.wikipedia.org\/wiki\/Dorfen\" target=\"_blank\" rel=\"noopener noreferrer\">Dorfen<\/a>, und war der Sohn eines Kleinbauern. Im Ersten Weltkrieg k\u00e4mpfte er in der 8. Kompanie des 12. bayerischen Infanterie-Regiments. Am 23.05.1916 fiel er w\u00e4hrend der <a href=\"https:\/\/de.wikipedia.org\/wiki\/Schlacht_um_Verdun\" target=\"_blank\" rel=\"noopener noreferrer\">Schlacht um Verdun<\/a> im Alter von 20 Jahren bei <a href=\"https:\/\/de.wikipedia.org\/wiki\/Douaumont\" target=\"_blank\" rel=\"noopener noreferrer\">Douaumont<\/a> w\u00e4hrend der K\u00e4mpfe um das<a href=\"https:\/\/de.wikipedia.org\/wiki\/Fort_Douaumont\" target=\"_blank\" rel=\"noopener noreferrer\"> Fort Douaumont<\/a> durch einen Brustschuss.<\/p>\n<p><span data-sheets-value=\"{&quot;1&quot;:2,&quot;2&quot;:&quot;Hautecourt-l\u00e8s-Broville&quot;}\" data-sheets-userformat=\"{&quot;2&quot;:1049089,&quot;3&quot;:{&quot;1&quot;:0},&quot;12&quot;:0,&quot;23&quot;:1}\" data-sheets-formula=\"=HYPERLINK(&quot;https:\/\/goo.gl\/maps\/EGHJFoxDbwm&quot;;&quot;Hautecourt-l\u00e8s-Broville&quot;)\" data-sheets-hyperlink=\"https:\/\/goo.gl\/maps\/EGHJFoxDbwm\">Man begrub Michael Bobenstetter auf dem Soldatenfriedhof <a class=\"in-cell-link\" href=\"https:\/\/goo.gl\/maps\/EGHJFoxDbwm\" target=\"_blank\" rel=\"noopener noreferrer\">Hautecourt-l\u00e8s-Broville<\/a> in einem Massengrab.<\/span><\/p>\n<figure id=\"attachment_23157\" aria-describedby=\"caption-attachment-23157\" style=\"width: 800px\" class=\"wp-caption aligncenter\"><img loading=\"lazy\" decoding=\"async\" class=\"size-full wp-image-23157\" src=\"https:\/\/geschichte-hautnah.de\/www\/wp-content\/uploads\/2020\/09\/Michael_Bobenstetter_v.jpg\" alt=\"\" width=\"800\" height=\"619\" srcset=\"https:\/\/geschichte-hautnah.de\/www\/wp-content\/uploads\/2020\/09\/Michael_Bobenstetter_v.jpg 800w, https:\/\/geschichte-hautnah.de\/www\/wp-content\/uploads\/2020\/09\/Michael_Bobenstetter_v-300x232.jpg 300w, https:\/\/geschichte-hautnah.de\/www\/wp-content\/uploads\/2020\/09\/Michael_Bobenstetter_v-768x594.jpg 768w\" sizes=\"auto, (max-width: 800px) 100vw, 800px\" \/><figcaption id=\"caption-attachment-23157\" class=\"wp-caption-text\">Sterbebild von Michael Bobenstetter<\/figcaption><\/figure>\n<figure id=\"attachment_23156\" aria-describedby=\"caption-attachment-23156\" style=\"width: 800px\" class=\"wp-caption aligncenter\"><img loading=\"lazy\" decoding=\"async\" class=\"size-full wp-image-23156\" src=\"https:\/\/geschichte-hautnah.de\/www\/wp-content\/uploads\/2020\/09\/Michael_Bobenstetter_h.jpg\" alt=\"\" width=\"800\" height=\"619\" srcset=\"https:\/\/geschichte-hautnah.de\/www\/wp-content\/uploads\/2020\/09\/Michael_Bobenstetter_h.jpg 800w, https:\/\/geschichte-hautnah.de\/www\/wp-content\/uploads\/2020\/09\/Michael_Bobenstetter_h-300x232.jpg 300w, https:\/\/geschichte-hautnah.de\/www\/wp-content\/uploads\/2020\/09\/Michael_Bobenstetter_h-768x594.jpg 768w\" sizes=\"auto, (max-width: 800px) 100vw, 800px\" \/><figcaption id=\"caption-attachment-23156\" class=\"wp-caption-text\">R\u00fcckseite des Sterbebildes von Michael Bobenstetter<\/figcaption><\/figure>\n","protected":false},"excerpt":{"rendered":"<p>Der Soldat Michael Bobenstetter stammte aus Schwindkirchen, heute ein Ortsteil der bayerischen Stadt Dorfen, und war der Sohn eines Kleinbauern. Im Ersten Weltkrieg k\u00e4mpfte er in der 8. Kompanie des 12. bayerischen Infanterie-Regiments. Am 23.05.1916 fiel er w\u00e4hrend der Schlacht um Verdun im Alter von 20 Jahren bei Douaumont w\u00e4hrend der K\u00e4mpfe um das Fort [&hellip;]<\/p>\n","protected":false},"author":2,"featured_media":0,"comment_status":"closed","ping_status":"closed","sticky":false,"template":"","format":"standard","meta":{"footnotes":"","_wp_rev_ctl_limit":""},"categories":[2,8,1876,16],"tags":[126,1366,428,1051,268,1247,36,551,267,4956,598,3155,857],"class_list":["post-23298","post","type-post","status-publish","format-standard","hentry","category-1-weltkrieg","category-sterbebilder","category-frankreich-1-weltkrieg","category-verdun","tag-12-bayerisches-infanterie-regiment","tag-bayern","tag-brustschuss","tag-dorfen","tag-douaumont","tag-fort-douaumont","tag-frankreich","tag-guetlerssohn","tag-hautecourt-les-broville","tag-kleinbauerssohn","tag-lothringen","tag-schlacht-um-verdun","tag-schwindkirchen"],"_links":{"self":[{"href":"https:\/\/geschichte-hautnah.de\/www\/index.php?rest_route=\/wp\/v2\/posts\/23298","targetHints":{"allow":["GET"]}}],"collection":[{"href":"https:\/\/geschichte-hautnah.de\/www\/index.php?rest_route=\/wp\/v2\/posts"}],"about":[{"href":"https:\/\/geschichte-hautnah.de\/www\/index.php?rest_route=\/wp\/v2\/types\/post"}],"author":[{"embeddable":true,"href":"https:\/\/geschichte-hautnah.de\/www\/index.php?rest_route=\/wp\/v2\/users\/2"}],"replies":[{"embeddable":true,"href":"https:\/\/geschichte-hautnah.de\/www\/index.php?rest_route=%2Fwp%2Fv2%2Fcomments&post=23298"}],"version-history":[{"count":4,"href":"https:\/\/geschichte-hautnah.de\/www\/index.php?rest_route=\/wp\/v2\/posts\/23298\/revisions"}],"predecessor-version":[{"id":23302,"href":"https:\/\/geschichte-hautnah.de\/www\/index.php?rest_route=\/wp\/v2\/posts\/23298\/revisions\/23302"}],"wp:attachment":[{"href":"https:\/\/geschichte-hautnah.de\/www\/index.php?rest_route=%2Fwp%2Fv2%2Fmedia&parent=23298"}],"wp:term":[{"taxonomy":"category","embeddable":true,"href":"https:\/\/geschichte-hautnah.de\/www\/index.php?rest_route=%2Fwp%2Fv2%2Fcategories&post=23298"},{"taxonomy":"post_tag","embeddable":true,"href":"https:\/\/geschichte-hautnah.de\/www\/index.php?rest_route=%2Fwp%2Fv2%2Ftags&post=23298"}],"curies":[{"name":"wp","href":"https:\/\/api.w.org\/{rel}","templated":true}]}}