{"id":23348,"date":"2024-11-12T00:00:10","date_gmt":"2024-11-11T23:00:10","guid":{"rendered":"https:\/\/geschichte-hautnah.de\/www\/?p=23348"},"modified":"2020-09-24T07:03:01","modified_gmt":"2020-09-24T05:03:01","slug":"die-maenner-des-ersten-weltkriegs-teil-2-369-joseph-zeiser","status":"publish","type":"post","link":"https:\/\/geschichte-hautnah.de\/www\/?p=23348","title":{"rendered":"Die M\u00e4nner des Ersten Weltkriegs \u2013 Teil 2.369: Joseph Zeiser"},"content":{"rendered":"<p>Der Soldat Joseph Zeiser stammte aus der bayerischen Gemeinde <a href=\"https:\/\/de.wikipedia.org\/wiki\/Velden_(Vils)\" target=\"_blank\" rel=\"noopener noreferrer\">Velden an der Vils<\/a>. Im Ersten Weltkrieg k\u00e4mpfte er als Fahrer in der 7. Batterie des 9. bayerischen Feld-Artillerie-Regiments. Er wurde mit dem Milit\u00e4r-Verdienstkreuz 3. Klasse ausgezeichnet. Am 02.05.1918 fiel er im Alter von 21 Jahren bei Villers <a href=\"https:\/\/de.wikipedia.org\/wiki\/Villers-aux-%C3%89rables\" target=\"_blank\" rel=\"noopener noreferrer\">Villers-aux-\u00c9rables<\/a> an der Somme durch Granatschuss.<\/p>\n<p><span data-sheets-value=\"{&quot;1&quot;:2,&quot;2&quot;:&quot;Caix&quot;}\" data-sheets-userformat=\"{&quot;2&quot;:1049089,&quot;3&quot;:{&quot;1&quot;:0},&quot;12&quot;:0,&quot;23&quot;:1}\" data-sheets-formula=\"=HYPERLINK(&quot;https:\/\/goo.gl\/maps\/Fwq5KHggeXoeyb7w7&quot;;&quot;Caix&quot;)\" data-sheets-hyperlink=\"https:\/\/goo.gl\/maps\/Fwq5KHggeXoeyb7w7\">Man begrub Joseph Zeiser auf dem Soldatenfriedhof <a class=\"in-cell-link\" href=\"https:\/\/goo.gl\/maps\/Fwq5KHggeXoeyb7w7\" target=\"_blank\" rel=\"noopener noreferrer\">Caix<\/a><\/span> in Block 2, Grab 240.<\/p>\n<figure id=\"attachment_23350\" aria-describedby=\"caption-attachment-23350\" style=\"width: 460px\" class=\"wp-caption aligncenter\"><img loading=\"lazy\" decoding=\"async\" class=\"size-full wp-image-23350\" src=\"https:\/\/geschichte-hautnah.de\/www\/wp-content\/uploads\/2020\/09\/Joseph_Zeiser_v.jpg\" alt=\"\" width=\"460\" height=\"800\" srcset=\"https:\/\/geschichte-hautnah.de\/www\/wp-content\/uploads\/2020\/09\/Joseph_Zeiser_v.jpg 460w, https:\/\/geschichte-hautnah.de\/www\/wp-content\/uploads\/2020\/09\/Joseph_Zeiser_v-173x300.jpg 173w\" sizes=\"auto, (max-width: 460px) 100vw, 460px\" \/><figcaption id=\"caption-attachment-23350\" class=\"wp-caption-text\">Sterbebild von Joseph Zeiser<\/figcaption><\/figure>\n<figure id=\"attachment_23349\" aria-describedby=\"caption-attachment-23349\" style=\"width: 460px\" class=\"wp-caption aligncenter\"><img loading=\"lazy\" decoding=\"async\" class=\"size-full wp-image-23349\" src=\"https:\/\/geschichte-hautnah.de\/www\/wp-content\/uploads\/2020\/09\/Joseph_Zeiser_h.jpg\" alt=\"\" width=\"460\" height=\"800\" srcset=\"https:\/\/geschichte-hautnah.de\/www\/wp-content\/uploads\/2020\/09\/Joseph_Zeiser_h.jpg 460w, https:\/\/geschichte-hautnah.de\/www\/wp-content\/uploads\/2020\/09\/Joseph_Zeiser_h-173x300.jpg 173w\" sizes=\"auto, (max-width: 460px) 100vw, 460px\" \/><figcaption id=\"caption-attachment-23349\" class=\"wp-caption-text\">R\u00fcckseite des Sterbebildes von Joseph Zeiser<\/figcaption><\/figure>\n","protected":false},"excerpt":{"rendered":"<p>Der Soldat Joseph Zeiser stammte aus der bayerischen Gemeinde Velden an der Vils. Im Ersten Weltkrieg k\u00e4mpfte er als Fahrer in der 7. Batterie des 9. bayerischen Feld-Artillerie-Regiments. Er wurde mit dem Milit\u00e4r-Verdienstkreuz 3. Klasse ausgezeichnet. Am 02.05.1918 fiel er im Alter von 21 Jahren bei Villers Villers-aux-\u00c9rables an der Somme durch Granatschuss. Man begrub [&hellip;]<\/p>\n","protected":false},"author":2,"featured_media":0,"comment_status":"closed","ping_status":"closed","sticky":false,"template":"","format":"standard","meta":{"footnotes":"","_wp_rev_ctl_limit":""},"categories":[2,8,1876,651],"tags":[558,520,1366,3286,36,528,631,2058,3314],"class_list":["post-23348","post","type-post","status-publish","format-standard","hentry","category-1-weltkrieg","category-sterbebilder","category-frankreich-1-weltkrieg","category-schlacht-an-der-somme","tag-9-bayerisches-feld-artillerie-regiment","tag-bayerisches-militaer-verdienstkreuz-3-klasse","tag-bayern","tag-caix","tag-frankreich","tag-granatschuss","tag-somme","tag-velden-an-der-vils","tag-villers-aux-erables"],"_links":{"self":[{"href":"https:\/\/geschichte-hautnah.de\/www\/index.php?rest_route=\/wp\/v2\/posts\/23348","targetHints":{"allow":["GET"]}}],"collection":[{"href":"https:\/\/geschichte-hautnah.de\/www\/index.php?rest_route=\/wp\/v2\/posts"}],"about":[{"href":"https:\/\/geschichte-hautnah.de\/www\/index.php?rest_route=\/wp\/v2\/types\/post"}],"author":[{"embeddable":true,"href":"https:\/\/geschichte-hautnah.de\/www\/index.php?rest_route=\/wp\/v2\/users\/2"}],"replies":[{"embeddable":true,"href":"https:\/\/geschichte-hautnah.de\/www\/index.php?rest_route=%2Fwp%2Fv2%2Fcomments&post=23348"}],"version-history":[{"count":6,"href":"https:\/\/geschichte-hautnah.de\/www\/index.php?rest_route=\/wp\/v2\/posts\/23348\/revisions"}],"predecessor-version":[{"id":23356,"href":"https:\/\/geschichte-hautnah.de\/www\/index.php?rest_route=\/wp\/v2\/posts\/23348\/revisions\/23356"}],"wp:attachment":[{"href":"https:\/\/geschichte-hautnah.de\/www\/index.php?rest_route=%2Fwp%2Fv2%2Fmedia&parent=23348"}],"wp:term":[{"taxonomy":"category","embeddable":true,"href":"https:\/\/geschichte-hautnah.de\/www\/index.php?rest_route=%2Fwp%2Fv2%2Fcategories&post=23348"},{"taxonomy":"post_tag","embeddable":true,"href":"https:\/\/geschichte-hautnah.de\/www\/index.php?rest_route=%2Fwp%2Fv2%2Ftags&post=23348"}],"curies":[{"name":"wp","href":"https:\/\/api.w.org\/{rel}","templated":true}]}}