{"id":2348,"date":"2017-12-11T06:00:18","date_gmt":"2017-12-11T05:00:18","guid":{"rendered":"http:\/\/geschichte-hautnah.de\/www\/?p=2348"},"modified":"2017-12-11T11:00:08","modified_gmt":"2017-12-11T10:00:08","slug":"die-maenner-des-ersten-weltkriegs-teil-118-karl-amann","status":"publish","type":"post","link":"https:\/\/geschichte-hautnah.de\/www\/?p=2348","title":{"rendered":"Die M\u00e4nner des Ersten Weltkriegs \u2013 Teil 117: Karl Amann"},"content":{"rendered":"<p>Karl Amann stammte aus <a href=\"https:\/\/de.wikipedia.org\/wiki\/Schn%C3%BCrpflingen\" target=\"_blank\" rel=\"noopener\">Schn\u00fcrpflingen<\/a>, einer Gemeinde in Baden W\u00fcrttemberg. Im Ersten Weltkrieg k\u00e4mpfte er als Reservist in der 2. Kompanie des 123. Grenadier-Regiments, als er am 02.03.1915 im Alter von 25 Jahren bei <span data-sheets-value=\"{&quot;1&quot;:2,&quot;2&quot;:&quot;Vienne-le-Ch\u00e2teau&quot;}\" data-sheets-userformat=\"{&quot;2&quot;:1049089,&quot;3&quot;:[null,0],&quot;12&quot;:0,&quot;23&quot;:1}\" data-sheets-formula=\"=HYPERLINK(&quot;https:\/\/www.google.de\/maps\/place\/51800+Vienne-le-Ch%C3%A2teau,+Frankreich\/@49.196463,4.8576622,12z\/data=!3m1!4b1!4m5!3m4!1s0x47ebadf2528f28d1:0x40a5fb99a3b3c10!8m2!3d49.190024!4d4.887983&quot;;&quot;Vienne-le-Ch\u00e2teau&quot;)\"><a class=\"in-cell-link\" href=\"https:\/\/www.google.de\/maps\/place\/51800+Vienne-le-Ch%C3%A2teau,+Frankreich\/@49.196463,4.8576622,12z\/data=!3m1!4b1!4m5!3m4!1s0x47ebadf2528f28d1:0x40a5fb99a3b3c10!8m2!3d49.190024!4d4.887983\" target=\"_blank\" rel=\"noopener\">Vienne-le-Ch\u00e2teau<\/a><\/span> fiel.<\/p>\n<p>Begraben wurde Karl Amann auf dem Soldatenfriedhof <span data-sheets-value=\"{&quot;1&quot;:2,&quot;2&quot;:&quot;Consenvoye&quot;}\" data-sheets-userformat=\"{&quot;2&quot;:1049089,&quot;3&quot;:[null,0],&quot;12&quot;:0,&quot;23&quot;:1}\" data-sheets-formula=\"=HYPERLINK(&quot;https:\/\/www.google.de\/maps\/place\/55110+Consenvoye,+Frankreich\/@49.2961507,5.2782694,13z\/data=!3m1!4b1!4m5!3m4!1s0x47eafcce518c24f1:0x40a5fb99a3ae280!8m2!3d49.287827!4d5.284629&quot;;&quot;Consenvoye&quot;)\"><a class=\"in-cell-link\" href=\"https:\/\/www.google.de\/maps\/place\/55110+Consenvoye,+Frankreich\/@49.2961507,5.2782694,13z\/data=!3m1!4b1!4m5!3m4!1s0x47eafcce518c24f1:0x40a5fb99a3ae280!8m2!3d49.287827!4d5.284629\" target=\"_blank\" rel=\"noopener\">Consenvoye<\/a><\/span>, <span data-sheets-value=\"{&quot;1&quot;:2,&quot;2&quot;:&quot;Block 3 Grab 826&quot;}\" data-sheets-userformat=\"{&quot;2&quot;:513,&quot;3&quot;:[null,0],&quot;12&quot;:0}\">Block 3, Grab 826.<\/span><\/p>\n<p>Seine Heimatgemeinde gedenkt seiner noch heute auf einem Denkmal: <a href=\"http:\/\/denkmalprojekt.org\/2015\/schnuerpflingen_alb-donau-kreis_wk1_wk2_bawue.html\" target=\"_blank\" rel=\"noopener\">http:\/\/denkmalprojekt.org\/2015\/schnuerpflingen_alb-donau-kreis_wk1_wk2_bawue.html<\/a><\/p>\n<p><a href=\"http:\/\/geschichte-hautnah.de\/www\/wp-content\/uploads\/2017\/12\/Karl_Amann_v.jpeg\"><img loading=\"lazy\" decoding=\"async\" class=\"aligncenter size-full wp-image-2351\" src=\"http:\/\/geschichte-hautnah.de\/www\/wp-content\/uploads\/2017\/12\/Karl_Amann_v.jpeg\" alt=\"\" width=\"378\" height=\"600\" srcset=\"https:\/\/geschichte-hautnah.de\/www\/wp-content\/uploads\/2017\/12\/Karl_Amann_v.jpeg 378w, https:\/\/geschichte-hautnah.de\/www\/wp-content\/uploads\/2017\/12\/Karl_Amann_v-189x300.jpeg 189w\" sizes=\"auto, (max-width: 378px) 100vw, 378px\" \/><\/a> <a href=\"http:\/\/geschichte-hautnah.de\/www\/wp-content\/uploads\/2017\/12\/Karl_Amann_h.jpeg\"><img loading=\"lazy\" decoding=\"async\" class=\"aligncenter size-full wp-image-2352\" src=\"http:\/\/geschichte-hautnah.de\/www\/wp-content\/uploads\/2017\/12\/Karl_Amann_h.jpeg\" alt=\"\" width=\"378\" height=\"600\" srcset=\"https:\/\/geschichte-hautnah.de\/www\/wp-content\/uploads\/2017\/12\/Karl_Amann_h.jpeg 378w, https:\/\/geschichte-hautnah.de\/www\/wp-content\/uploads\/2017\/12\/Karl_Amann_h-189x300.jpeg 189w\" sizes=\"auto, (max-width: 378px) 100vw, 378px\" \/><\/a><\/p>\n","protected":false},"excerpt":{"rendered":"<p>Karl Amann stammte aus Schn\u00fcrpflingen, einer Gemeinde in Baden W\u00fcrttemberg. Im Ersten Weltkrieg k\u00e4mpfte er als Reservist in der 2. Kompanie des 123. Grenadier-Regiments, als er am 02.03.1915 im Alter von 25 Jahren bei Vienne-le-Ch\u00e2teau fiel. Begraben wurde Karl Amann auf dem Soldatenfriedhof Consenvoye, Block 3, Grab 826. Seine Heimatgemeinde gedenkt seiner noch heute auf [&hellip;]<\/p>\n","protected":false},"author":2,"featured_media":0,"comment_status":"closed","ping_status":"closed","sticky":false,"template":"","format":"standard","meta":{"footnotes":"","_wp_rev_ctl_limit":""},"categories":[2,8,16],"tags":[253,246,254,169,251,252],"class_list":["post-2348","post","type-post","status-publish","format-standard","hentry","category-1-weltkrieg","category-sterbebilder","category-verdun","tag-123-grenadier-regiment","tag-consenvoye","tag-gefallenendenkmal","tag-reservist","tag-schnuerpflingen","tag-vienne-le-chateau"],"_links":{"self":[{"href":"https:\/\/geschichte-hautnah.de\/www\/index.php?rest_route=\/wp\/v2\/posts\/2348","targetHints":{"allow":["GET"]}}],"collection":[{"href":"https:\/\/geschichte-hautnah.de\/www\/index.php?rest_route=\/wp\/v2\/posts"}],"about":[{"href":"https:\/\/geschichte-hautnah.de\/www\/index.php?rest_route=\/wp\/v2\/types\/post"}],"author":[{"embeddable":true,"href":"https:\/\/geschichte-hautnah.de\/www\/index.php?rest_route=\/wp\/v2\/users\/2"}],"replies":[{"embeddable":true,"href":"https:\/\/geschichte-hautnah.de\/www\/index.php?rest_route=%2Fwp%2Fv2%2Fcomments&post=2348"}],"version-history":[{"count":6,"href":"https:\/\/geschichte-hautnah.de\/www\/index.php?rest_route=\/wp\/v2\/posts\/2348\/revisions"}],"predecessor-version":[{"id":2372,"href":"https:\/\/geschichte-hautnah.de\/www\/index.php?rest_route=\/wp\/v2\/posts\/2348\/revisions\/2372"}],"wp:attachment":[{"href":"https:\/\/geschichte-hautnah.de\/www\/index.php?rest_route=%2Fwp%2Fv2%2Fmedia&parent=2348"}],"wp:term":[{"taxonomy":"category","embeddable":true,"href":"https:\/\/geschichte-hautnah.de\/www\/index.php?rest_route=%2Fwp%2Fv2%2Fcategories&post=2348"},{"taxonomy":"post_tag","embeddable":true,"href":"https:\/\/geschichte-hautnah.de\/www\/index.php?rest_route=%2Fwp%2Fv2%2Ftags&post=2348"}],"curies":[{"name":"wp","href":"https:\/\/api.w.org\/{rel}","templated":true}]}}