{"id":23487,"date":"2024-11-26T00:00:24","date_gmt":"2024-11-25T23:00:24","guid":{"rendered":"https:\/\/geschichte-hautnah.de\/www\/?p=23487"},"modified":"2020-10-01T19:15:39","modified_gmt":"2020-10-01T17:15:39","slug":"die-maenner-des-ersten-weltkriegs-teil-2-383-joseph-bachmeier","status":"publish","type":"post","link":"https:\/\/geschichte-hautnah.de\/www\/?p=23487","title":{"rendered":"Die M\u00e4nner des Ersten Weltkriegs \u2013 Teil 2.383: Joseph Bachmeier"},"content":{"rendered":"<p>Der Soldat Joseph Bachmeier stammte aus Warzenried, einem Ortsteil der bayerischen Gemeinde <a href=\"https:\/\/de.wikipedia.org\/wiki\/Eschlkam\" target=\"_blank\" rel=\"noopener noreferrer\">Eschlkam<\/a>, und war der Sohn eines Landwirts. Im Ersten Weltkrieg diente er in der 9. Kompanie des 3. bayerischen Ersatz-Infanterie-Regiments als Infanterist. Am 25.09.1916 (Verlustliste: schwerverwundet und verstorben am 26.09.1916) fiel er im Alter von 22 Jahren angeblich an der Somme. Nach meinen Recherchen fiel er jedoch bei den K\u00e4mpfen wzischen Maas und Mosel. Erst am 24.10.1916 wurde sein Regiment in die Schlacht an der Somme beordert. Dar\u00fcber hinaus befindet sich sein Grab auf einem Friedhof in der N\u00e4he von Verdun. Bei anderen an diesem Tag gefallenen Regimentskameraden wird <a href=\"https:\/\/de.wikipedia.org\/wiki\/Azannes-et-Soumazannes\" target=\"_blank\" rel=\"noopener noreferrer\">Azannes-et-Soumazannes<\/a> als Sterbeort angegeben. Das halte ich f\u00fcr realistisch.<\/p>\n<p><span data-sheets-value=\"{&quot;1&quot;:2,&quot;2&quot;:&quot;Azannes II.&quot;}\" data-sheets-userformat=\"{&quot;2&quot;:1049089,&quot;3&quot;:{&quot;1&quot;:0},&quot;12&quot;:0,&quot;23&quot;:1}\" data-sheets-formula=\"=HYPERLINK(&quot;https:\/\/www.google.de\/maps\/place\/55150+Azannes-et-Soumazannes,+Frankreich\/@49.2881061,5.4333825,13z\/data=!3m1!4b1!4m5!3m4!1s0x47eae0e2c1fbaee5:0x40a5fb99a3ae810!8m2!3d49.291057!4d5.466873&quot;;&quot;Azannes II.&quot;)\" data-sheets-hyperlink=\"https:\/\/www.google.de\/maps\/place\/55150+Azannes-et-Soumazannes,+Frankreich\/@49.2881061,5.4333825,13z\/data=!3m1!4b1!4m5!3m4!1s0x47eae0e2c1fbaee5:0x40a5fb99a3ae810!8m2!3d49.291057!4d5.466873\">Man begrub Joseph Bachmeier auf dem Soldatenfriedhof <a class=\"in-cell-link\" href=\"https:\/\/www.google.de\/maps\/place\/55150+Azannes-et-Soumazannes,+Frankreich\/@49.2881061,5.4333825,13z\/data=!3m1!4b1!4m5!3m4!1s0x47eae0e2c1fbaee5:0x40a5fb99a3ae810!8m2!3d49.291057!4d5.466873\" target=\"_blank\" rel=\"noopener noreferrer\">Azannes II<\/a> in<\/span> Block 4, Grab 116.<\/p>\n<figure id=\"attachment_23484\" aria-describedby=\"caption-attachment-23484\" style=\"width: 458px\" class=\"wp-caption aligncenter\"><img loading=\"lazy\" decoding=\"async\" class=\"size-full wp-image-23484\" src=\"https:\/\/geschichte-hautnah.de\/www\/wp-content\/uploads\/2020\/10\/Joseph_Bachmann_v.jpg\" alt=\"\" width=\"458\" height=\"800\" srcset=\"https:\/\/geschichte-hautnah.de\/www\/wp-content\/uploads\/2020\/10\/Joseph_Bachmann_v.jpg 458w, https:\/\/geschichte-hautnah.de\/www\/wp-content\/uploads\/2020\/10\/Joseph_Bachmann_v-172x300.jpg 172w\" sizes=\"auto, (max-width: 458px) 100vw, 458px\" \/><figcaption id=\"caption-attachment-23484\" class=\"wp-caption-text\">Sterbebild von Joseph Bachmeier<\/figcaption><\/figure>\n<figure id=\"attachment_23483\" aria-describedby=\"caption-attachment-23483\" style=\"width: 458px\" class=\"wp-caption aligncenter\"><img loading=\"lazy\" decoding=\"async\" class=\"size-full wp-image-23483\" src=\"https:\/\/geschichte-hautnah.de\/www\/wp-content\/uploads\/2020\/10\/Joseph_Bachmann_h.jpg\" alt=\"\" width=\"458\" height=\"800\" srcset=\"https:\/\/geschichte-hautnah.de\/www\/wp-content\/uploads\/2020\/10\/Joseph_Bachmann_h.jpg 458w, https:\/\/geschichte-hautnah.de\/www\/wp-content\/uploads\/2020\/10\/Joseph_Bachmann_h-172x300.jpg 172w\" sizes=\"auto, (max-width: 458px) 100vw, 458px\" \/><figcaption id=\"caption-attachment-23483\" class=\"wp-caption-text\">R\u00fcckseite des Sterbebildes von Joseph Bachmeier<\/figcaption><\/figure>\n","protected":false},"excerpt":{"rendered":"<p>Der Soldat Joseph Bachmeier stammte aus Warzenried, einem Ortsteil der bayerischen Gemeinde Eschlkam, und war der Sohn eines Landwirts. Im Ersten Weltkrieg diente er in der 9. Kompanie des 3. bayerischen Ersatz-Infanterie-Regiments als Infanterist. Am 25.09.1916 (Verlustliste: schwerverwundet und verstorben am 26.09.1916) fiel er im Alter von 22 Jahren angeblich an der Somme. Nach meinen [&hellip;]<\/p>\n","protected":false},"author":2,"featured_media":0,"comment_status":"closed","ping_status":"closed","sticky":false,"template":"","format":"standard","meta":{"footnotes":"","_wp_rev_ctl_limit":""},"categories":[2,8,1876,651,16],"tags":[5310,798,6457,302,1366,1057,36,598,2115,2116,1091,125,6456],"class_list":["post-23487","post","type-post","status-publish","format-standard","hentry","category-1-weltkrieg","category-sterbebilder","category-frankreich-1-weltkrieg","category-schlacht-an-der-somme","category-verdun","tag-3-bayerisches-ersatz-infanterie-regiment","tag-azannes-ii","tag-azannes-et-soumazannes","tag-bauerssohn","tag-bayern","tag-eschlkam","tag-frankreich","tag-lothringen","tag-maas","tag-mosel","tag-schlacht-an-der-somme","tag-verdun","tag-warzenried"],"_links":{"self":[{"href":"https:\/\/geschichte-hautnah.de\/www\/index.php?rest_route=\/wp\/v2\/posts\/23487","targetHints":{"allow":["GET"]}}],"collection":[{"href":"https:\/\/geschichte-hautnah.de\/www\/index.php?rest_route=\/wp\/v2\/posts"}],"about":[{"href":"https:\/\/geschichte-hautnah.de\/www\/index.php?rest_route=\/wp\/v2\/types\/post"}],"author":[{"embeddable":true,"href":"https:\/\/geschichte-hautnah.de\/www\/index.php?rest_route=\/wp\/v2\/users\/2"}],"replies":[{"embeddable":true,"href":"https:\/\/geschichte-hautnah.de\/www\/index.php?rest_route=%2Fwp%2Fv2%2Fcomments&post=23487"}],"version-history":[{"count":3,"href":"https:\/\/geschichte-hautnah.de\/www\/index.php?rest_route=\/wp\/v2\/posts\/23487\/revisions"}],"predecessor-version":[{"id":23490,"href":"https:\/\/geschichte-hautnah.de\/www\/index.php?rest_route=\/wp\/v2\/posts\/23487\/revisions\/23490"}],"wp:attachment":[{"href":"https:\/\/geschichte-hautnah.de\/www\/index.php?rest_route=%2Fwp%2Fv2%2Fmedia&parent=23487"}],"wp:term":[{"taxonomy":"category","embeddable":true,"href":"https:\/\/geschichte-hautnah.de\/www\/index.php?rest_route=%2Fwp%2Fv2%2Fcategories&post=23487"},{"taxonomy":"post_tag","embeddable":true,"href":"https:\/\/geschichte-hautnah.de\/www\/index.php?rest_route=%2Fwp%2Fv2%2Ftags&post=23487"}],"curies":[{"name":"wp","href":"https:\/\/api.w.org\/{rel}","templated":true}]}}