{"id":23730,"date":"2024-12-15T00:00:21","date_gmt":"2024-12-14T23:00:21","guid":{"rendered":"https:\/\/geschichte-hautnah.de\/www\/?p=23730"},"modified":"2020-10-09T10:59:20","modified_gmt":"2020-10-09T08:59:20","slug":"die-maenner-des-ersten-weltkriegs-teil-2-402-adolf-wuhrer","status":"publish","type":"post","link":"https:\/\/geschichte-hautnah.de\/www\/?p=23730","title":{"rendered":"Die M\u00e4nner des Ersten Weltkriegs \u2013 Teil 2.402: Adolf Wuhrer"},"content":{"rendered":"<p>Der Soldat Adolf Wuhrer wurde am 26.05.1892 in <a href=\"https:\/\/de.wikipedia.org\/wiki\/Kottern\" target=\"_blank\" rel=\"noopener noreferrer\">Kottern<\/a> geboren, einem Ortsteil der bayerischen Stadt <a href=\"https:\/\/de.wikipedia.org\/wiki\/Kempten_(Allg%C3%A4u)\" target=\"_blank\" rel=\"noopener noreferrer\">Kempten<\/a>. Im Ersten Weltkrieg diente er als Unteroffizier in der 5. Kompanie des 20. bayerischen Infanterie-Regiments. Am 25.08.1914 fiel er im Alter von 22 Jahren bei Bazien w\u00e4hrend der K\u00e4mpfe vor Arzailles &#8211; Luneville.<\/p>\n<p>Offiziell ist f\u00fcr Adolf Wuhrer keine Grablage bekannt. Ich gehe jedoch davon aus, dass er anonym in einem Massengrab auf dem Soldatenfriedhof <span data-sheets-value=\"{&quot;1&quot;:2,&quot;2&quot;:&quot;Bertrimoutier&quot;}\" data-sheets-userformat=\"{&quot;2&quot;:1049089,&quot;3&quot;:{&quot;1&quot;:0},&quot;12&quot;:0,&quot;23&quot;:1}\" data-sheets-formula=\"=HYPERLINK(&quot;https:\/\/de.wikipedia.org\/wiki\/Bertrimoutier&quot;;&quot;Bertrimoutier&quot;)\" data-sheets-hyperlink=\"https:\/\/de.wikipedia.org\/wiki\/Bertrimoutier\"><a class=\"in-cell-link\" href=\"https:\/\/de.wikipedia.org\/wiki\/Bertrimoutier\" target=\"_blank\" rel=\"noopener noreferrer\">Bertrimoutier<\/a><\/span> begraben wurde, wo man auch seine Regimentskameraden beisetzte, die am gleichen Tag fielen, u. a.<\/p>\n<ul>\n<li>Leutnant Alfred Krafft, gefallen am 25.08.1914 bei Bazien, begraben auf dem Soldatenfriedhof <span data-sheets-value=\"{&quot;1&quot;:2,&quot;2&quot;:&quot;Bertrimoutier&quot;}\" data-sheets-userformat=\"{&quot;2&quot;:1049089,&quot;3&quot;:{&quot;1&quot;:0},&quot;12&quot;:0,&quot;23&quot;:1}\" data-sheets-formula=\"=HYPERLINK(&quot;https:\/\/de.wikipedia.org\/wiki\/Bertrimoutier&quot;;&quot;Bertrimoutier&quot;)\" data-sheets-hyperlink=\"https:\/\/de.wikipedia.org\/wiki\/Bertrimoutier\"><a class=\"in-cell-link\" href=\"https:\/\/de.wikipedia.org\/wiki\/Bertrimoutier\" target=\"_blank\" rel=\"noopener noreferrer\">Bertrimoutier<\/a><\/span> in einem Massengrab;<\/li>\n<li>Leutnant Johann Donderer, gefallen am 25.08.1914 bei Bazien, begraben auf dem Soldatenfriedhof <span data-sheets-value=\"{&quot;1&quot;:2,&quot;2&quot;:&quot;Bertrimoutier&quot;}\" data-sheets-userformat=\"{&quot;2&quot;:1049089,&quot;3&quot;:{&quot;1&quot;:0},&quot;12&quot;:0,&quot;23&quot;:1}\" data-sheets-formula=\"=HYPERLINK(&quot;https:\/\/de.wikipedia.org\/wiki\/Bertrimoutier&quot;;&quot;Bertrimoutier&quot;)\" data-sheets-hyperlink=\"https:\/\/de.wikipedia.org\/wiki\/Bertrimoutier\"><a class=\"in-cell-link\" href=\"https:\/\/de.wikipedia.org\/wiki\/Bertrimoutier\" target=\"_blank\" rel=\"noopener noreferrer\">Bertrimoutier<\/a><\/span> in einem Massengrab;<\/li>\n<li>Gefreiter Rudolf Winkler, gefallen am 25.08.1914 bei Bazien, begraben auf dem Soldatenfriedhof <span data-sheets-value=\"{&quot;1&quot;:2,&quot;2&quot;:&quot;Bertrimoutier&quot;}\" data-sheets-userformat=\"{&quot;2&quot;:1049089,&quot;3&quot;:{&quot;1&quot;:0},&quot;12&quot;:0,&quot;23&quot;:1}\" data-sheets-formula=\"=HYPERLINK(&quot;https:\/\/de.wikipedia.org\/wiki\/Bertrimoutier&quot;;&quot;Bertrimoutier&quot;)\" data-sheets-hyperlink=\"https:\/\/de.wikipedia.org\/wiki\/Bertrimoutier\"><a class=\"in-cell-link\" href=\"https:\/\/de.wikipedia.org\/wiki\/Bertrimoutier\" target=\"_blank\" rel=\"noopener noreferrer\">Bertrimoutier<\/a><\/span> in einem Massengrab;<\/li>\n<li>Infanterist Ernst Becker, gefallen am 25.08.1914 bei Bazien, begraben auf dem Soldatenfriedhof <span data-sheets-value=\"{&quot;1&quot;:2,&quot;2&quot;:&quot;Bertrimoutier&quot;}\" data-sheets-userformat=\"{&quot;2&quot;:1049089,&quot;3&quot;:{&quot;1&quot;:0},&quot;12&quot;:0,&quot;23&quot;:1}\" data-sheets-formula=\"=HYPERLINK(&quot;https:\/\/de.wikipedia.org\/wiki\/Bertrimoutier&quot;;&quot;Bertrimoutier&quot;)\" data-sheets-hyperlink=\"https:\/\/de.wikipedia.org\/wiki\/Bertrimoutier\"><a class=\"in-cell-link\" href=\"https:\/\/de.wikipedia.org\/wiki\/Bertrimoutier\" target=\"_blank\" rel=\"noopener noreferrer\">Bertrimoutier<\/a><\/span> in einem Massengrab.<\/li>\n<\/ul>\n<p>&nbsp;<\/p>\n<figure id=\"attachment_23729\" aria-describedby=\"caption-attachment-23729\" style=\"width: 440px\" class=\"wp-caption aligncenter\"><img loading=\"lazy\" decoding=\"async\" class=\"size-full wp-image-23729\" src=\"https:\/\/geschichte-hautnah.de\/www\/wp-content\/uploads\/2020\/10\/Adolf_Wuhrer_v.jpg\" alt=\"\" width=\"440\" height=\"800\" srcset=\"https:\/\/geschichte-hautnah.de\/www\/wp-content\/uploads\/2020\/10\/Adolf_Wuhrer_v.jpg 440w, https:\/\/geschichte-hautnah.de\/www\/wp-content\/uploads\/2020\/10\/Adolf_Wuhrer_v-165x300.jpg 165w\" sizes=\"auto, (max-width: 440px) 100vw, 440px\" \/><figcaption id=\"caption-attachment-23729\" class=\"wp-caption-text\">Sterbebild von Adolf Wuhrer<\/figcaption><\/figure>\n<figure id=\"attachment_23728\" aria-describedby=\"caption-attachment-23728\" style=\"width: 440px\" class=\"wp-caption aligncenter\"><img loading=\"lazy\" decoding=\"async\" class=\"size-full wp-image-23728\" src=\"https:\/\/geschichte-hautnah.de\/www\/wp-content\/uploads\/2020\/10\/Adolf_Wuhrer_h.jpg\" alt=\"\" width=\"440\" height=\"800\" srcset=\"https:\/\/geschichte-hautnah.de\/www\/wp-content\/uploads\/2020\/10\/Adolf_Wuhrer_h.jpg 440w, https:\/\/geschichte-hautnah.de\/www\/wp-content\/uploads\/2020\/10\/Adolf_Wuhrer_h-165x300.jpg 165w\" sizes=\"auto, (max-width: 440px) 100vw, 440px\" \/><figcaption id=\"caption-attachment-23728\" class=\"wp-caption-text\">R\u00fcckseite des Sterbebildes von Adolf Wuhrer<\/figcaption><\/figure>\n","protected":false},"excerpt":{"rendered":"<p>Der Soldat Adolf Wuhrer wurde am 26.05.1892 in Kottern geboren, einem Ortsteil der bayerischen Stadt Kempten. Im Ersten Weltkrieg diente er als Unteroffizier in der 5. Kompanie des 20. bayerischen Infanterie-Regiments. Am 25.08.1914 fiel er im Alter von 22 Jahren bei Bazien w\u00e4hrend der K\u00e4mpfe vor Arzailles &#8211; Luneville. Offiziell ist f\u00fcr Adolf Wuhrer keine [&hellip;]<\/p>\n","protected":false},"author":2,"featured_media":0,"comment_status":"closed","ping_status":"closed","sticky":false,"template":"","format":"standard","meta":{"footnotes":"","_wp_rev_ctl_limit":""},"categories":[2,8,1876,594],"tags":[216,280,1366,1130,477,36,934,2065,598,1806,92,99,101],"class_list":["post-23730","post","type-post","status-publish","format-standard","hentry","category-1-weltkrieg","category-sterbebilder","category-frankreich-1-weltkrieg","category-lothringen-saarland","tag-20-bayerisches-infanterie-regiment","tag-anonym","tag-bayern","tag-bazien","tag-bertrimourtier","tag-frankreich","tag-kempten","tag-kottern","tag-lothringen","tag-luneville","tag-massengrab","tag-unbekannte-grablage","tag-unteroffizier"],"_links":{"self":[{"href":"https:\/\/geschichte-hautnah.de\/www\/index.php?rest_route=\/wp\/v2\/posts\/23730","targetHints":{"allow":["GET"]}}],"collection":[{"href":"https:\/\/geschichte-hautnah.de\/www\/index.php?rest_route=\/wp\/v2\/posts"}],"about":[{"href":"https:\/\/geschichte-hautnah.de\/www\/index.php?rest_route=\/wp\/v2\/types\/post"}],"author":[{"embeddable":true,"href":"https:\/\/geschichte-hautnah.de\/www\/index.php?rest_route=\/wp\/v2\/users\/2"}],"replies":[{"embeddable":true,"href":"https:\/\/geschichte-hautnah.de\/www\/index.php?rest_route=%2Fwp%2Fv2%2Fcomments&post=23730"}],"version-history":[{"count":6,"href":"https:\/\/geschichte-hautnah.de\/www\/index.php?rest_route=\/wp\/v2\/posts\/23730\/revisions"}],"predecessor-version":[{"id":23736,"href":"https:\/\/geschichte-hautnah.de\/www\/index.php?rest_route=\/wp\/v2\/posts\/23730\/revisions\/23736"}],"wp:attachment":[{"href":"https:\/\/geschichte-hautnah.de\/www\/index.php?rest_route=%2Fwp%2Fv2%2Fmedia&parent=23730"}],"wp:term":[{"taxonomy":"category","embeddable":true,"href":"https:\/\/geschichte-hautnah.de\/www\/index.php?rest_route=%2Fwp%2Fv2%2Fcategories&post=23730"},{"taxonomy":"post_tag","embeddable":true,"href":"https:\/\/geschichte-hautnah.de\/www\/index.php?rest_route=%2Fwp%2Fv2%2Ftags&post=23730"}],"curies":[{"name":"wp","href":"https:\/\/api.w.org\/{rel}","templated":true}]}}