{"id":23754,"date":"2024-12-17T00:00:29","date_gmt":"2024-12-16T23:00:29","guid":{"rendered":"https:\/\/geschichte-hautnah.de\/www\/?p=23754"},"modified":"2020-10-13T07:23:42","modified_gmt":"2020-10-13T05:23:42","slug":"die-maenner-des-ersten-weltkriegs-teil-2-404-johann-haubner","status":"publish","type":"post","link":"https:\/\/geschichte-hautnah.de\/www\/?p=23754","title":{"rendered":"Die M\u00e4nner des Ersten Weltkriegs \u2013 Teil 2.404: Johann Haubner"},"content":{"rendered":"<p>Der Soldat Johann Haubner wurde am 08.02.1896 in <a href=\"https:\/\/de.wikipedia.org\/wiki\/Gro%C3%9Fensterz\" target=\"_blank\" rel=\"noopener noreferrer\">Gro\u00dfensterz<\/a>, einem Ortsteil der bayerischen Stadt <a href=\"https:\/\/de.wikipedia.org\/wiki\/Mitterteich\" target=\"_blank\" rel=\"noopener noreferrer\">Mitterteich<\/a>, und war der Sohn eines Landwirts. Im Ersten Weltkrieg diente er als Fahrer in der 8. Batterie des 3. bayerischen <span style=\"color: #ff0000;\"><strong>Reserve<\/strong><\/span>-Fu\u00df-Artillerie-Regiments. Am 04.10.1918 fiel er im Alter von 22 Jahren bei Verdun durch einen Granattreffer.<\/p>\n<p>\u00dcber den Todeszeitraum von Johann Haubner berichtet die Regimentsgeschichte des 3. bayerischen Reserve-Fu\u00df-Artillerie-Regiments:<\/p>\n<blockquote><p><em>&#8222;Abwehrkampf bei Verdun<\/em><\/p>\n<p><em>Im Oktober kommt Stab, 8. und 9. Batterie zur \u00f6sterreichischen 1. Division (V. Armeekorps) vor Verdun. Batterien gehen nordwestlich <a href=\"https:\/\/de.wikipedia.org\/wiki\/Brandeville\" target=\"_blank\" rel=\"noopener noreferrer\">Brandeville<\/a> in Stellung (10. Batterie in Umbewaffnung bleibt teils in <a href=\"https:\/\/de.wikipedia.org\/wiki\/Maubeuge\" target=\"_blank\" rel=\"noopener noreferrer\">Maubeuge<\/a>, teils in K\u00f6ln). Stab wird als Munitionsstab in Brandeville eingeteilt, kommt sp\u00e4ter nach <a href=\"https:\/\/de.wikipedia.org\/wiki\/Louppy-sur-Loison\" target=\"_blank\" rel=\"noopener noreferrer\">Louppy-sur-Loison<\/a> &#8211; <a href=\"https:\/\/de.wikipedia.org\/wiki\/Remoiville\" target=\"_blank\" rel=\"noopener noreferrer\">R\u00e9moiville<\/a>. Schwere K\u00e4mpfe gegen die mit aller Macht angreifenden Amerikaner. Bei Gro\u00dfangriff am 8. verliert 8. Batterie ihre Gesch\u00fctze, die vorher gesprent werden. Trotz der K\u00e4mpfe und st\u00e4ndigem Stellungswechsel ist die Haltung der Batterien noch gut. Nur der junge Ersatz aus der Heimat l\u00e4sst, was Stimmung anlangt, sehr zu w\u00fcnschen \u00fcbrig, so dass wir auf solchen Ersatz verzichten.&#8220;<\/em><\/p><\/blockquote>\n<p>Diesem Ausschnitt kann man entnehmen, dass die Soldaten l\u00e4ngst erkannt hatten, dass dieser unsinnige Krieg l\u00e4ngst verloren war. Sie wollten nicht mehr k\u00e4mpfen, was verschwurbelt berichtet wird mit Formulierungen wie &#8222;<em>Nur der junge Ersatz aus der Heimat l\u00e4sst, was Stimmung anlangt, sehr zu w\u00fcnschen \u00fcbrig&#8230;&#8220;. <\/em>Die Soldaten wollten nicht weiter verheizt werden! Eine nachvollziehbare Gef\u00fchlslage!<\/p>\n<p>Offiziell ist f\u00fcr Johann Haubner keine Grablage bekannt. Mit gro\u00dfer Unsicherheit vermute ich, dass er anonym in einem Massengrab auf dem Sammelfriedhof <span data-sheets-value=\"{&quot;1&quot;:2,&quot;2&quot;:&quot;Brieulles-sur-Meuse&quot;}\" data-sheets-userformat=\"{&quot;2&quot;:1049089,&quot;3&quot;:{&quot;1&quot;:0},&quot;12&quot;:0,&quot;23&quot;:1}\" data-sheets-formula=\"=HYPERLINK(&quot;https:\/\/goo.gl\/maps\/RG8wjvHYGFx&quot;;&quot;Brieulles-sur-Meuse&quot;)\" data-sheets-hyperlink=\"https:\/\/goo.gl\/maps\/RG8wjvHYGFx\"><a class=\"in-cell-link\" href=\"https:\/\/goo.gl\/maps\/RG8wjvHYGFx\" target=\"_blank\" rel=\"noopener noreferrer\">Brieulles-sur-Meuse<\/a><\/span> begraben wurde, nachdem er zun\u00e4chst in einem Massengrab an seinem Sterbeort verscharrt worden war. Dort wurden nach dem Krieg viele \u00dcberreste von Soldaten aus den zahlreichen Feldfriedh\u00f6fen begraben, die zusammengelegt wurden. Bei diesen Gefallenen war meist nicht mehr feststellbar, um welchen Soldaten es sich handelte.<\/p>\n<figure id=\"attachment_23743\" aria-describedby=\"caption-attachment-23743\" style=\"width: 800px\" class=\"wp-caption aligncenter\"><img loading=\"lazy\" decoding=\"async\" class=\"size-full wp-image-23743\" src=\"https:\/\/geschichte-hautnah.de\/www\/wp-content\/uploads\/2020\/10\/Johann_Haubner_v.jpg\" alt=\"\" width=\"800\" height=\"638\" srcset=\"https:\/\/geschichte-hautnah.de\/www\/wp-content\/uploads\/2020\/10\/Johann_Haubner_v.jpg 800w, https:\/\/geschichte-hautnah.de\/www\/wp-content\/uploads\/2020\/10\/Johann_Haubner_v-300x239.jpg 300w, https:\/\/geschichte-hautnah.de\/www\/wp-content\/uploads\/2020\/10\/Johann_Haubner_v-768x612.jpg 768w\" sizes=\"auto, (max-width: 800px) 100vw, 800px\" \/><figcaption id=\"caption-attachment-23743\" class=\"wp-caption-text\">Sterbebild von Johann Haubner<\/figcaption><\/figure>\n<figure id=\"attachment_23742\" aria-describedby=\"caption-attachment-23742\" style=\"width: 800px\" class=\"wp-caption aligncenter\"><img loading=\"lazy\" decoding=\"async\" class=\"size-full wp-image-23742\" src=\"https:\/\/geschichte-hautnah.de\/www\/wp-content\/uploads\/2020\/10\/Johann_Haubner_h.jpg\" alt=\"\" width=\"800\" height=\"638\" srcset=\"https:\/\/geschichte-hautnah.de\/www\/wp-content\/uploads\/2020\/10\/Johann_Haubner_h.jpg 800w, https:\/\/geschichte-hautnah.de\/www\/wp-content\/uploads\/2020\/10\/Johann_Haubner_h-300x239.jpg 300w, https:\/\/geschichte-hautnah.de\/www\/wp-content\/uploads\/2020\/10\/Johann_Haubner_h-768x612.jpg 768w\" sizes=\"auto, (max-width: 800px) 100vw, 800px\" \/><figcaption id=\"caption-attachment-23742\" class=\"wp-caption-text\">R\u00fcckseite des Sterbebildes von Johann Haubner<\/figcaption><\/figure>\n","protected":false},"excerpt":{"rendered":"<p>Der Soldat Johann Haubner wurde am 08.02.1896 in Gro\u00dfensterz, einem Ortsteil der bayerischen Stadt Mitterteich, und war der Sohn eines Landwirts. Im Ersten Weltkrieg diente er als Fahrer in der 8. Batterie des 3. bayerischen Reserve-Fu\u00df-Artillerie-Regiments. Am 04.10.1918 fiel er im Alter von 22 Jahren bei Verdun durch einen Granattreffer. \u00dcber den Todeszeitraum von Johann [&hellip;]<\/p>\n","protected":false},"author":2,"featured_media":0,"comment_status":"closed","ping_status":"closed","sticky":false,"template":"","format":"standard","meta":{"footnotes":"","_wp_rev_ctl_limit":""},"categories":[2,8,1876,16],"tags":[539,302,1366,6498,225,36,6497,6500,598,2897,1087,6499,125],"class_list":["post-23754","post","type-post","status-publish","format-standard","hentry","category-1-weltkrieg","category-sterbebilder","category-frankreich-1-weltkrieg","category-verdun","tag-3-bayerisches-fuss-artillerie-regiment","tag-bauerssohn","tag-bayern","tag-brandeville","tag-fahrer","tag-frankreich","tag-grossensterz","tag-https-de-wikipedia-org-wiki-louppy-sur-loison","tag-lothringen","tag-mitterteich","tag-regimentsgeschichte","tag-remoiville","tag-verdun"],"_links":{"self":[{"href":"https:\/\/geschichte-hautnah.de\/www\/index.php?rest_route=\/wp\/v2\/posts\/23754","targetHints":{"allow":["GET"]}}],"collection":[{"href":"https:\/\/geschichte-hautnah.de\/www\/index.php?rest_route=\/wp\/v2\/posts"}],"about":[{"href":"https:\/\/geschichte-hautnah.de\/www\/index.php?rest_route=\/wp\/v2\/types\/post"}],"author":[{"embeddable":true,"href":"https:\/\/geschichte-hautnah.de\/www\/index.php?rest_route=\/wp\/v2\/users\/2"}],"replies":[{"embeddable":true,"href":"https:\/\/geschichte-hautnah.de\/www\/index.php?rest_route=%2Fwp%2Fv2%2Fcomments&post=23754"}],"version-history":[{"count":5,"href":"https:\/\/geschichte-hautnah.de\/www\/index.php?rest_route=\/wp\/v2\/posts\/23754\/revisions"}],"predecessor-version":[{"id":23759,"href":"https:\/\/geschichte-hautnah.de\/www\/index.php?rest_route=\/wp\/v2\/posts\/23754\/revisions\/23759"}],"wp:attachment":[{"href":"https:\/\/geschichte-hautnah.de\/www\/index.php?rest_route=%2Fwp%2Fv2%2Fmedia&parent=23754"}],"wp:term":[{"taxonomy":"category","embeddable":true,"href":"https:\/\/geschichte-hautnah.de\/www\/index.php?rest_route=%2Fwp%2Fv2%2Fcategories&post=23754"},{"taxonomy":"post_tag","embeddable":true,"href":"https:\/\/geschichte-hautnah.de\/www\/index.php?rest_route=%2Fwp%2Fv2%2Ftags&post=23754"}],"curies":[{"name":"wp","href":"https:\/\/api.w.org\/{rel}","templated":true}]}}