{"id":23807,"date":"2024-12-23T00:00:25","date_gmt":"2024-12-22T23:00:25","guid":{"rendered":"https:\/\/geschichte-hautnah.de\/www\/?p=23807"},"modified":"2020-10-13T14:30:23","modified_gmt":"2020-10-13T12:30:23","slug":"die-maenner-des-ersten-weltkriegs-teil-2-410-wilhelm-riedl","status":"publish","type":"post","link":"https:\/\/geschichte-hautnah.de\/www\/?p=23807","title":{"rendered":"Die M\u00e4nner des Ersten Weltkriegs \u2013 Teil 2.410: Wilhelm Riedl"},"content":{"rendered":"<p>Der Soldat Wilhelm Riedl wurde am 11.02.1885 in <a href=\"https:\/\/de.wikipedia.org\/wiki\/Ecknach\" target=\"_blank\" rel=\"noopener noreferrer\">Ecknach<\/a>, einem Ortsteil der bayerischen Stadt <a href=\"https:\/\/de.wikipedia.org\/wiki\/Aichach\" target=\"_blank\" rel=\"noopener noreferrer\">Aichach<\/a>, als Sohn eines Kleinbauern geboren. Im Ersten Weltkrieg diente er er in der 12. Kompanie des 15. bayerischen Reserve-Infanterie-Regiments. Am 28.02.1916 fiel er im Alter von 31 Jahren w\u00e4hrend der Schlacht um Verdun bei <a href=\"https:\/\/de.wikipedia.org\/wiki\/Haudiomont\" target=\"_blank\" rel=\"noopener noreferrer\">Haudiomont<\/a>. Zun\u00e4chst wurde gemeldet, er sei schwer verwundet worden, dann erg\u00e4nzte man drei Monate sp\u00e4ter, er sei auch vermisst. Schlie\u00dflich erhielt man Gewissheit: Er war gefallen.<\/p>\n<p>Es ist keine Grablage f\u00fcr Wilhelm Riedl bekannt. Ich kann auch keine Vermutung \u00fcber den Ort seines Grabes anstellen, da seine Kameraden \u00fcber die Soldatenfriedh\u00f6fe rund um Verdun verstreut liegen. Offensichtlich ging man bei der Zusammenlegung der Soldatenfriedh\u00f6fe nach dem Ersten Weltkrieg recht wahllos vor.<\/p>\n<figure id=\"attachment_23806\" aria-describedby=\"caption-attachment-23806\" style=\"width: 800px\" class=\"wp-caption aligncenter\"><img loading=\"lazy\" decoding=\"async\" class=\"size-full wp-image-23806\" src=\"https:\/\/geschichte-hautnah.de\/www\/wp-content\/uploads\/2020\/10\/Wilhelm_Riedl_v.jpg\" alt=\"\" width=\"800\" height=\"628\" srcset=\"https:\/\/geschichte-hautnah.de\/www\/wp-content\/uploads\/2020\/10\/Wilhelm_Riedl_v.jpg 800w, https:\/\/geschichte-hautnah.de\/www\/wp-content\/uploads\/2020\/10\/Wilhelm_Riedl_v-300x236.jpg 300w, https:\/\/geschichte-hautnah.de\/www\/wp-content\/uploads\/2020\/10\/Wilhelm_Riedl_v-768x603.jpg 768w\" sizes=\"auto, (max-width: 800px) 100vw, 800px\" \/><figcaption id=\"caption-attachment-23806\" class=\"wp-caption-text\">Sterbebild von Wilhelm Riedl<\/figcaption><\/figure>\n<figure id=\"attachment_23805\" aria-describedby=\"caption-attachment-23805\" style=\"width: 800px\" class=\"wp-caption aligncenter\"><img loading=\"lazy\" decoding=\"async\" class=\"size-full wp-image-23805\" src=\"https:\/\/geschichte-hautnah.de\/www\/wp-content\/uploads\/2020\/10\/Wilhelm_Riedl_h.jpg\" alt=\"\" width=\"800\" height=\"628\" srcset=\"https:\/\/geschichte-hautnah.de\/www\/wp-content\/uploads\/2020\/10\/Wilhelm_Riedl_h.jpg 800w, https:\/\/geschichte-hautnah.de\/www\/wp-content\/uploads\/2020\/10\/Wilhelm_Riedl_h-300x236.jpg 300w, https:\/\/geschichte-hautnah.de\/www\/wp-content\/uploads\/2020\/10\/Wilhelm_Riedl_h-768x603.jpg 768w\" sizes=\"auto, (max-width: 800px) 100vw, 800px\" \/><figcaption id=\"caption-attachment-23805\" class=\"wp-caption-text\">R\u00fcckseite des Sterbebildes von Wilhelm Riedl<\/figcaption><\/figure>\n","protected":false},"excerpt":{"rendered":"<p>Der Soldat Wilhelm Riedl wurde am 11.02.1885 in Ecknach, einem Ortsteil der bayerischen Stadt Aichach, als Sohn eines Kleinbauern geboren. Im Ersten Weltkrieg diente er er in der 12. Kompanie des 15. bayerischen Reserve-Infanterie-Regiments. Am 28.02.1916 fiel er im Alter von 31 Jahren w\u00e4hrend der Schlacht um Verdun bei Haudiomont. Zun\u00e4chst wurde gemeldet, er sei [&hellip;]<\/p>\n","protected":false},"author":2,"featured_media":0,"comment_status":"closed","ping_status":"closed","sticky":false,"template":"","format":"standard","meta":{"footnotes":"","_wp_rev_ctl_limit":""},"categories":[2,8,1876,16],"tags":[1518,627,1366,6506,36,551,6041,4956,598,3155,99],"class_list":["post-23807","post","type-post","status-publish","format-standard","hentry","category-1-weltkrieg","category-sterbebilder","category-frankreich-1-weltkrieg","category-verdun","tag-15-bayerisches-reserve-infanterie-regiment","tag-aichach","tag-bayern","tag-ecknach","tag-frankreich","tag-guetlerssohn","tag-haudiomont","tag-kleinbauerssohn","tag-lothringen","tag-schlacht-um-verdun","tag-unbekannte-grablage"],"_links":{"self":[{"href":"https:\/\/geschichte-hautnah.de\/www\/index.php?rest_route=\/wp\/v2\/posts\/23807","targetHints":{"allow":["GET"]}}],"collection":[{"href":"https:\/\/geschichte-hautnah.de\/www\/index.php?rest_route=\/wp\/v2\/posts"}],"about":[{"href":"https:\/\/geschichte-hautnah.de\/www\/index.php?rest_route=\/wp\/v2\/types\/post"}],"author":[{"embeddable":true,"href":"https:\/\/geschichte-hautnah.de\/www\/index.php?rest_route=\/wp\/v2\/users\/2"}],"replies":[{"embeddable":true,"href":"https:\/\/geschichte-hautnah.de\/www\/index.php?rest_route=%2Fwp%2Fv2%2Fcomments&post=23807"}],"version-history":[{"count":5,"href":"https:\/\/geschichte-hautnah.de\/www\/index.php?rest_route=\/wp\/v2\/posts\/23807\/revisions"}],"predecessor-version":[{"id":23812,"href":"https:\/\/geschichte-hautnah.de\/www\/index.php?rest_route=\/wp\/v2\/posts\/23807\/revisions\/23812"}],"wp:attachment":[{"href":"https:\/\/geschichte-hautnah.de\/www\/index.php?rest_route=%2Fwp%2Fv2%2Fmedia&parent=23807"}],"wp:term":[{"taxonomy":"category","embeddable":true,"href":"https:\/\/geschichte-hautnah.de\/www\/index.php?rest_route=%2Fwp%2Fv2%2Fcategories&post=23807"},{"taxonomy":"post_tag","embeddable":true,"href":"https:\/\/geschichte-hautnah.de\/www\/index.php?rest_route=%2Fwp%2Fv2%2Ftags&post=23807"}],"curies":[{"name":"wp","href":"https:\/\/api.w.org\/{rel}","templated":true}]}}