{"id":23878,"date":"2025-01-01T00:00:48","date_gmt":"2024-12-31T23:00:48","guid":{"rendered":"https:\/\/geschichte-hautnah.de\/www\/?p=23878"},"modified":"2020-10-13T20:29:58","modified_gmt":"2020-10-13T18:29:58","slug":"die-maenner-des-ersten-weltkriegs-teil-2-419-franz-xaver-stoegmeier","status":"publish","type":"post","link":"https:\/\/geschichte-hautnah.de\/www\/?p=23878","title":{"rendered":"Die M\u00e4nner des Ersten Weltkriegs \u2013 Teil 2.419: Franz Xaver St\u00f6gmeier"},"content":{"rendered":"<p>Der Soldat Franz Xaver St\u00f6gmeier stammte aus der bayerischen Gemeinde <a href=\"https:\/\/de.wikipedia.org\/wiki\/Hausham\" target=\"_blank\" rel=\"noopener noreferrer\">Hausham<\/a>. Er war von Beruf Bergmann. Im Ersten Weltkrieg diente er als Reservist und Infanterist in der 6. Kompanie des 159. preu\u00dfischen Infanterie-Regiments. Am 02.08.1916 fiel er am Pfefferr\u00fccken w\u00e4hrend der <a href=\"https:\/\/de.wikipedia.org\/wiki\/Schlacht_um_Verdun\" target=\"_blank\" rel=\"noopener noreferrer\">Stellungsk\u00e4mpfe bei Verdun<\/a> im Alter von 27 Jahren nach zwei Jahren Kriegsdienst.<\/p>\n<p>Die Lage des Grabes von Franz Xaver St\u00f6gmeier ist unbekannt.<\/p>\n<figure id=\"attachment_23861\" aria-describedby=\"caption-attachment-23861\" style=\"width: 490px\" class=\"wp-caption aligncenter\"><img loading=\"lazy\" decoding=\"async\" class=\"size-full wp-image-23861\" src=\"https:\/\/geschichte-hautnah.de\/www\/wp-content\/uploads\/2020\/10\/Franz_Xaver_Stoegmeier_v.jpg\" alt=\"\" width=\"490\" height=\"800\" srcset=\"https:\/\/geschichte-hautnah.de\/www\/wp-content\/uploads\/2020\/10\/Franz_Xaver_Stoegmeier_v.jpg 490w, https:\/\/geschichte-hautnah.de\/www\/wp-content\/uploads\/2020\/10\/Franz_Xaver_Stoegmeier_v-184x300.jpg 184w\" sizes=\"auto, (max-width: 490px) 100vw, 490px\" \/><figcaption id=\"caption-attachment-23861\" class=\"wp-caption-text\">Sterbebild von Franz Xaver St\u00f6gmeier<\/figcaption><\/figure>\n<figure id=\"attachment_23860\" aria-describedby=\"caption-attachment-23860\" style=\"width: 490px\" class=\"wp-caption aligncenter\"><img loading=\"lazy\" decoding=\"async\" class=\"size-full wp-image-23860\" src=\"https:\/\/geschichte-hautnah.de\/www\/wp-content\/uploads\/2020\/10\/Franz_Xaver_Stoegmeier_h.jpg\" alt=\"\" width=\"490\" height=\"800\" srcset=\"https:\/\/geschichte-hautnah.de\/www\/wp-content\/uploads\/2020\/10\/Franz_Xaver_Stoegmeier_h.jpg 490w, https:\/\/geschichte-hautnah.de\/www\/wp-content\/uploads\/2020\/10\/Franz_Xaver_Stoegmeier_h-184x300.jpg 184w\" sizes=\"auto, (max-width: 490px) 100vw, 490px\" \/><figcaption id=\"caption-attachment-23860\" class=\"wp-caption-text\">R\u00fcckseite des Sterbebildes von Franz Xaver St\u00f6gmeier<\/figcaption><\/figure>\n","protected":false},"excerpt":{"rendered":"<p>Der Soldat Franz Xaver St\u00f6gmeier stammte aus der bayerischen Gemeinde Hausham. Er war von Beruf Bergmann. Im Ersten Weltkrieg diente er als Reservist und Infanterist in der 6. Kompanie des 159. preu\u00dfischen Infanterie-Regiments. Am 02.08.1916 fiel er am Pfefferr\u00fccken w\u00e4hrend der Stellungsk\u00e4mpfe bei Verdun im Alter von 27 Jahren nach zwei Jahren Kriegsdienst. Die Lage [&hellip;]<\/p>\n","protected":false},"author":2,"featured_media":0,"comment_status":"closed","ping_status":"closed","sticky":false,"template":"","format":"standard","meta":{"footnotes":"","_wp_rev_ctl_limit":""},"categories":[2,8,1876,16],"tags":[6529,1366,1066,36,2699,598,3155],"class_list":["post-23878","post","type-post","status-publish","format-standard","hentry","category-1-weltkrieg","category-sterbebilder","category-frankreich-1-weltkrieg","category-verdun","tag-159-infanterie-regiment","tag-bayern","tag-bergmann","tag-frankreich","tag-hausham","tag-lothringen","tag-schlacht-um-verdun"],"_links":{"self":[{"href":"https:\/\/geschichte-hautnah.de\/www\/index.php?rest_route=\/wp\/v2\/posts\/23878","targetHints":{"allow":["GET"]}}],"collection":[{"href":"https:\/\/geschichte-hautnah.de\/www\/index.php?rest_route=\/wp\/v2\/posts"}],"about":[{"href":"https:\/\/geschichte-hautnah.de\/www\/index.php?rest_route=\/wp\/v2\/types\/post"}],"author":[{"embeddable":true,"href":"https:\/\/geschichte-hautnah.de\/www\/index.php?rest_route=\/wp\/v2\/users\/2"}],"replies":[{"embeddable":true,"href":"https:\/\/geschichte-hautnah.de\/www\/index.php?rest_route=%2Fwp%2Fv2%2Fcomments&post=23878"}],"version-history":[{"count":5,"href":"https:\/\/geschichte-hautnah.de\/www\/index.php?rest_route=\/wp\/v2\/posts\/23878\/revisions"}],"predecessor-version":[{"id":23883,"href":"https:\/\/geschichte-hautnah.de\/www\/index.php?rest_route=\/wp\/v2\/posts\/23878\/revisions\/23883"}],"wp:attachment":[{"href":"https:\/\/geschichte-hautnah.de\/www\/index.php?rest_route=%2Fwp%2Fv2%2Fmedia&parent=23878"}],"wp:term":[{"taxonomy":"category","embeddable":true,"href":"https:\/\/geschichte-hautnah.de\/www\/index.php?rest_route=%2Fwp%2Fv2%2Fcategories&post=23878"},{"taxonomy":"post_tag","embeddable":true,"href":"https:\/\/geschichte-hautnah.de\/www\/index.php?rest_route=%2Fwp%2Fv2%2Ftags&post=23878"}],"curies":[{"name":"wp","href":"https:\/\/api.w.org\/{rel}","templated":true}]}}