{"id":24199,"date":"2025-02-06T00:00:54","date_gmt":"2025-02-05T23:00:54","guid":{"rendered":"https:\/\/geschichte-hautnah.de\/www\/?p=24199"},"modified":"2020-10-28T06:49:04","modified_gmt":"2020-10-28T05:49:04","slug":"die-maenner-des-ersten-weltkriegs-teil-2-455-georg-vogler","status":"publish","type":"post","link":"https:\/\/geschichte-hautnah.de\/www\/?p=24199","title":{"rendered":"Die M\u00e4nner des Ersten Weltkriegs \u2013 Teil 2.455: Georg Vogler"},"content":{"rendered":"<p>Der Soldat Georg Vogler stammte aus Unterhaindlfing, einem Ortsteil der bayerischen Gemeinde <a href=\"https:\/\/de.wikipedia.org\/wiki\/Wolfersdorf\" target=\"_blank\" rel=\"noopener noreferrer\">Wolfersdorf<\/a>, und war der Sohn eines Landwirts (Gruberbauerssohn). Im Ersten Weltkrieg diente er als Infanterist in der 11. Kompanie des 1. bayerischen Reserve-Infanterie-Regiments. Am 18.02.1916 wurde er bei Blangy im Alter von 21 Jahren durch Versch\u00fcttung im Sch\u00fctzengraben get\u00f6tet. Am 28.02.1916 wurde sein Leichnam ausgegraben.<\/p>\n<p><span data-sheets-value=\"{&quot;1&quot;:2,&quot;2&quot;:&quot;Billy-Montigny&quot;}\" data-sheets-userformat=\"{&quot;2&quot;:1049089,&quot;3&quot;:{&quot;1&quot;:0},&quot;12&quot;:0,&quot;23&quot;:1}\" data-sheets-formula=\"=HYPERLINK(&quot;https:\/\/de.wikipedia.org\/wiki\/Billy-Montigny&quot;;&quot;Billy-Montigny&quot;)\" data-sheets-hyperlink=\"https:\/\/de.wikipedia.org\/wiki\/Billy-Montigny\">Man begrub Georg Vogler auf dem Soldatenfriedhof <a class=\"in-cell-link\" href=\"https:\/\/de.wikipedia.org\/wiki\/Billy-Montigny\" target=\"_blank\" rel=\"noopener noreferrer\">Billy-Montigny<\/a><\/span> in Block 5, Grab 128.<\/p>\n<figure id=\"attachment_24198\" aria-describedby=\"caption-attachment-24198\" style=\"width: 800px\" class=\"wp-caption aligncenter\"><img loading=\"lazy\" decoding=\"async\" class=\"size-full wp-image-24198\" src=\"https:\/\/geschichte-hautnah.de\/www\/wp-content\/uploads\/2020\/10\/Georg_Vogler_v.jpg\" alt=\"\" width=\"800\" height=\"634\" srcset=\"https:\/\/geschichte-hautnah.de\/www\/wp-content\/uploads\/2020\/10\/Georg_Vogler_v.jpg 800w, https:\/\/geschichte-hautnah.de\/www\/wp-content\/uploads\/2020\/10\/Georg_Vogler_v-300x238.jpg 300w, https:\/\/geschichte-hautnah.de\/www\/wp-content\/uploads\/2020\/10\/Georg_Vogler_v-768x609.jpg 768w\" sizes=\"auto, (max-width: 800px) 100vw, 800px\" \/><figcaption id=\"caption-attachment-24198\" class=\"wp-caption-text\">Sterbebild von Georg Vogler<\/figcaption><\/figure>\n<figure id=\"attachment_24197\" aria-describedby=\"caption-attachment-24197\" style=\"width: 800px\" class=\"wp-caption aligncenter\"><img loading=\"lazy\" decoding=\"async\" class=\"size-full wp-image-24197\" src=\"https:\/\/geschichte-hautnah.de\/www\/wp-content\/uploads\/2020\/10\/Georg_Vogler_h.jpg\" alt=\"\" width=\"800\" height=\"634\" srcset=\"https:\/\/geschichte-hautnah.de\/www\/wp-content\/uploads\/2020\/10\/Georg_Vogler_h.jpg 800w, https:\/\/geschichte-hautnah.de\/www\/wp-content\/uploads\/2020\/10\/Georg_Vogler_h-300x238.jpg 300w, https:\/\/geschichte-hautnah.de\/www\/wp-content\/uploads\/2020\/10\/Georg_Vogler_h-768x609.jpg 768w\" sizes=\"auto, (max-width: 800px) 100vw, 800px\" \/><figcaption id=\"caption-attachment-24197\" class=\"wp-caption-text\">R\u00fcckseite des Sterbebildes von Georg Vogler<\/figcaption><\/figure>\n","protected":false},"excerpt":{"rendered":"<p>Der Soldat Georg Vogler stammte aus Unterhaindlfing, einem Ortsteil der bayerischen Gemeinde Wolfersdorf, und war der Sohn eines Landwirts (Gruberbauerssohn). Im Ersten Weltkrieg diente er als Infanterist in der 11. Kompanie des 1. bayerischen Reserve-Infanterie-Regiments. Am 18.02.1916 wurde er bei Blangy im Alter von 21 Jahren durch Versch\u00fcttung im Sch\u00fctzengraben get\u00f6tet. Am 28.02.1916 wurde sein [&hellip;]<\/p>\n","protected":false},"author":2,"featured_media":0,"comment_status":"closed","ping_status":"closed","sticky":false,"template":"","format":"standard","meta":{"footnotes":"","_wp_rev_ctl_limit":""},"categories":[2,448,8,1876],"tags":[733,449,1366,297,3489,36,6612,97,687,6611,356,3119],"class_list":["post-24199","post","type-post","status-publish","format-standard","hentry","category-1-weltkrieg","category-arras","category-sterbebilder","category-frankreich-1-weltkrieg","tag-1-bayerisches-reserve-infanterie-regiment","tag-arras","tag-bayern","tag-billy-montigny","tag-blangy","tag-frankreich","tag-gruberbauerssohn","tag-infanterist","tag-schuetzengraben","tag-unterhaindlfing","tag-verschuettung","tag-wolfersdorf"],"_links":{"self":[{"href":"https:\/\/geschichte-hautnah.de\/www\/index.php?rest_route=\/wp\/v2\/posts\/24199","targetHints":{"allow":["GET"]}}],"collection":[{"href":"https:\/\/geschichte-hautnah.de\/www\/index.php?rest_route=\/wp\/v2\/posts"}],"about":[{"href":"https:\/\/geschichte-hautnah.de\/www\/index.php?rest_route=\/wp\/v2\/types\/post"}],"author":[{"embeddable":true,"href":"https:\/\/geschichte-hautnah.de\/www\/index.php?rest_route=\/wp\/v2\/users\/2"}],"replies":[{"embeddable":true,"href":"https:\/\/geschichte-hautnah.de\/www\/index.php?rest_route=%2Fwp%2Fv2%2Fcomments&post=24199"}],"version-history":[{"count":6,"href":"https:\/\/geschichte-hautnah.de\/www\/index.php?rest_route=\/wp\/v2\/posts\/24199\/revisions"}],"predecessor-version":[{"id":24205,"href":"https:\/\/geschichte-hautnah.de\/www\/index.php?rest_route=\/wp\/v2\/posts\/24199\/revisions\/24205"}],"wp:attachment":[{"href":"https:\/\/geschichte-hautnah.de\/www\/index.php?rest_route=%2Fwp%2Fv2%2Fmedia&parent=24199"}],"wp:term":[{"taxonomy":"category","embeddable":true,"href":"https:\/\/geschichte-hautnah.de\/www\/index.php?rest_route=%2Fwp%2Fv2%2Fcategories&post=24199"},{"taxonomy":"post_tag","embeddable":true,"href":"https:\/\/geschichte-hautnah.de\/www\/index.php?rest_route=%2Fwp%2Fv2%2Ftags&post=24199"}],"curies":[{"name":"wp","href":"https:\/\/api.w.org\/{rel}","templated":true}]}}