{"id":24253,"date":"2025-02-10T00:00:35","date_gmt":"2025-02-09T23:00:35","guid":{"rendered":"https:\/\/geschichte-hautnah.de\/www\/?p=24253"},"modified":"2020-10-31T07:53:23","modified_gmt":"2020-10-31T06:53:23","slug":"die-maenner-des-ersten-weltkriegs-teil-2-459-engelbert-hackner","status":"publish","type":"post","link":"https:\/\/geschichte-hautnah.de\/www\/?p=24253","title":{"rendered":"Die M\u00e4nner des Ersten Weltkriegs \u2013 Teil 2.459: Engelbert Hackner"},"content":{"rendered":"<p>Der Soldat Engelbert Hackner stammte aus <a href=\"https:\/\/de.wikipedia.org\/wiki\/Altm%C3%BChldorf\" target=\"_blank\" rel=\"noopener noreferrer\">Altm\u00fchldorf<\/a>, einem Ortsteil der bayerischen Stadt <a href=\"https:\/\/de.wikipedia.org\/wiki\/M%C3%BChldorf_am_Inn\" target=\"_blank\" rel=\"noopener noreferrer\">M\u00fchldorf am Inn<\/a>, und war der Sohn eines Landwirts (Schnambergerbauerssohn). Im Ersten Weltkrieg k\u00e4mpfte er als Infanterist in der 1. Kompanie des\u00a0 24. bayerischen Infanterie-Regiments. Am 25.05.1916 fiel er im Alter von 22 Jahren bei einem Sturmangriff w\u00e4hrend der <a href=\"https:\/\/de.wikipedia.org\/wiki\/Schlacht_um_Verdun\" target=\"_blank\" rel=\"noopener noreferrer\">Schlacht um Verdun<\/a>.<\/p>\n<p>\u00dcber den Todestag und die Todesumst\u00e4nde von Engelbert Hackner berichtet die Regimentsgeschichte des 24. bayerischen Infanterie-Regiments:<\/p>\n<blockquote><p><em>&#8222;Ein f\u00fcr den 25.06.1916, 6 Uhr vormittags angesetzter Angriff konnte nicht zur Ausf\u00fchrung gebracht werden, weil der Befehl versp\u00e4tet eintraf. Der Sturm wurde daraufhin auf 6 Uhr nachmittags verlegt.<\/em><\/p>\n<p><em>Im Laufe des Nachmittags versuchten I. und III. Bataillon, sich f\u00fcr den Angriff zu gliedern, und so gut es ging, f\u00fcr den Sturm bereitzustellen.<\/em><\/p>\n<p><em>Um 5.45 Uhr nachmittags traten die 9. und 10. Kompanie von der Albainschlucht aus mit Anschluss rechts an das 6. Garde-Infanterie-Regiment zu Fu\u00df zum Sturm an. Sie vereinigten sich dann nach kurzer Zeit mit der in 1. Linie stehenden 11. und 12. Kompanie zu einer Angriffswelle, \u00fcberrannten die feindlichen Gr\u00e4ben und arbeiteten sich durch die Thiaumontschlucht vorw\u00e4rts. Durch starkes Maschinengewehr-Feuer aus Richtung Thiaumontferme, die angeblich in unserem Besitz sein sollte, wurden die Kompanien unter gro\u00dfen Verlusten nach rechts abgedr\u00e4ngt und vermischten sich mit den Gardetruppen. Der Angriff kam schlie\u00dflich zum Stehen.<\/em><\/p>\n<p><em>Das Bataillon brachte drei Offiziere und etwa 100 Mann als Gefangene ein.<\/em><\/p>\n<p><span style=\"color: #ff0000;\"><strong><em>Das I. Bataillon fand noch schwierigere Verh\u00e4ltnisse vor. Als die 1. Kompanie eben den Sturmgraben verlassen hatte, wurde sie mit Feuer \u00fcbersch\u00fcttet und musste unter Zur\u00fccklassung einer gro\u00dfer Anzahl Toter und Verwundeter nach kurzem Anlauf in die Ausgangsstellung zur\u00fcck.<\/em><\/strong><\/span><\/p>\n<p><em>Die 3. Kompanie, die sich noch im Abschnitt der 2. bayerischen Infanterie-Division befand, machte dort den Sturm mit.&#8220;<\/em><\/p><\/blockquote>\n<p><span data-sheets-value=\"{&quot;1&quot;:2,&quot;2&quot;:&quot;Hautecourt-l\u00e8s-Broville&quot;}\" data-sheets-userformat=\"{&quot;2&quot;:1049089,&quot;3&quot;:{&quot;1&quot;:0},&quot;12&quot;:0,&quot;23&quot;:1}\" data-sheets-formula=\"=HYPERLINK(&quot;https:\/\/goo.gl\/maps\/EGHJFoxDbwm&quot;;&quot;Hautecourt-l\u00e8s-Broville&quot;)\" data-sheets-hyperlink=\"https:\/\/goo.gl\/maps\/EGHJFoxDbwm\">Man begrub Engelbert Hackner auf dem Soldatenfriedhof <a class=\"in-cell-link\" href=\"https:\/\/goo.gl\/maps\/EGHJFoxDbwm\" target=\"_blank\" rel=\"noopener noreferrer\">Hautecourt-l\u00e8s-Broville<\/a> in einem Massengrab.<\/span><\/p>\n<figure id=\"attachment_24245\" aria-describedby=\"caption-attachment-24245\" style=\"width: 486px\" class=\"wp-caption aligncenter\"><img loading=\"lazy\" decoding=\"async\" class=\"size-full wp-image-24245\" src=\"https:\/\/geschichte-hautnah.de\/www\/wp-content\/uploads\/2020\/10\/Engelbert_Hackner_v.jpg\" alt=\"\" width=\"486\" height=\"800\" srcset=\"https:\/\/geschichte-hautnah.de\/www\/wp-content\/uploads\/2020\/10\/Engelbert_Hackner_v.jpg 486w, https:\/\/geschichte-hautnah.de\/www\/wp-content\/uploads\/2020\/10\/Engelbert_Hackner_v-182x300.jpg 182w\" sizes=\"auto, (max-width: 486px) 100vw, 486px\" \/><figcaption id=\"caption-attachment-24245\" class=\"wp-caption-text\">Sterbebild von Engelbert Hackner<\/figcaption><\/figure>\n<figure id=\"attachment_24244\" aria-describedby=\"caption-attachment-24244\" style=\"width: 486px\" class=\"wp-caption aligncenter\"><img loading=\"lazy\" decoding=\"async\" class=\"size-full wp-image-24244\" src=\"https:\/\/geschichte-hautnah.de\/www\/wp-content\/uploads\/2020\/10\/Engelbert_Hackner_h.jpg\" alt=\"\" width=\"486\" height=\"800\" srcset=\"https:\/\/geschichte-hautnah.de\/www\/wp-content\/uploads\/2020\/10\/Engelbert_Hackner_h.jpg 486w, https:\/\/geschichte-hautnah.de\/www\/wp-content\/uploads\/2020\/10\/Engelbert_Hackner_h-182x300.jpg 182w\" sizes=\"auto, (max-width: 486px) 100vw, 486px\" \/><figcaption id=\"caption-attachment-24244\" class=\"wp-caption-text\">R\u00fcckseite des Sterbebildes von Engelbert Hackner<\/figcaption><\/figure>\n","protected":false},"excerpt":{"rendered":"<p>Der Soldat Engelbert Hackner stammte aus Altm\u00fchldorf, einem Ortsteil der bayerischen Stadt M\u00fchldorf am Inn, und war der Sohn eines Landwirts (Schnambergerbauerssohn). Im Ersten Weltkrieg k\u00e4mpfte er als Infanterist in der 1. Kompanie des\u00a0 24. bayerischen Infanterie-Regiments. Am 25.05.1916 fiel er im Alter von 22 Jahren bei einem Sturmangriff w\u00e4hrend der Schlacht um Verdun. \u00dcber [&hellip;]<\/p>\n","protected":false},"author":2,"featured_media":0,"comment_status":"closed","ping_status":"closed","sticky":false,"template":"","format":"standard","meta":{"footnotes":"","_wp_rev_ctl_limit":""},"categories":[2,8,1876,16],"tags":[1318,6617,302,1366,36,267,97,598,92,1274,3155,6618,301,125],"class_list":["post-24253","post","type-post","status-publish","format-standard","hentry","category-1-weltkrieg","category-sterbebilder","category-frankreich-1-weltkrieg","category-verdun","tag-24-bayerisches-infanterie-regiment","tag-altmuehldorf","tag-bauerssohn","tag-bayern","tag-frankreich","tag-hautecourt-les-broville","tag-infanterist","tag-lothringen","tag-massengrab","tag-muehldorf-am-inn","tag-schlacht-um-verdun","tag-schnambergerbauer","tag-sturmangriff","tag-verdun"],"_links":{"self":[{"href":"https:\/\/geschichte-hautnah.de\/www\/index.php?rest_route=\/wp\/v2\/posts\/24253","targetHints":{"allow":["GET"]}}],"collection":[{"href":"https:\/\/geschichte-hautnah.de\/www\/index.php?rest_route=\/wp\/v2\/posts"}],"about":[{"href":"https:\/\/geschichte-hautnah.de\/www\/index.php?rest_route=\/wp\/v2\/types\/post"}],"author":[{"embeddable":true,"href":"https:\/\/geschichte-hautnah.de\/www\/index.php?rest_route=\/wp\/v2\/users\/2"}],"replies":[{"embeddable":true,"href":"https:\/\/geschichte-hautnah.de\/www\/index.php?rest_route=%2Fwp%2Fv2%2Fcomments&post=24253"}],"version-history":[{"count":6,"href":"https:\/\/geschichte-hautnah.de\/www\/index.php?rest_route=\/wp\/v2\/posts\/24253\/revisions"}],"predecessor-version":[{"id":24259,"href":"https:\/\/geschichte-hautnah.de\/www\/index.php?rest_route=\/wp\/v2\/posts\/24253\/revisions\/24259"}],"wp:attachment":[{"href":"https:\/\/geschichte-hautnah.de\/www\/index.php?rest_route=%2Fwp%2Fv2%2Fmedia&parent=24253"}],"wp:term":[{"taxonomy":"category","embeddable":true,"href":"https:\/\/geschichte-hautnah.de\/www\/index.php?rest_route=%2Fwp%2Fv2%2Fcategories&post=24253"},{"taxonomy":"post_tag","embeddable":true,"href":"https:\/\/geschichte-hautnah.de\/www\/index.php?rest_route=%2Fwp%2Fv2%2Ftags&post=24253"}],"curies":[{"name":"wp","href":"https:\/\/api.w.org\/{rel}","templated":true}]}}