{"id":24279,"date":"2025-02-12T00:00:01","date_gmt":"2025-02-11T23:00:01","guid":{"rendered":"https:\/\/geschichte-hautnah.de\/www\/?p=24279"},"modified":"2026-04-09T06:35:18","modified_gmt":"2026-04-09T04:35:18","slug":"die-maenner-des-ersten-weltkriegs-teil-2-461-michael-hutterer","status":"publish","type":"post","link":"https:\/\/geschichte-hautnah.de\/www\/?p=24279","title":{"rendered":"Die M\u00e4nner des Ersten Weltkriegs \u2013 Teil 2.461: Michael Hutterer"},"content":{"rendered":"<p>Der Soldat Michael Hutterer stammte aus Unterbach, heute ein Teil der bayerischen Gemeinde <a href=\"https:\/\/de.wikipedia.org\/wiki\/Neufraunhofen\" target=\"_blank\" rel=\"noopener noreferrer\">Neufraunhofen<\/a>. Im Ersten Weltkrieg k\u00e4mpfte er in der 4. Kompanie des <span data-sheets-value=\"{&quot;1&quot;:2,&quot;2&quot;:&quot;25. bayerisches Infanterie-Regiment, 4. Kompanie&quot;}\" data-sheets-userformat=\"{&quot;2&quot;:513,&quot;3&quot;:{&quot;1&quot;:0},&quot;12&quot;:0}\">25. bayerisches Infanterie-Regiment. Am 29.09.1915 fiel er bei den K\u00e4mpfen in der N\u00e4he von <a href=\"https:\/\/de.wikipedia.org\/wiki\/Sainte-Marie-%C3%A0-Py\" target=\"_blank\" rel=\"noopener noreferrer\">Sainte-Marie-\u00e0-Py<\/a>\u00a0in der franz\u00f6ischen Champagne im Alter von 22 Jahren.<\/span><\/p>\n<p>Die Lage des Grabes von Michael Hutterer ist offiziell unbekannt. Angesichts der Gesamtumst\u00e4nde vermute ich, dass er anonym in einem Massengrab auf dem Soldatenfriedhof <span data-sheets-value=\"{&quot;1&quot;:2,&quot;2&quot;:&quot;Souain&quot;}\" data-sheets-userformat=\"{&quot;2&quot;:1049089,&quot;3&quot;:{&quot;1&quot;:0},&quot;12&quot;:0,&quot;23&quot;:1}\" data-sheets-formula=\"=HYPERLINK(&quot;https:\/\/www.google.de\/maps\/place\/51600+Souain-Perthes-l%C3%A8s-Hurlus,+Frankreich\/@49.1909825,4.5081144,12z\/data=!3m1!4b1!4m5!3m4!1s0x47ebce053f86ea41:0x9bc3729cc9145e28!8m2!3d49.184097!4d4.544399&quot;;&quot;Souain&quot;)\" data-sheets-hyperlink=\"https:\/\/www.google.de\/maps\/place\/51600+Souain-Perthes-l%C3%A8s-Hurlus,+Frankreich\/@49.1909825,4.5081144,12z\/data=!3m1!4b1!4m5!3m4!1s0x47ebce053f86ea41:0x9bc3729cc9145e28!8m2!3d49.184097!4d4.544399\"><a class=\"in-cell-link\" href=\"https:\/\/www.google.de\/maps\/place\/51600+Souain-Perthes-l%C3%A8s-Hurlus,+Frankreich\/@49.1909825,4.5081144,12z\/data=!3m1!4b1!4m5!3m4!1s0x47ebce053f86ea41:0x9bc3729cc9145e28!8m2!3d49.184097!4d4.544399\" target=\"_blank\" rel=\"noopener noreferrer\">Souain<\/a><\/span> beigesetzt wurde, wo auch seine Regimentskameraden begraben wurden, die am gleichen Tag fielen, u. a.<\/p>\n<ul>\n<li>Leutnant Fritz Bschorr, gefallen am 29.09.1915, begraben auf dem Soldatenfriedhof <span data-sheets-value=\"{&quot;1&quot;:2,&quot;2&quot;:&quot;Souain&quot;}\" data-sheets-userformat=\"{&quot;2&quot;:1049089,&quot;3&quot;:{&quot;1&quot;:0},&quot;12&quot;:0,&quot;23&quot;:1}\" data-sheets-formula=\"=HYPERLINK(&quot;https:\/\/www.google.de\/maps\/place\/51600+Souain-Perthes-l%C3%A8s-Hurlus,+Frankreich\/@49.1909825,4.5081144,12z\/data=!3m1!4b1!4m5!3m4!1s0x47ebce053f86ea41:0x9bc3729cc9145e28!8m2!3d49.184097!4d4.544399&quot;;&quot;Souain&quot;)\" data-sheets-hyperlink=\"https:\/\/www.google.de\/maps\/place\/51600+Souain-Perthes-l%C3%A8s-Hurlus,+Frankreich\/@49.1909825,4.5081144,12z\/data=!3m1!4b1!4m5!3m4!1s0x47ebce053f86ea41:0x9bc3729cc9145e28!8m2!3d49.184097!4d4.544399\"><a class=\"in-cell-link\" href=\"https:\/\/www.google.de\/maps\/place\/51600+Souain-Perthes-l%C3%A8s-Hurlus,+Frankreich\/@49.1909825,4.5081144,12z\/data=!3m1!4b1!4m5!3m4!1s0x47ebce053f86ea41:0x9bc3729cc9145e28!8m2!3d49.184097!4d4.544399\" target=\"_blank\" rel=\"noopener noreferrer\">Souain<\/a><\/span> in einem Massengrab;<\/li>\n<li>Offiziersstellvertreter Valentin Klein, gefallen am 29.09.1915 bei Sainte-Marie-\u00e0-Py, begraben auf dem Soldatenfriedhof <span data-sheets-value=\"{&quot;1&quot;:2,&quot;2&quot;:&quot;Souain&quot;}\" data-sheets-userformat=\"{&quot;2&quot;:1049089,&quot;3&quot;:{&quot;1&quot;:0},&quot;12&quot;:0,&quot;23&quot;:1}\" data-sheets-formula=\"=HYPERLINK(&quot;https:\/\/www.google.de\/maps\/place\/51600+Souain-Perthes-l%C3%A8s-Hurlus,+Frankreich\/@49.1909825,4.5081144,12z\/data=!3m1!4b1!4m5!3m4!1s0x47ebce053f86ea41:0x9bc3729cc9145e28!8m2!3d49.184097!4d4.544399&quot;;&quot;Souain&quot;)\" data-sheets-hyperlink=\"https:\/\/www.google.de\/maps\/place\/51600+Souain-Perthes-l%C3%A8s-Hurlus,+Frankreich\/@49.1909825,4.5081144,12z\/data=!3m1!4b1!4m5!3m4!1s0x47ebce053f86ea41:0x9bc3729cc9145e28!8m2!3d49.184097!4d4.544399\"><a class=\"in-cell-link\" href=\"https:\/\/www.google.de\/maps\/place\/51600+Souain-Perthes-l%C3%A8s-Hurlus,+Frankreich\/@49.1909825,4.5081144,12z\/data=!3m1!4b1!4m5!3m4!1s0x47ebce053f86ea41:0x9bc3729cc9145e28!8m2!3d49.184097!4d4.544399\" target=\"_blank\" rel=\"noopener noreferrer\">Souain<\/a><\/span> in einem Massengrab;<\/li>\n<li>Unteroffizier Theodor Hutzler, gefallen am 28.09.1915 bei Sainte-Marie-\u00e0-Py, begraben auf dem Soldatenfriedhof <span data-sheets-value=\"{&quot;1&quot;:2,&quot;2&quot;:&quot;Souain&quot;}\" data-sheets-userformat=\"{&quot;2&quot;:1049089,&quot;3&quot;:{&quot;1&quot;:0},&quot;12&quot;:0,&quot;23&quot;:1}\" data-sheets-formula=\"=HYPERLINK(&quot;https:\/\/www.google.de\/maps\/place\/51600+Souain-Perthes-l%C3%A8s-Hurlus,+Frankreich\/@49.1909825,4.5081144,12z\/data=!3m1!4b1!4m5!3m4!1s0x47ebce053f86ea41:0x9bc3729cc9145e28!8m2!3d49.184097!4d4.544399&quot;;&quot;Souain&quot;)\" data-sheets-hyperlink=\"https:\/\/www.google.de\/maps\/place\/51600+Souain-Perthes-l%C3%A8s-Hurlus,+Frankreich\/@49.1909825,4.5081144,12z\/data=!3m1!4b1!4m5!3m4!1s0x47ebce053f86ea41:0x9bc3729cc9145e28!8m2!3d49.184097!4d4.544399\"><a class=\"in-cell-link\" href=\"https:\/\/www.google.de\/maps\/place\/51600+Souain-Perthes-l%C3%A8s-Hurlus,+Frankreich\/@49.1909825,4.5081144,12z\/data=!3m1!4b1!4m5!3m4!1s0x47ebce053f86ea41:0x9bc3729cc9145e28!8m2!3d49.184097!4d4.544399\" target=\"_blank\" rel=\"noopener noreferrer\">Souain<\/a><\/span> in einem Massengrab;<\/li>\n<li>Vizefeldwebel August Huth, gefallen am 29.09.1915 bei Sainte-Marie-\u00e0-Py, begraben auf dem Soldatenfriedhof <span data-sheets-value=\"{&quot;1&quot;:2,&quot;2&quot;:&quot;Souain&quot;}\" data-sheets-userformat=\"{&quot;2&quot;:1049089,&quot;3&quot;:{&quot;1&quot;:0},&quot;12&quot;:0,&quot;23&quot;:1}\" data-sheets-formula=\"=HYPERLINK(&quot;https:\/\/www.google.de\/maps\/place\/51600+Souain-Perthes-l%C3%A8s-Hurlus,+Frankreich\/@49.1909825,4.5081144,12z\/data=!3m1!4b1!4m5!3m4!1s0x47ebce053f86ea41:0x9bc3729cc9145e28!8m2!3d49.184097!4d4.544399&quot;;&quot;Souain&quot;)\" data-sheets-hyperlink=\"https:\/\/www.google.de\/maps\/place\/51600+Souain-Perthes-l%C3%A8s-Hurlus,+Frankreich\/@49.1909825,4.5081144,12z\/data=!3m1!4b1!4m5!3m4!1s0x47ebce053f86ea41:0x9bc3729cc9145e28!8m2!3d49.184097!4d4.544399\"><a class=\"in-cell-link\" href=\"https:\/\/www.google.de\/maps\/place\/51600+Souain-Perthes-l%C3%A8s-Hurlus,+Frankreich\/@49.1909825,4.5081144,12z\/data=!3m1!4b1!4m5!3m4!1s0x47ebce053f86ea41:0x9bc3729cc9145e28!8m2!3d49.184097!4d4.544399\" target=\"_blank\" rel=\"noopener noreferrer\">Souain<\/a><\/span> in einem Massengrab.<\/li>\n<\/ul>\n<p>&nbsp;<\/p>\n<p>Seine Heimatgemeinde Neufraunhofen gedenkt Michael Hutterer noch heute auf einem Denkmal: <a href=\"http:\/\/www.denkmalprojekt.org\/2017\/neufraunhofen_lk-landshut_wk1_wk2_by.html\" target=\"_blank\" rel=\"noopener noreferrer\">http:\/\/www.denkmalprojekt.org\/2017\/neufraunhofen_lk-landshut_wk1_wk2_by.html<\/a><\/p>\n<figure id=\"attachment_24249\" aria-describedby=\"caption-attachment-24249\" style=\"width: 800px\" class=\"wp-caption aligncenter\"><img loading=\"lazy\" decoding=\"async\" class=\"size-full wp-image-24249\" src=\"https:\/\/geschichte-hautnah.de\/www\/wp-content\/uploads\/2020\/10\/Michael_Hutterer_v.jpg\" alt=\"\" width=\"800\" height=\"636\" srcset=\"https:\/\/geschichte-hautnah.de\/www\/wp-content\/uploads\/2020\/10\/Michael_Hutterer_v.jpg 800w, https:\/\/geschichte-hautnah.de\/www\/wp-content\/uploads\/2020\/10\/Michael_Hutterer_v-300x239.jpg 300w, https:\/\/geschichte-hautnah.de\/www\/wp-content\/uploads\/2020\/10\/Michael_Hutterer_v-768x611.jpg 768w\" sizes=\"auto, (max-width: 800px) 100vw, 800px\" \/><figcaption id=\"caption-attachment-24249\" class=\"wp-caption-text\">Sterbebild von Michael Hutterer<\/figcaption><\/figure>\n<figure id=\"attachment_24248\" aria-describedby=\"caption-attachment-24248\" style=\"width: 800px\" class=\"wp-caption aligncenter\"><img loading=\"lazy\" decoding=\"async\" class=\"size-full wp-image-24248\" src=\"https:\/\/geschichte-hautnah.de\/www\/wp-content\/uploads\/2020\/10\/Michael_Hutterer_h.jpg\" alt=\"\" width=\"800\" height=\"636\" srcset=\"https:\/\/geschichte-hautnah.de\/www\/wp-content\/uploads\/2020\/10\/Michael_Hutterer_h.jpg 800w, https:\/\/geschichte-hautnah.de\/www\/wp-content\/uploads\/2020\/10\/Michael_Hutterer_h-300x239.jpg 300w, https:\/\/geschichte-hautnah.de\/www\/wp-content\/uploads\/2020\/10\/Michael_Hutterer_h-768x611.jpg 768w\" sizes=\"auto, (max-width: 800px) 100vw, 800px\" \/><figcaption id=\"caption-attachment-24248\" class=\"wp-caption-text\">R\u00fcckseite des Sterbebildes von Michael Hutterer<\/figcaption><\/figure>\n","protected":false},"excerpt":{"rendered":"<p>Der Soldat Michael Hutterer stammte aus Unterbach, heute ein Teil der bayerischen Gemeinde Neufraunhofen. Im Ersten Weltkrieg k\u00e4mpfte er in der 4. Kompanie des 25. bayerisches Infanterie-Regiment. Am 29.09.1915 fiel er bei den K\u00e4mpfen in der N\u00e4he von Sainte-Marie-\u00e0-Py\u00a0in der franz\u00f6ischen Champagne im Alter von 22 Jahren. Die Lage des Grabes von Michael Hutterer ist [&hellip;]<\/p>\n","protected":false},"author":2,"featured_media":0,"comment_status":"closed","ping_status":"closed","sticky":false,"template":"","format":"standard","meta":{"footnotes":"","_wp_rev_ctl_limit":""},"categories":[2,8,1876,2233],"tags":[822,280,1366,144,217,36,92,6620,1320,672,6621],"class_list":["post-24279","post","type-post","status-publish","format-standard","hentry","category-1-weltkrieg","category-sterbebilder","category-frankreich-1-weltkrieg","category-marne","tag-25-bayerisches-infanterie-regiment","tag-anonym","tag-bayern","tag-champagne","tag-denkmal","tag-frankreich","tag-massengrab","tag-neufraunhofen","tag-sainte-marie-a-py","tag-souain","tag-unterbach"],"_links":{"self":[{"href":"https:\/\/geschichte-hautnah.de\/www\/index.php?rest_route=\/wp\/v2\/posts\/24279","targetHints":{"allow":["GET"]}}],"collection":[{"href":"https:\/\/geschichte-hautnah.de\/www\/index.php?rest_route=\/wp\/v2\/posts"}],"about":[{"href":"https:\/\/geschichte-hautnah.de\/www\/index.php?rest_route=\/wp\/v2\/types\/post"}],"author":[{"embeddable":true,"href":"https:\/\/geschichte-hautnah.de\/www\/index.php?rest_route=\/wp\/v2\/users\/2"}],"replies":[{"embeddable":true,"href":"https:\/\/geschichte-hautnah.de\/www\/index.php?rest_route=%2Fwp%2Fv2%2Fcomments&post=24279"}],"version-history":[{"count":5,"href":"https:\/\/geschichte-hautnah.de\/www\/index.php?rest_route=\/wp\/v2\/posts\/24279\/revisions"}],"predecessor-version":[{"id":24281,"href":"https:\/\/geschichte-hautnah.de\/www\/index.php?rest_route=\/wp\/v2\/posts\/24279\/revisions\/24281"}],"wp:attachment":[{"href":"https:\/\/geschichte-hautnah.de\/www\/index.php?rest_route=%2Fwp%2Fv2%2Fmedia&parent=24279"}],"wp:term":[{"taxonomy":"category","embeddable":true,"href":"https:\/\/geschichte-hautnah.de\/www\/index.php?rest_route=%2Fwp%2Fv2%2Fcategories&post=24279"},{"taxonomy":"post_tag","embeddable":true,"href":"https:\/\/geschichte-hautnah.de\/www\/index.php?rest_route=%2Fwp%2Fv2%2Ftags&post=24279"}],"curies":[{"name":"wp","href":"https:\/\/api.w.org\/{rel}","templated":true}]}}