{"id":24521,"date":"2025-03-12T00:00:33","date_gmt":"2025-03-11T23:00:33","guid":{"rendered":"https:\/\/geschichte-hautnah.de\/www\/?p=24521"},"modified":"2020-11-08T12:17:59","modified_gmt":"2020-11-08T11:17:59","slug":"die-maenner-des-ersten-weltkriegs-teil-2-488-peter-hoelzl","status":"publish","type":"post","link":"https:\/\/geschichte-hautnah.de\/www\/?p=24521","title":{"rendered":"Die M\u00e4nner des Ersten Weltkriegs \u2013 Teil 2.488: Peter H\u00f6lzl"},"content":{"rendered":"<p>Der Soldat Peter H\u00f6lzl wurde am 01.04.1898 geboren stammte aus <a href=\"https:\/\/de.wikipedia.org\/wiki\/Niederlauterbach_(Wolnzach)\" target=\"_blank\" rel=\"noopener noreferrer\">Niederlauterbach<\/a>, einem Ortsteil der bayerischen Gemeinde <a href=\"https:\/\/de.wikipedia.org\/wiki\/Wolnzach\" target=\"_blank\" rel=\"noopener noreferrer\">Wolnzach<\/a>, und war der Sohn eines Landwirts. Im Ersten Weltkrieg diente er als Infanterist in der 3. Maschinengewehr-Abteilung des 10. bayerischen Infanterie-Regiments. Am 25.03.1918 fiel er w\u00e4hrend der gro\u00dfen Schlacht in Frankreich bei <a href=\"https:\/\/de.wikipedia.org\/wiki\/Saint-L%C3%A9ger_(Pas-de-Calais)\" target=\"_blank\" rel=\"noopener noreferrer\">Staint-L\u00e9ger<\/a> bei Arras im Alter von 19 Jahren.<\/p>\n<p>\u00dcber den Todestag und die Todesumst\u00e4nde von Peter H\u00f6lzl berichtet die Regimentsgeschichte des 10. bayerischen Infanterie-Regiments:<\/p>\n<blockquote><p><em>&#8222;F\u00fcnfter und sechster Angriffstag<\/em><\/p>\n<p><em>W\u00e4hrend am 25. M\u00e4rz das Regiment in seiner bisherigen Aufstellung blieb und nur durch st\u00e4dnige Parouillent\u00e4tigkeit in Gefechtsf\u00fchlung mit dem Feinde blieb, wurde am 26. M\u00e4rz vormittags der Angriff weitergef\u00fchrt.&#8220;<\/em><\/p><\/blockquote>\n<p>Man begrub Peter H\u00f6lzl auf dem Soldatenfriedhof <span data-sheets-value=\"{&quot;1&quot;:2,&quot;2&quot;:&quot;St.-Laurent-Blangy&quot;}\" data-sheets-userformat=\"{&quot;2&quot;:1049089,&quot;3&quot;:{&quot;1&quot;:0},&quot;12&quot;:0,&quot;23&quot;:1}\" data-sheets-formula=\"=HYPERLINK(&quot;https:\/\/www.google.de\/maps\/place\/Saint-Laurent-Blangy,+Frankreich\/@50.3097961,2.7378821,12z\/data=!4m5!3m4!1s0x47dd482673f41e11:0x40af13e8163d6a0!8m2!3d50.300542!4d2.801689&quot;;&quot;St.-Laurent-Blangy&quot;)\" data-sheets-hyperlink=\"https:\/\/www.google.de\/maps\/place\/Saint-Laurent-Blangy,+Frankreich\/@50.3097961,2.7378821,12z\/data=!4m5!3m4!1s0x47dd482673f41e11:0x40af13e8163d6a0!8m2!3d50.300542!4d2.801689\"><a class=\"in-cell-link\" href=\"https:\/\/www.google.de\/maps\/place\/Saint-Laurent-Blangy,+Frankreich\/@50.3097961,2.7378821,12z\/data=!4m5!3m4!1s0x47dd482673f41e11:0x40af13e8163d6a0!8m2!3d50.300542!4d2.801689\" target=\"_blank\" rel=\"noopener noreferrer\">St.-Laurent-Blangy<\/a><\/span> in einem Massengrab.<\/p>\n<figure id=\"attachment_24520\" aria-describedby=\"caption-attachment-24520\" style=\"width: 800px\" class=\"wp-caption aligncenter\"><img loading=\"lazy\" decoding=\"async\" class=\"size-full wp-image-24520\" src=\"https:\/\/geschichte-hautnah.de\/www\/wp-content\/uploads\/2020\/11\/Peter_Hoelzl_v.jpg\" alt=\"\" width=\"800\" height=\"627\" srcset=\"https:\/\/geschichte-hautnah.de\/www\/wp-content\/uploads\/2020\/11\/Peter_Hoelzl_v.jpg 800w, https:\/\/geschichte-hautnah.de\/www\/wp-content\/uploads\/2020\/11\/Peter_Hoelzl_v-300x235.jpg 300w, https:\/\/geschichte-hautnah.de\/www\/wp-content\/uploads\/2020\/11\/Peter_Hoelzl_v-768x602.jpg 768w\" sizes=\"auto, (max-width: 800px) 100vw, 800px\" \/><figcaption id=\"caption-attachment-24520\" class=\"wp-caption-text\">Sterbebild von Peter H\u00f6lzl<\/figcaption><\/figure>\n<figure id=\"attachment_24519\" aria-describedby=\"caption-attachment-24519\" style=\"width: 800px\" class=\"wp-caption aligncenter\"><img loading=\"lazy\" decoding=\"async\" class=\"size-full wp-image-24519\" src=\"https:\/\/geschichte-hautnah.de\/www\/wp-content\/uploads\/2020\/11\/Peter_Hoelzl_h.jpg\" alt=\"\" width=\"800\" height=\"627\" srcset=\"https:\/\/geschichte-hautnah.de\/www\/wp-content\/uploads\/2020\/11\/Peter_Hoelzl_h.jpg 800w, https:\/\/geschichte-hautnah.de\/www\/wp-content\/uploads\/2020\/11\/Peter_Hoelzl_h-300x235.jpg 300w, https:\/\/geschichte-hautnah.de\/www\/wp-content\/uploads\/2020\/11\/Peter_Hoelzl_h-768x602.jpg 768w\" sizes=\"auto, (max-width: 800px) 100vw, 800px\" \/><figcaption id=\"caption-attachment-24519\" class=\"wp-caption-text\">R\u00fcckseite des Sterbebildes von Peter H\u00f6lzl<\/figcaption><\/figure>\n","protected":false},"excerpt":{"rendered":"<p>Der Soldat Peter H\u00f6lzl wurde am 01.04.1898 geboren stammte aus Niederlauterbach, einem Ortsteil der bayerischen Gemeinde Wolnzach, und war der Sohn eines Landwirts. Im Ersten Weltkrieg diente er als Infanterist in der 3. Maschinengewehr-Abteilung des 10. bayerischen Infanterie-Regiments. Am 25.03.1918 fiel er w\u00e4hrend der gro\u00dfen Schlacht in Frankreich bei Staint-L\u00e9ger bei Arras im Alter von [&hellip;]<\/p>\n","protected":false},"author":2,"featured_media":0,"comment_status":"closed","ping_status":"closed","sticky":false,"template":"","format":"standard","meta":{"footnotes":"","_wp_rev_ctl_limit":""},"categories":[2,448,8,1876],"tags":[178,302,1366,36,2764,92,6655,6656,457,4374],"class_list":["post-24521","post","type-post","status-publish","format-standard","hentry","category-1-weltkrieg","category-arras","category-sterbebilder","category-frankreich-1-weltkrieg","tag-10-bayerisches-infanterie-regiment","tag-bauerssohn","tag-bayern","tag-frankreich","tag-maschinengewehr-abteilung","tag-massengrab","tag-niederlauterbach","tag-st-leger","tag-st-laurent-blangy","tag-wolnzach"],"_links":{"self":[{"href":"https:\/\/geschichte-hautnah.de\/www\/index.php?rest_route=\/wp\/v2\/posts\/24521","targetHints":{"allow":["GET"]}}],"collection":[{"href":"https:\/\/geschichte-hautnah.de\/www\/index.php?rest_route=\/wp\/v2\/posts"}],"about":[{"href":"https:\/\/geschichte-hautnah.de\/www\/index.php?rest_route=\/wp\/v2\/types\/post"}],"author":[{"embeddable":true,"href":"https:\/\/geschichte-hautnah.de\/www\/index.php?rest_route=\/wp\/v2\/users\/2"}],"replies":[{"embeddable":true,"href":"https:\/\/geschichte-hautnah.de\/www\/index.php?rest_route=%2Fwp%2Fv2%2Fcomments&post=24521"}],"version-history":[{"count":5,"href":"https:\/\/geschichte-hautnah.de\/www\/index.php?rest_route=\/wp\/v2\/posts\/24521\/revisions"}],"predecessor-version":[{"id":24526,"href":"https:\/\/geschichte-hautnah.de\/www\/index.php?rest_route=\/wp\/v2\/posts\/24521\/revisions\/24526"}],"wp:attachment":[{"href":"https:\/\/geschichte-hautnah.de\/www\/index.php?rest_route=%2Fwp%2Fv2%2Fmedia&parent=24521"}],"wp:term":[{"taxonomy":"category","embeddable":true,"href":"https:\/\/geschichte-hautnah.de\/www\/index.php?rest_route=%2Fwp%2Fv2%2Fcategories&post=24521"},{"taxonomy":"post_tag","embeddable":true,"href":"https:\/\/geschichte-hautnah.de\/www\/index.php?rest_route=%2Fwp%2Fv2%2Ftags&post=24521"}],"curies":[{"name":"wp","href":"https:\/\/api.w.org\/{rel}","templated":true}]}}