{"id":24538,"date":"2025-03-14T00:00:07","date_gmt":"2025-03-13T23:00:07","guid":{"rendered":"https:\/\/geschichte-hautnah.de\/www\/?p=24538"},"modified":"2020-11-08T16:14:50","modified_gmt":"2020-11-08T15:14:50","slug":"die-maenner-des-ersten-weltkriegs-teil-2-490-martin-stubhann","status":"publish","type":"post","link":"https:\/\/geschichte-hautnah.de\/www\/?p=24538","title":{"rendered":"Die M\u00e4nner des Ersten Weltkriegs \u2013 Teil 2.490: Martin Stubhann"},"content":{"rendered":"<p>Der Soldat Martin Stubhann (eigentlich <em><strong>Stubhahn<\/strong><\/em>) stammte aus Ragging und lebte in Muckham, einem Ortsteil der bayerischen Gemeinde <a href=\"https:\/\/de.wikipedia.org\/wiki\/Saaldorf-Surheim\" target=\"_blank\" rel=\"noopener noreferrer\">Saaldorf-Surheim<\/a>, und war ein Kleinbauer. Im Ersten Weltkrieg diente er in der 5. Kompanie des 1. bayerischen Reserve-J\u00e4ger-Bataillons. Am 09.05.1915 fiel er im Alter von 31 Jahren w\u00e4hrend der Schlacht bei La Bass\u00e9e und Arras bei Carency.<\/p>\n<p>Offiziell ist f\u00fcr Martin Stubhann keine Grablage bekannt. Ich vermute jedoch, dass er anonym in einem Massengrab auf dem Soldatenfriedhof <span data-sheets-value=\"{&quot;1&quot;:2,&quot;2&quot;:&quot;St.-Laurent-Blangy&quot;}\" data-sheets-userformat=\"{&quot;2&quot;:1049089,&quot;3&quot;:{&quot;1&quot;:0},&quot;12&quot;:0,&quot;23&quot;:1}\" data-sheets-formula=\"=HYPERLINK(&quot;https:\/\/www.google.de\/maps\/place\/Saint-Laurent-Blangy,+Frankreich\/@50.3097961,2.7378821,12z\/data=!4m5!3m4!1s0x47dd482673f41e11:0x40af13e8163d6a0!8m2!3d50.300542!4d2.801689&quot;;&quot;St.-Laurent-Blangy&quot;)\" data-sheets-hyperlink=\"https:\/\/www.google.de\/maps\/place\/Saint-Laurent-Blangy,+Frankreich\/@50.3097961,2.7378821,12z\/data=!4m5!3m4!1s0x47dd482673f41e11:0x40af13e8163d6a0!8m2!3d50.300542!4d2.801689\"><a class=\"in-cell-link\" href=\"https:\/\/www.google.de\/maps\/place\/Saint-Laurent-Blangy,+Frankreich\/@50.3097961,2.7378821,12z\/data=!4m5!3m4!1s0x47dd482673f41e11:0x40af13e8163d6a0!8m2!3d50.300542!4d2.801689\" target=\"_blank\" rel=\"noopener noreferrer\">St.-Laurent-Blangy<\/a><\/span> begraben wurde, wo man auch seine Regimentskameraden beisetzte, die im gleichen Zeitraum fielen, u. a.<\/p>\n<ul>\n<li>Oberj\u00e4ger Otto Birk, gefallen am 09.05.1915 bei Carency, begraben auf dem Soldatenfriedhof <span data-sheets-value=\"{&quot;1&quot;:2,&quot;2&quot;:&quot;St.-Laurent-Blangy&quot;}\" data-sheets-userformat=\"{&quot;2&quot;:1049089,&quot;3&quot;:{&quot;1&quot;:0},&quot;12&quot;:0,&quot;23&quot;:1}\" data-sheets-formula=\"=HYPERLINK(&quot;https:\/\/www.google.de\/maps\/place\/Saint-Laurent-Blangy,+Frankreich\/@50.3097961,2.7378821,12z\/data=!4m5!3m4!1s0x47dd482673f41e11:0x40af13e8163d6a0!8m2!3d50.300542!4d2.801689&quot;;&quot;St.-Laurent-Blangy&quot;)\" data-sheets-hyperlink=\"https:\/\/www.google.de\/maps\/place\/Saint-Laurent-Blangy,+Frankreich\/@50.3097961,2.7378821,12z\/data=!4m5!3m4!1s0x47dd482673f41e11:0x40af13e8163d6a0!8m2!3d50.300542!4d2.801689\"><a class=\"in-cell-link\" href=\"https:\/\/www.google.de\/maps\/place\/Saint-Laurent-Blangy,+Frankreich\/@50.3097961,2.7378821,12z\/data=!4m5!3m4!1s0x47dd482673f41e11:0x40af13e8163d6a0!8m2!3d50.300542!4d2.801689\" target=\"_blank\" rel=\"noopener noreferrer\">St.-Laurent-Blangy<\/a><\/span> in einem Massengrab;<\/li>\n<li>Leutnant Max Scheibenbogen, gefallen am 12.05.1915 bei Carency, begraben auf dem Soldatenfriedhof <span data-sheets-value=\"{&quot;1&quot;:2,&quot;2&quot;:&quot;St.-Laurent-Blangy&quot;}\" data-sheets-userformat=\"{&quot;2&quot;:1049089,&quot;3&quot;:{&quot;1&quot;:0},&quot;12&quot;:0,&quot;23&quot;:1}\" data-sheets-formula=\"=HYPERLINK(&quot;https:\/\/www.google.de\/maps\/place\/Saint-Laurent-Blangy,+Frankreich\/@50.3097961,2.7378821,12z\/data=!4m5!3m4!1s0x47dd482673f41e11:0x40af13e8163d6a0!8m2!3d50.300542!4d2.801689&quot;;&quot;St.-Laurent-Blangy&quot;)\" data-sheets-hyperlink=\"https:\/\/www.google.de\/maps\/place\/Saint-Laurent-Blangy,+Frankreich\/@50.3097961,2.7378821,12z\/data=!4m5!3m4!1s0x47dd482673f41e11:0x40af13e8163d6a0!8m2!3d50.300542!4d2.801689\"><a class=\"in-cell-link\" href=\"https:\/\/www.google.de\/maps\/place\/Saint-Laurent-Blangy,+Frankreich\/@50.3097961,2.7378821,12z\/data=!4m5!3m4!1s0x47dd482673f41e11:0x40af13e8163d6a0!8m2!3d50.300542!4d2.801689\" target=\"_blank\" rel=\"noopener noreferrer\">St.-Laurent-Blangy<\/a><\/span> in einem Massengrab;<\/li>\n<li>Gefreiter Joseph Seibold, gefallen am 07.05.1915 bei Souchez, begraben auf dem Soldatenfriedhof <span data-sheets-value=\"{&quot;1&quot;:2,&quot;2&quot;:&quot;St.-Laurent-Blangy&quot;}\" data-sheets-userformat=\"{&quot;2&quot;:1049089,&quot;3&quot;:{&quot;1&quot;:0},&quot;12&quot;:0,&quot;23&quot;:1}\" data-sheets-formula=\"=HYPERLINK(&quot;https:\/\/www.google.de\/maps\/place\/Saint-Laurent-Blangy,+Frankreich\/@50.3097961,2.7378821,12z\/data=!4m5!3m4!1s0x47dd482673f41e11:0x40af13e8163d6a0!8m2!3d50.300542!4d2.801689&quot;;&quot;St.-Laurent-Blangy&quot;)\" data-sheets-hyperlink=\"https:\/\/www.google.de\/maps\/place\/Saint-Laurent-Blangy,+Frankreich\/@50.3097961,2.7378821,12z\/data=!4m5!3m4!1s0x47dd482673f41e11:0x40af13e8163d6a0!8m2!3d50.300542!4d2.801689\"><a class=\"in-cell-link\" href=\"https:\/\/www.google.de\/maps\/place\/Saint-Laurent-Blangy,+Frankreich\/@50.3097961,2.7378821,12z\/data=!4m5!3m4!1s0x47dd482673f41e11:0x40af13e8163d6a0!8m2!3d50.300542!4d2.801689\" target=\"_blank\" rel=\"noopener noreferrer\">St.-Laurent-Blangy<\/a><\/span> in einem Massengrab.<\/li>\n<\/ul>\n<p>&nbsp;<\/p>\n<figure id=\"attachment_24537\" aria-describedby=\"caption-attachment-24537\" style=\"width: 447px\" class=\"wp-caption aligncenter\"><img loading=\"lazy\" decoding=\"async\" class=\"size-full wp-image-24537\" src=\"https:\/\/geschichte-hautnah.de\/www\/wp-content\/uploads\/2020\/11\/Martin_Stubhann_v.jpg\" alt=\"\" width=\"447\" height=\"800\" srcset=\"https:\/\/geschichte-hautnah.de\/www\/wp-content\/uploads\/2020\/11\/Martin_Stubhann_v.jpg 447w, https:\/\/geschichte-hautnah.de\/www\/wp-content\/uploads\/2020\/11\/Martin_Stubhann_v-168x300.jpg 168w\" sizes=\"auto, (max-width: 447px) 100vw, 447px\" \/><figcaption id=\"caption-attachment-24537\" class=\"wp-caption-text\">Sterbebild von Martin Stubhann<\/figcaption><\/figure>\n<figure id=\"attachment_24536\" aria-describedby=\"caption-attachment-24536\" style=\"width: 447px\" class=\"wp-caption aligncenter\"><img loading=\"lazy\" decoding=\"async\" class=\"size-full wp-image-24536\" src=\"https:\/\/geschichte-hautnah.de\/www\/wp-content\/uploads\/2020\/11\/Martin_Stubhann_h.jpg\" alt=\"\" width=\"447\" height=\"800\" srcset=\"https:\/\/geschichte-hautnah.de\/www\/wp-content\/uploads\/2020\/11\/Martin_Stubhann_h.jpg 447w, https:\/\/geschichte-hautnah.de\/www\/wp-content\/uploads\/2020\/11\/Martin_Stubhann_h-168x300.jpg 168w\" sizes=\"auto, (max-width: 447px) 100vw, 447px\" \/><figcaption id=\"caption-attachment-24536\" class=\"wp-caption-text\">R\u00fcckseite des Sterbebildes von Martin Stubhann<\/figcaption><\/figure>\n","protected":false},"excerpt":{"rendered":"<p>Der Soldat Martin Stubhann (eigentlich Stubhahn) stammte aus Ragging und lebte in Muckham, einem Ortsteil der bayerischen Gemeinde Saaldorf-Surheim, und war ein Kleinbauer. Im Ersten Weltkrieg diente er in der 5. Kompanie des 1. bayerischen Reserve-J\u00e4ger-Bataillons. Am 09.05.1915 fiel er im Alter von 31 Jahren w\u00e4hrend der Schlacht bei La Bass\u00e9e und Arras bei Carency. [&hellip;]<\/p>\n","protected":false},"author":2,"featured_media":0,"comment_status":"closed","ping_status":"closed","sticky":false,"template":"","format":"standard","meta":{"footnotes":"","_wp_rev_ctl_limit":""},"categories":[2,448,8,1876],"tags":[280,449,1366,1802,1078,3145,92,4322,6659,1216,2477,457,99],"class_list":["post-24538","post","type-post","status-publish","format-standard","hentry","category-1-weltkrieg","category-arras","category-sterbebilder","category-frankreich-1-weltkrieg","tag-anonym","tag-arras","tag-bayern","tag-guetler","tag-kleinbauer","tag-la-bassee","tag-massengrab","tag-muckham","tag-ragging","tag-saaldorf-surheim","tag-schlacht-bei-la-bassee-und-arras","tag-st-laurent-blangy","tag-unbekannte-grablage"],"_links":{"self":[{"href":"https:\/\/geschichte-hautnah.de\/www\/index.php?rest_route=\/wp\/v2\/posts\/24538","targetHints":{"allow":["GET"]}}],"collection":[{"href":"https:\/\/geschichte-hautnah.de\/www\/index.php?rest_route=\/wp\/v2\/posts"}],"about":[{"href":"https:\/\/geschichte-hautnah.de\/www\/index.php?rest_route=\/wp\/v2\/types\/post"}],"author":[{"embeddable":true,"href":"https:\/\/geschichte-hautnah.de\/www\/index.php?rest_route=\/wp\/v2\/users\/2"}],"replies":[{"embeddable":true,"href":"https:\/\/geschichte-hautnah.de\/www\/index.php?rest_route=%2Fwp%2Fv2%2Fcomments&post=24538"}],"version-history":[{"count":6,"href":"https:\/\/geschichte-hautnah.de\/www\/index.php?rest_route=\/wp\/v2\/posts\/24538\/revisions"}],"predecessor-version":[{"id":24544,"href":"https:\/\/geschichte-hautnah.de\/www\/index.php?rest_route=\/wp\/v2\/posts\/24538\/revisions\/24544"}],"wp:attachment":[{"href":"https:\/\/geschichte-hautnah.de\/www\/index.php?rest_route=%2Fwp%2Fv2%2Fmedia&parent=24538"}],"wp:term":[{"taxonomy":"category","embeddable":true,"href":"https:\/\/geschichte-hautnah.de\/www\/index.php?rest_route=%2Fwp%2Fv2%2Fcategories&post=24538"},{"taxonomy":"post_tag","embeddable":true,"href":"https:\/\/geschichte-hautnah.de\/www\/index.php?rest_route=%2Fwp%2Fv2%2Ftags&post=24538"}],"curies":[{"name":"wp","href":"https:\/\/api.w.org\/{rel}","templated":true}]}}