{"id":24560,"date":"2025-03-17T00:00:47","date_gmt":"2025-03-16T23:00:47","guid":{"rendered":"https:\/\/geschichte-hautnah.de\/www\/?p=24560"},"modified":"2020-11-09T17:45:34","modified_gmt":"2020-11-09T16:45:34","slug":"die-maenner-des-ersten-weltkriegs-teil-2-492-ludwig-hallweger","status":"publish","type":"post","link":"https:\/\/geschichte-hautnah.de\/www\/?p=24560","title":{"rendered":"Die M\u00e4nner des Ersten Weltkriegs \u2013 Teil 2.492: Ludwig Hallweger"},"content":{"rendered":"<p>Der Soldat Ludwig Hallweger stammte aus <a href=\"https:\/\/de.wikipedia.org\/wiki\/Ruhpolding\" target=\"_blank\" rel=\"noopener noreferrer\">Ruhpolding<\/a> und lebte in Daxenbach. Im Ersten Weltkrieg diente er in der 12. Kompanie des 2. bayerischen Infanterie-Regiments. Am 25.09.1914 fiel er im Alter von 24 Jahren bei <a href=\"https:\/\/de.wikipedia.org\/wiki\/Lihons\" target=\"_blank\" rel=\"noopener noreferrer\">Lihons<\/a> und <a href=\"https:\/\/de.wikipedia.org\/wiki\/Vermandovillers\" target=\"_blank\" rel=\"noopener noreferrer\">Vermandovillers<\/a>.<\/p>\n<p>\u00dcber den Todestag und die Todesumst\u00e4nde von Ludwig Hallweger berichtet die Regimentsgeschichte des 2. bayerischen Infanterie-Regiments:<\/p>\n<blockquote><p><em>&#8222;25.09.1914 Auch in den ersten Nachmittagsstunden gelingt es nicht, Lihons zu nehmen. Um 5.40 Uhr erh\u00e4lt das Regiment Befehl zum Sturm. Nach Artilleriebeschie\u00dfung gehen I. und III. Bataillon und II.\/16. Infanterie-Regiment zum Sturm vor; sie erreichen nur mit Teilen den Ortsrand und m\u00fcssen 400 Meter von Lihons entfernt in Stellung gehen. II. Bataillon dringt bis zum Feldweg Lihons &#8211; Herb\u00e9villers vor. Die Verluste sind sehr betr\u00e4chtlich.&#8220;<\/em><\/p><\/blockquote>\n<p>Die Lage des Grabes von Ludwig Hallweger ist offiziell unbekannt. Ich vermute jedoch stark, dass er, wenn sein Leichnam geborgen wurde, er anonym in einem Massengrab auf dem Soldatenfriedhof <span data-sheets-value=\"{&quot;1&quot;:2,&quot;2&quot;:&quot;Vermandovillers&quot;}\" data-sheets-userformat=\"{&quot;2&quot;:1049089,&quot;3&quot;:{&quot;1&quot;:0},&quot;12&quot;:0,&quot;23&quot;:1}\" data-sheets-formula=\"=HYPERLINK(&quot;https:\/\/de.wikipedia.org\/wiki\/Vermandovillers&quot;;&quot;Vermandovillers&quot;)\" data-sheets-hyperlink=\"https:\/\/de.wikipedia.org\/wiki\/Vermandovillers\"><a class=\"in-cell-link\" href=\"https:\/\/de.wikipedia.org\/wiki\/Vermandovillers\" target=\"_blank\" rel=\"noopener noreferrer\">Vermandovillers<\/a><\/span> beigesetzt wurde, wo man auch seine Regimentskameraden begrub, die im gleichen Zeitruam fielen, u. a.<\/p>\n<ul>\n<li>Unteroffizier Joseph Dankesreiter, gefallen am 25.09.1914 bei <span data-sheets-value=\"{&quot;1&quot;:2,&quot;2&quot;:&quot;Vermandovillers&quot;}\" data-sheets-userformat=\"{&quot;2&quot;:1049089,&quot;3&quot;:{&quot;1&quot;:0},&quot;12&quot;:0,&quot;23&quot;:1}\" data-sheets-formula=\"=HYPERLINK(&quot;https:\/\/de.wikipedia.org\/wiki\/Vermandovillers&quot;;&quot;Vermandovillers&quot;)\" data-sheets-hyperlink=\"https:\/\/de.wikipedia.org\/wiki\/Vermandovillers\"><a class=\"in-cell-link\" href=\"https:\/\/de.wikipedia.org\/wiki\/Vermandovillers\" target=\"_blank\" rel=\"noopener noreferrer\">Vermandovillers<\/a>, begraben auf dem Soldatenfriedhof <a class=\"in-cell-link\" href=\"https:\/\/de.wikipedia.org\/wiki\/Vermandovillers\" target=\"_blank\" rel=\"noopener noreferrer\">Vermandovillers<\/a> in einem Massengrab;<\/span><\/li>\n<li>Unteroffizier Hermann Heinrich Mankel, gefallen am 27.09.1914 bei <span data-sheets-value=\"{&quot;1&quot;:2,&quot;2&quot;:&quot;Vermandovillers&quot;}\" data-sheets-userformat=\"{&quot;2&quot;:1049089,&quot;3&quot;:{&quot;1&quot;:0},&quot;12&quot;:0,&quot;23&quot;:1}\" data-sheets-formula=\"=HYPERLINK(&quot;https:\/\/de.wikipedia.org\/wiki\/Vermandovillers&quot;;&quot;Vermandovillers&quot;)\" data-sheets-hyperlink=\"https:\/\/de.wikipedia.org\/wiki\/Vermandovillers\"><a class=\"in-cell-link\" href=\"https:\/\/de.wikipedia.org\/wiki\/Vermandovillers\" target=\"_blank\" rel=\"noopener noreferrer\">Vermandovillers<\/a>, begraben auf dem Soldatenfriedhof <a class=\"in-cell-link\" href=\"https:\/\/de.wikipedia.org\/wiki\/Vermandovillers\" target=\"_blank\" rel=\"noopener noreferrer\">Vermandovillers<\/a> in einem Massengrab;<\/span><\/li>\n<li>Unteroffizier Hans Bullemer, gefallen am 27.09.1914<span data-sheets-value=\"{&quot;1&quot;:2,&quot;2&quot;:&quot;Vermandovillers&quot;}\" data-sheets-userformat=\"{&quot;2&quot;:1049089,&quot;3&quot;:{&quot;1&quot;:0},&quot;12&quot;:0,&quot;23&quot;:1}\" data-sheets-formula=\"=HYPERLINK(&quot;https:\/\/de.wikipedia.org\/wiki\/Vermandovillers&quot;;&quot;Vermandovillers&quot;)\" data-sheets-hyperlink=\"https:\/\/de.wikipedia.org\/wiki\/Vermandovillers\">, begraben auf dem Soldatenfriedhof <a class=\"in-cell-link\" href=\"https:\/\/de.wikipedia.org\/wiki\/Vermandovillers\" target=\"_blank\" rel=\"noopener noreferrer\">Vermandovillers<\/a> in einem Massengrab;<\/span><\/li>\n<li>Infanterist Ludwig Lehner, gefallen am 24.09.1914 bei Soyecourt<span data-sheets-value=\"{&quot;1&quot;:2,&quot;2&quot;:&quot;Vermandovillers&quot;}\" data-sheets-userformat=\"{&quot;2&quot;:1049089,&quot;3&quot;:{&quot;1&quot;:0},&quot;12&quot;:0,&quot;23&quot;:1}\" data-sheets-formula=\"=HYPERLINK(&quot;https:\/\/de.wikipedia.org\/wiki\/Vermandovillers&quot;;&quot;Vermandovillers&quot;)\" data-sheets-hyperlink=\"https:\/\/de.wikipedia.org\/wiki\/Vermandovillers\">, begraben auf dem Soldatenfriedhof <a class=\"in-cell-link\" href=\"https:\/\/de.wikipedia.org\/wiki\/Vermandovillers\" target=\"_blank\" rel=\"noopener noreferrer\">Vermandovillers<\/a> in einem Massengrab.<\/span><\/li>\n<\/ul>\n<p>&nbsp;<\/p>\n<figure id=\"attachment_24559\" aria-describedby=\"caption-attachment-24559\" style=\"width: 489px\" class=\"wp-caption aligncenter\"><img loading=\"lazy\" decoding=\"async\" class=\"size-full wp-image-24559\" src=\"https:\/\/geschichte-hautnah.de\/www\/wp-content\/uploads\/2020\/11\/Ludwig_Hallweger_v.jpg\" alt=\"\" width=\"489\" height=\"800\" srcset=\"https:\/\/geschichte-hautnah.de\/www\/wp-content\/uploads\/2020\/11\/Ludwig_Hallweger_v.jpg 489w, https:\/\/geschichte-hautnah.de\/www\/wp-content\/uploads\/2020\/11\/Ludwig_Hallweger_v-183x300.jpg 183w\" sizes=\"auto, (max-width: 489px) 100vw, 489px\" \/><figcaption id=\"caption-attachment-24559\" class=\"wp-caption-text\">Sterbebild von Ludwig Hallweger<\/figcaption><\/figure>\n<figure id=\"attachment_24558\" aria-describedby=\"caption-attachment-24558\" style=\"width: 489px\" class=\"wp-caption aligncenter\"><img loading=\"lazy\" decoding=\"async\" class=\"size-full wp-image-24558\" src=\"https:\/\/geschichte-hautnah.de\/www\/wp-content\/uploads\/2020\/11\/Ludwig_Hallweger_h.jpg\" alt=\"\" width=\"489\" height=\"800\" srcset=\"https:\/\/geschichte-hautnah.de\/www\/wp-content\/uploads\/2020\/11\/Ludwig_Hallweger_h.jpg 489w, https:\/\/geschichte-hautnah.de\/www\/wp-content\/uploads\/2020\/11\/Ludwig_Hallweger_h-183x300.jpg 183w\" sizes=\"auto, (max-width: 489px) 100vw, 489px\" \/><figcaption id=\"caption-attachment-24558\" class=\"wp-caption-text\">R\u00fcckseite des Sterbebildes von Ludwig Hallweger<\/figcaption><\/figure>\n","protected":false},"excerpt":{"rendered":"<p>Der Soldat Ludwig Hallweger stammte aus Ruhpolding und lebte in Daxenbach. Im Ersten Weltkrieg diente er in der 12. Kompanie des 2. bayerischen Infanterie-Regiments. Am 25.09.1914 fiel er im Alter von 24 Jahren bei Lihons und Vermandovillers. \u00dcber den Todestag und die Todesumst\u00e4nde von Ludwig Hallweger berichtet die Regimentsgeschichte des 2. bayerischen Infanterie-Regiments: &#8222;25.09.1914 Auch [&hellip;]<\/p>\n","protected":false},"author":2,"featured_media":0,"comment_status":"closed","ping_status":"closed","sticky":false,"template":"","format":"standard","meta":{"footnotes":"","_wp_rev_ctl_limit":""},"categories":[2,8,1876,651],"tags":[3475,280,1366,6662,36,863,92,3627,631,99,709],"class_list":["post-24560","post","type-post","status-publish","format-standard","hentry","category-1-weltkrieg","category-sterbebilder","category-frankreich-1-weltkrieg","category-schlacht-an-der-somme","tag-2-bayerisches-iinfanterie-regiment","tag-anonym","tag-bayern","tag-dacenbach","tag-frankreich","tag-lihons","tag-massengrab","tag-ruhpolding","tag-somme","tag-unbekannte-grablage","tag-vermandovillers"],"_links":{"self":[{"href":"https:\/\/geschichte-hautnah.de\/www\/index.php?rest_route=\/wp\/v2\/posts\/24560","targetHints":{"allow":["GET"]}}],"collection":[{"href":"https:\/\/geschichte-hautnah.de\/www\/index.php?rest_route=\/wp\/v2\/posts"}],"about":[{"href":"https:\/\/geschichte-hautnah.de\/www\/index.php?rest_route=\/wp\/v2\/types\/post"}],"author":[{"embeddable":true,"href":"https:\/\/geschichte-hautnah.de\/www\/index.php?rest_route=\/wp\/v2\/users\/2"}],"replies":[{"embeddable":true,"href":"https:\/\/geschichte-hautnah.de\/www\/index.php?rest_route=%2Fwp%2Fv2%2Fcomments&post=24560"}],"version-history":[{"count":7,"href":"https:\/\/geschichte-hautnah.de\/www\/index.php?rest_route=\/wp\/v2\/posts\/24560\/revisions"}],"predecessor-version":[{"id":24567,"href":"https:\/\/geschichte-hautnah.de\/www\/index.php?rest_route=\/wp\/v2\/posts\/24560\/revisions\/24567"}],"wp:attachment":[{"href":"https:\/\/geschichte-hautnah.de\/www\/index.php?rest_route=%2Fwp%2Fv2%2Fmedia&parent=24560"}],"wp:term":[{"taxonomy":"category","embeddable":true,"href":"https:\/\/geschichte-hautnah.de\/www\/index.php?rest_route=%2Fwp%2Fv2%2Fcategories&post=24560"},{"taxonomy":"post_tag","embeddable":true,"href":"https:\/\/geschichte-hautnah.de\/www\/index.php?rest_route=%2Fwp%2Fv2%2Ftags&post=24560"}],"curies":[{"name":"wp","href":"https:\/\/api.w.org\/{rel}","templated":true}]}}