{"id":2467,"date":"2017-12-26T06:00:48","date_gmt":"2017-12-26T05:00:48","guid":{"rendered":"http:\/\/geschichte-hautnah.de\/www\/?p=2467"},"modified":"2017-12-15T12:38:40","modified_gmt":"2017-12-15T11:38:40","slug":"die-maenner-des-ersten-weltkriegs-teil-132-melchior-sewald","status":"publish","type":"post","link":"https:\/\/geschichte-hautnah.de\/www\/?p=2467","title":{"rendered":"Die M\u00e4nner des Ersten Weltkriegs \u2013 Teil 132: Melchior Sewald"},"content":{"rendered":"<p>Heute habe ich mal einen Fall aus meiner Umgebung. Melchior wurde am 13.08.1895 in <a href=\"https:\/\/www.google.de\/maps\/place\/Altenhohenau,+83556+Griesst%C3%A4tt\/@48.0083117,12.1758504,17z\/data=!3m1!4b1!4m5!3m4!1s0x4776068bb22397b9:0xa1d25a6760e5a90!8m2!3d48.0079707!4d12.1771884\" target=\"_blank\" rel=\"noopener\">Altenhohenau<\/a> geboren und lebte in <a href=\"https:\/\/www.google.de\/maps\/place\/Stra%C3%9F,+83556+Griesst%C3%A4tt\/@47.9948929,12.2013541,17z\/data=!3m1!4b1!4m5!3m4!1s0x4776060cc8e4b7e1:0x36fa65bcf335d50d!8m2!3d47.9948893!4d12.2035428\" target=\"_blank\" rel=\"noopener\">Stra\u00df<\/a> , beides heute Ortsteile von <a href=\"https:\/\/de.wikipedia.org\/wiki\/Griesst%C3%A4tt\" target=\"_blank\" rel=\"noopener\">Giesst\u00e4tt<\/a> in Bayern. Im Ersten Weltkrieg wurde er in die 1. Maschinengewehr-Kompanie (Mienenwerfer Zug) einberufen. Er wurde mit dem Eisernen Kreuz 2. Klasse und dem Verdienstkreuz 3. Klasse ausgezeichnet. Nach 42 Monaten im Feld wurde er <span data-sheets-value=\"{&quot;1&quot;:2,&quot;2&quot;:&quot;Gefallen bei der Angriffschlacht an der Marne vom 14. Juli bis 19. Juli 1918&quot;}\" data-sheets-userformat=\"{&quot;2&quot;:6657,&quot;3&quot;:{&quot;1&quot;:0},&quot;12&quot;:0,&quot;14&quot;:{&quot;1&quot;:2,&quot;2&quot;:0},&quot;15&quot;:&quot;Arial&quot;}\">bei der Angriffschlacht an der <a href=\"https:\/\/de.wikipedia.org\/wiki\/Schlacht_an_der_Marne_(1918)\" target=\"_blank\" rel=\"noopener\">Marne<\/a> vom 14. Juli bis 19. Juli 1918 durch einen Granatsplitter verwundet und in die Heimat abtransportiert, wo er in <a href=\"https:\/\/www.google.de\/maps\/place\/Wetzlar\/@50.5706271,8.4611493,12z\/data=!3m1!4b1!4m5!3m4!1s0x47bc5abf234ca33b:0x8b91f63173675d95!8m2!3d50.5589802!4d8.5081645\" target=\"_blank\" rel=\"noopener\">Wetzlar<\/a> in einem Lazarett starb. Hier, in Wetzlar, wurde er auch begraben. Seine sterblichen \u00dcberreste ruhen noch heute auf dem Friedhof in Wetzlar im Grab 48.<\/span><\/p>\n<p>Melchior Sewald wurde nur 23 Jahre alt.<\/p>\n<p>Beim Volksbund wird Melchior Sewald derzeit noch mit falschen Daten gef\u00fchrt (&#8222;Seewald&#8220; statt &#8222;Sewald&#8220; und &#8222;Sta\u00df&#8220; statt &#8222;Stra\u00df&#8220;). Ich habe mich mit dem Volksbund in Verbindung gesetzt, um die Daten zu korrigieren, die auch durch die Verlustlisten best\u00e4tigt werden.<\/p>\n<p><a href=\"http:\/\/geschichte-hautnah.de\/www\/wp-content\/uploads\/2017\/12\/Melchior_Sewald_v.jpeg\"><img loading=\"lazy\" decoding=\"async\" class=\"alignnone size-full wp-image-2468\" src=\"http:\/\/geschichte-hautnah.de\/www\/wp-content\/uploads\/2017\/12\/Melchior_Sewald_v.jpeg\" alt=\"\" width=\"756\" height=\"600\" srcset=\"https:\/\/geschichte-hautnah.de\/www\/wp-content\/uploads\/2017\/12\/Melchior_Sewald_v.jpeg 756w, https:\/\/geschichte-hautnah.de\/www\/wp-content\/uploads\/2017\/12\/Melchior_Sewald_v-300x238.jpeg 300w\" sizes=\"auto, (max-width: 756px) 100vw, 756px\" \/><\/a> <a href=\"http:\/\/geschichte-hautnah.de\/www\/wp-content\/uploads\/2017\/12\/Melchior_Sewald_h.jpeg\"><img loading=\"lazy\" decoding=\"async\" class=\"alignnone size-full wp-image-2469\" src=\"http:\/\/geschichte-hautnah.de\/www\/wp-content\/uploads\/2017\/12\/Melchior_Sewald_h.jpeg\" alt=\"\" width=\"756\" height=\"600\" srcset=\"https:\/\/geschichte-hautnah.de\/www\/wp-content\/uploads\/2017\/12\/Melchior_Sewald_h.jpeg 756w, https:\/\/geschichte-hautnah.de\/www\/wp-content\/uploads\/2017\/12\/Melchior_Sewald_h-300x238.jpeg 300w\" sizes=\"auto, (max-width: 756px) 100vw, 756px\" \/><\/a><\/p>\n","protected":false},"excerpt":{"rendered":"<p>Heute habe ich mal einen Fall aus meiner Umgebung. Melchior wurde am 13.08.1895 in Altenhohenau geboren und lebte in Stra\u00df , beides heute Ortsteile von Giesst\u00e4tt in Bayern. Im Ersten Weltkrieg wurde er in die 1. Maschinengewehr-Kompanie (Mienenwerfer Zug) einberufen. Er wurde mit dem Eisernen Kreuz 2. Klasse und dem Verdienstkreuz 3. Klasse ausgezeichnet. Nach [&hellip;]<\/p>\n","protected":false},"author":2,"featured_media":0,"comment_status":"closed","ping_status":"closed","sticky":false,"template":"","format":"standard","meta":{"footnotes":"","_wp_rev_ctl_limit":""},"categories":[2,8],"tags":[347,344,112,349,153,132,346,345,350,281,83,348],"class_list":["post-2467","post","type-post","status-publish","format-standard","hentry","category-1-weltkrieg","category-sterbebilder","tag-3-jaeger-regiment","tag-altenhohenau","tag-eisernes-kreuz-2-klasse","tag-falsche-daten","tag-gefreiter","tag-granatsplitter","tag-griesstaett","tag-strass","tag-verdienstkreuz-3-klasse","tag-verlustlisten","tag-volksbund","tag-wetzlar"],"_links":{"self":[{"href":"https:\/\/geschichte-hautnah.de\/www\/index.php?rest_route=\/wp\/v2\/posts\/2467","targetHints":{"allow":["GET"]}}],"collection":[{"href":"https:\/\/geschichte-hautnah.de\/www\/index.php?rest_route=\/wp\/v2\/posts"}],"about":[{"href":"https:\/\/geschichte-hautnah.de\/www\/index.php?rest_route=\/wp\/v2\/types\/post"}],"author":[{"embeddable":true,"href":"https:\/\/geschichte-hautnah.de\/www\/index.php?rest_route=\/wp\/v2\/users\/2"}],"replies":[{"embeddable":true,"href":"https:\/\/geschichte-hautnah.de\/www\/index.php?rest_route=%2Fwp%2Fv2%2Fcomments&post=2467"}],"version-history":[{"count":1,"href":"https:\/\/geschichte-hautnah.de\/www\/index.php?rest_route=\/wp\/v2\/posts\/2467\/revisions"}],"predecessor-version":[{"id":2470,"href":"https:\/\/geschichte-hautnah.de\/www\/index.php?rest_route=\/wp\/v2\/posts\/2467\/revisions\/2470"}],"wp:attachment":[{"href":"https:\/\/geschichte-hautnah.de\/www\/index.php?rest_route=%2Fwp%2Fv2%2Fmedia&parent=2467"}],"wp:term":[{"taxonomy":"category","embeddable":true,"href":"https:\/\/geschichte-hautnah.de\/www\/index.php?rest_route=%2Fwp%2Fv2%2Fcategories&post=2467"},{"taxonomy":"post_tag","embeddable":true,"href":"https:\/\/geschichte-hautnah.de\/www\/index.php?rest_route=%2Fwp%2Fv2%2Ftags&post=2467"}],"curies":[{"name":"wp","href":"https:\/\/api.w.org\/{rel}","templated":true}]}}