{"id":24852,"date":"2025-04-19T00:00:08","date_gmt":"2025-04-18T22:00:08","guid":{"rendered":"https:\/\/geschichte-hautnah.de\/www\/?p=24852"},"modified":"2020-11-17T09:35:28","modified_gmt":"2020-11-17T08:35:28","slug":"die-maenner-des-ersten-weltkriegs-teil-2-526-josef-erlmeier","status":"publish","type":"post","link":"https:\/\/geschichte-hautnah.de\/www\/?p=24852","title":{"rendered":"Die M\u00e4nner des Ersten Weltkriegs \u2013 Teil 2.526: Josef Erlmeier"},"content":{"rendered":"<p>Der Soldat Josef Erlmeier stammtes aus Racksdorf, einem Ortsteil der bayerischen Gemeinde <a href=\"https:\/\/de.wikipedia.org\/wiki\/Gangkofen\" target=\"_blank\" rel=\"noopener noreferrer\">Gangkofen<\/a>, und von Beruf Landwirt. Im Ersten Weltkrieg k\u00e4mpfte er in einem Landwehr-Infanterie-Regiment. Am 10.02.1917 verstarb er im Alter von 41 Jahren im Infanterie-Lazarett Landshut.<\/p>\n<p>Josef Erlmeier d\u00fcrfte auf dem \u00f6ftlichen Friedhof in Landshut im milit\u00e4rischen Teil begraben worden sein. Das Grab existiert wahrscheinlich noch heute.<\/p>\n<figure id=\"attachment_24854\" aria-describedby=\"caption-attachment-24854\" style=\"width: 496px\" class=\"wp-caption aligncenter\"><img loading=\"lazy\" decoding=\"async\" class=\"size-full wp-image-24854\" src=\"https:\/\/geschichte-hautnah.de\/www\/wp-content\/uploads\/2020\/11\/Josef_Erlmeier_v.jpg\" alt=\"\" width=\"496\" height=\"800\" srcset=\"https:\/\/geschichte-hautnah.de\/www\/wp-content\/uploads\/2020\/11\/Josef_Erlmeier_v.jpg 496w, https:\/\/geschichte-hautnah.de\/www\/wp-content\/uploads\/2020\/11\/Josef_Erlmeier_v-186x300.jpg 186w\" sizes=\"auto, (max-width: 496px) 100vw, 496px\" \/><figcaption id=\"caption-attachment-24854\" class=\"wp-caption-text\">Sterbebild von Josef Erlmeier<\/figcaption><\/figure>\n<figure id=\"attachment_24853\" aria-describedby=\"caption-attachment-24853\" style=\"width: 496px\" class=\"wp-caption aligncenter\"><img loading=\"lazy\" decoding=\"async\" class=\"size-full wp-image-24853\" src=\"https:\/\/geschichte-hautnah.de\/www\/wp-content\/uploads\/2020\/11\/Josef_Erlmeier_h.jpg\" alt=\"\" width=\"496\" height=\"800\" srcset=\"https:\/\/geschichte-hautnah.de\/www\/wp-content\/uploads\/2020\/11\/Josef_Erlmeier_h.jpg 496w, https:\/\/geschichte-hautnah.de\/www\/wp-content\/uploads\/2020\/11\/Josef_Erlmeier_h-186x300.jpg 186w\" sizes=\"auto, (max-width: 496px) 100vw, 496px\" \/><figcaption id=\"caption-attachment-24853\" class=\"wp-caption-text\">R\u00fcckseite des Sterbebildes von Josef Erlmeier<\/figcaption><\/figure>\n","protected":false},"excerpt":{"rendered":"<p>Der Soldat Josef Erlmeier stammtes aus Racksdorf, einem Ortsteil der bayerischen Gemeinde Gangkofen, und von Beruf Landwirt. Im Ersten Weltkrieg k\u00e4mpfte er in einem Landwehr-Infanterie-Regiment. Am 10.02.1917 verstarb er im Alter von 41 Jahren im Infanterie-Lazarett Landshut. Josef Erlmeier d\u00fcrfte auf dem \u00f6ftlichen Friedhof in Landshut im milit\u00e4rischen Teil begraben worden sein. Das Grab existiert [&hellip;]<\/p>\n","protected":false},"author":2,"featured_media":0,"comment_status":"closed","ping_status":"closed","sticky":false,"template":"","format":"standard","meta":{"footnotes":"","_wp_rev_ctl_limit":""},"categories":[2,8],"tags":[1366,1088,3111,342,6713,6712],"class_list":["post-24852","post","type-post","status-publish","format-standard","hentry","category-1-weltkrieg","category-sterbebilder","tag-bayern","tag-gangkofen","tag-landshut","tag-landwehr-infanterie-regiment","tag-lazarett-landshut","tag-racksdorf"],"_links":{"self":[{"href":"https:\/\/geschichte-hautnah.de\/www\/index.php?rest_route=\/wp\/v2\/posts\/24852","targetHints":{"allow":["GET"]}}],"collection":[{"href":"https:\/\/geschichte-hautnah.de\/www\/index.php?rest_route=\/wp\/v2\/posts"}],"about":[{"href":"https:\/\/geschichte-hautnah.de\/www\/index.php?rest_route=\/wp\/v2\/types\/post"}],"author":[{"embeddable":true,"href":"https:\/\/geschichte-hautnah.de\/www\/index.php?rest_route=\/wp\/v2\/users\/2"}],"replies":[{"embeddable":true,"href":"https:\/\/geschichte-hautnah.de\/www\/index.php?rest_route=%2Fwp%2Fv2%2Fcomments&post=24852"}],"version-history":[{"count":3,"href":"https:\/\/geschichte-hautnah.de\/www\/index.php?rest_route=\/wp\/v2\/posts\/24852\/revisions"}],"predecessor-version":[{"id":24857,"href":"https:\/\/geschichte-hautnah.de\/www\/index.php?rest_route=\/wp\/v2\/posts\/24852\/revisions\/24857"}],"wp:attachment":[{"href":"https:\/\/geschichte-hautnah.de\/www\/index.php?rest_route=%2Fwp%2Fv2%2Fmedia&parent=24852"}],"wp:term":[{"taxonomy":"category","embeddable":true,"href":"https:\/\/geschichte-hautnah.de\/www\/index.php?rest_route=%2Fwp%2Fv2%2Fcategories&post=24852"},{"taxonomy":"post_tag","embeddable":true,"href":"https:\/\/geschichte-hautnah.de\/www\/index.php?rest_route=%2Fwp%2Fv2%2Ftags&post=24852"}],"curies":[{"name":"wp","href":"https:\/\/api.w.org\/{rel}","templated":true}]}}