{"id":25047,"date":"2025-05-09T00:00:21","date_gmt":"2025-05-08T22:00:21","guid":{"rendered":"https:\/\/geschichte-hautnah.de\/www\/?p=25047"},"modified":"2020-11-23T18:23:02","modified_gmt":"2020-11-23T17:23:02","slug":"die-maenner-des-ersten-weltkriegs-teil-2-546-jakob-ploetz","status":"publish","type":"post","link":"https:\/\/geschichte-hautnah.de\/www\/?p=25047","title":{"rendered":"Die M\u00e4nner des Ersten Weltkriegs \u2013 Teil 2.546: Jakob Pl\u00f6tz"},"content":{"rendered":"<p>Der Soldat Jakob Pl\u00f6tz stammte aus Unterbachham, eine Ortsteil der bayerischen Gemeinde <a href=\"https:\/\/de.wikipedia.org\/wiki\/Gangkofen\" target=\"_blank\" rel=\"noopener noreferrer\">Gangkofen<\/a>, und war Tagel\u00f6hner, wohnhaft in Sturzenreit in Niederbayern. Im Ersten Weltkrieg diente er als Landwehrmann in der 9. Kompanie des 1. bayerischen Reserve-Infanterie-Regiments. Am 05.06.1915 fiel er im Alter von 30 Jahren bei <a href=\"https:\/\/de.wikipedia.org\/wiki\/Fampoux\" target=\"_blank\" rel=\"noopener noreferrer\">Fampoux<\/a> und St.-Laurent (Arras) durch einen Granatschuss in den\u00a0 Sch\u00fctzengraben.<\/p>\n<p>Offiziell ist f\u00fcr Jakob Pl\u00f6tz keine Grablage bekannt. Ich bin mir jedoch sicher, dass er, wenn noch sterbliche \u00dcberreste geborgen werden konnten, diese anonym in einem Massengrab auf dem Soldatenfriedhof <span data-sheets-value=\"{&quot;1&quot;:2,&quot;2&quot;:&quot;St.-Laurent-Blangy&quot;}\" data-sheets-userformat=\"{&quot;2&quot;:1049089,&quot;3&quot;:{&quot;1&quot;:0},&quot;12&quot;:0,&quot;23&quot;:1}\" data-sheets-formula=\"=HYPERLINK(&quot;https:\/\/www.google.de\/maps\/place\/Saint-Laurent-Blangy,+Frankreich\/@50.3097961,2.7378821,12z\/data=!4m5!3m4!1s0x47dd482673f41e11:0x40af13e8163d6a0!8m2!3d50.300542!4d2.801689&quot;;&quot;St.-Laurent-Blangy&quot;)\" data-sheets-hyperlink=\"https:\/\/www.google.de\/maps\/place\/Saint-Laurent-Blangy,+Frankreich\/@50.3097961,2.7378821,12z\/data=!4m5!3m4!1s0x47dd482673f41e11:0x40af13e8163d6a0!8m2!3d50.300542!4d2.801689\"><a class=\"in-cell-link\" href=\"https:\/\/www.google.de\/maps\/place\/Saint-Laurent-Blangy,+Frankreich\/@50.3097961,2.7378821,12z\/data=!4m5!3m4!1s0x47dd482673f41e11:0x40af13e8163d6a0!8m2!3d50.300542!4d2.801689\" target=\"_blank\" rel=\"noopener noreferrer\">St.-Laurent-Blangy<\/a><\/span> beigesetzt wurden, der nur wenige Kilometer entfernt von seinem Sterbeort liegt.<\/p>\n<p><img loading=\"lazy\" decoding=\"async\" class=\"size-full wp-image-25046 aligncenter\" src=\"https:\/\/geschichte-hautnah.de\/www\/wp-content\/uploads\/2020\/11\/Jakob_Ploetz_v.jpg\" alt=\"\" width=\"800\" height=\"620\" srcset=\"https:\/\/geschichte-hautnah.de\/www\/wp-content\/uploads\/2020\/11\/Jakob_Ploetz_v.jpg 800w, https:\/\/geschichte-hautnah.de\/www\/wp-content\/uploads\/2020\/11\/Jakob_Ploetz_v-300x233.jpg 300w, https:\/\/geschichte-hautnah.de\/www\/wp-content\/uploads\/2020\/11\/Jakob_Ploetz_v-768x595.jpg 768w\" sizes=\"auto, (max-width: 800px) 100vw, 800px\" \/><\/p>\n<p>Sterbebild von Jakob Pl\u00f6tz<\/p>\n<figure id=\"attachment_25045\" aria-describedby=\"caption-attachment-25045\" style=\"width: 800px\" class=\"wp-caption aligncenter\"><img loading=\"lazy\" decoding=\"async\" class=\"size-full wp-image-25045\" src=\"https:\/\/geschichte-hautnah.de\/www\/wp-content\/uploads\/2020\/11\/Jakob_Ploetz_h.jpg\" alt=\"\" width=\"800\" height=\"620\" srcset=\"https:\/\/geschichte-hautnah.de\/www\/wp-content\/uploads\/2020\/11\/Jakob_Ploetz_h.jpg 800w, https:\/\/geschichte-hautnah.de\/www\/wp-content\/uploads\/2020\/11\/Jakob_Ploetz_h-300x233.jpg 300w, https:\/\/geschichte-hautnah.de\/www\/wp-content\/uploads\/2020\/11\/Jakob_Ploetz_h-768x595.jpg 768w\" sizes=\"auto, (max-width: 800px) 100vw, 800px\" \/><figcaption id=\"caption-attachment-25045\" class=\"wp-caption-text\">R\u00fcckseite des Sterbebildes von Jakob Pl\u00f6tz<\/figcaption><\/figure>\n","protected":false},"excerpt":{"rendered":"<p>Der Soldat Jakob Pl\u00f6tz stammte aus Unterbachham, eine Ortsteil der bayerischen Gemeinde Gangkofen, und war Tagel\u00f6hner, wohnhaft in Sturzenreit in Niederbayern. Im Ersten Weltkrieg diente er als Landwehrmann in der 9. Kompanie des 1. bayerischen Reserve-Infanterie-Regiments. Am 05.06.1915 fiel er im Alter von 30 Jahren bei Fampoux und St.-Laurent (Arras) durch einen Granatschuss in den\u00a0 [&hellip;]<\/p>\n","protected":false},"author":2,"featured_media":0,"comment_status":"closed","ping_status":"closed","sticky":false,"template":"","format":"standard","meta":{"footnotes":"","_wp_rev_ctl_limit":""},"categories":[2,448,8,1876],"tags":[733,280,449,1366,2315,36,1088,528,287,92,687,1409,726,457,6755,1079,6754],"class_list":["post-25047","post","type-post","status-publish","format-standard","hentry","category-1-weltkrieg","category-arras","category-sterbebilder","category-frankreich-1-weltkrieg","tag-1-bayerisches-reserve-infanterie-regiment","tag-anonym","tag-arras","tag-bayern","tag-fampoux","tag-frankreich","tag-gangkofen","tag-granatschuss","tag-landwehrmann","tag-massengrab","tag-schuetzengraben","tag-soeldner","tag-st-laurent","tag-st-laurent-blangy","tag-sturzenreit","tag-tageloehner","tag-unterbachham"],"_links":{"self":[{"href":"https:\/\/geschichte-hautnah.de\/www\/index.php?rest_route=\/wp\/v2\/posts\/25047","targetHints":{"allow":["GET"]}}],"collection":[{"href":"https:\/\/geschichte-hautnah.de\/www\/index.php?rest_route=\/wp\/v2\/posts"}],"about":[{"href":"https:\/\/geschichte-hautnah.de\/www\/index.php?rest_route=\/wp\/v2\/types\/post"}],"author":[{"embeddable":true,"href":"https:\/\/geschichte-hautnah.de\/www\/index.php?rest_route=\/wp\/v2\/users\/2"}],"replies":[{"embeddable":true,"href":"https:\/\/geschichte-hautnah.de\/www\/index.php?rest_route=%2Fwp%2Fv2%2Fcomments&post=25047"}],"version-history":[{"count":3,"href":"https:\/\/geschichte-hautnah.de\/www\/index.php?rest_route=\/wp\/v2\/posts\/25047\/revisions"}],"predecessor-version":[{"id":25050,"href":"https:\/\/geschichte-hautnah.de\/www\/index.php?rest_route=\/wp\/v2\/posts\/25047\/revisions\/25050"}],"wp:attachment":[{"href":"https:\/\/geschichte-hautnah.de\/www\/index.php?rest_route=%2Fwp%2Fv2%2Fmedia&parent=25047"}],"wp:term":[{"taxonomy":"category","embeddable":true,"href":"https:\/\/geschichte-hautnah.de\/www\/index.php?rest_route=%2Fwp%2Fv2%2Fcategories&post=25047"},{"taxonomy":"post_tag","embeddable":true,"href":"https:\/\/geschichte-hautnah.de\/www\/index.php?rest_route=%2Fwp%2Fv2%2Ftags&post=25047"}],"curies":[{"name":"wp","href":"https:\/\/api.w.org\/{rel}","templated":true}]}}