{"id":25277,"date":"2025-06-01T00:00:48","date_gmt":"2025-05-31T22:00:48","guid":{"rendered":"https:\/\/geschichte-hautnah.de\/www\/?p=25277"},"modified":"2020-12-03T16:17:49","modified_gmt":"2020-12-03T15:17:49","slug":"die-maenner-des-ersten-weltkriegs-teil-2-569-sebastian-mayr","status":"publish","type":"post","link":"https:\/\/geschichte-hautnah.de\/www\/?p=25277","title":{"rendered":"Die M\u00e4nner des Ersten Weltkriegs \u2013 Teil 2.569: Sebastian Mayr"},"content":{"rendered":"<p>Der Soldat Sebastian Mayr wurde am 19.12.1891 in Altenham geboren, einem Ortsteil der bayerischen Gemeinde <a href=\"https:\/\/de.wikipedia.org\/wiki\/Tacherting\" target=\"_blank\" rel=\"noopener noreferrer\">Tacherting<\/a>, und war Landwirt (Huber-G\u00fctler). Im Ersten Weltkrieg k\u00e4mpfte er in der 5. Kompanie des 3. bayerischen Infanterie-Regiments. Am 09.04.1917 fiel er im Alter von 35 Jahren w\u00e4hrend der Stellungsk\u00e4mpfe im Oberelsass. Sein Bataillon wurde vom 03.04.1918 an der 26. w\u00fcrttembergischen Landwehr-Division zugeteilt und marschierte nach Ungersheim, Feldkirch und Bunzenheim beordert. Seit dieser Zeit gilt Sebastian Mayr als vermisst. Sein Sterbeort und seine Grablage war nicht zu recherchieren.<\/p>\n<p>Es k\u00f6nnte gut sein, dass Sebastian Mayr auf dem rund 13 Kilometer entfernt von seinem letzten Aufenthaltsort gelegenen Soldatenfriedhof <a href=\"https:\/\/de.wikipedia.org\/wiki\/Cernay_(Haut-Rhin)\" target=\"_blank\" rel=\"noopener noreferrer\">Cernay<\/a> als unbekannter Soldat begraben wurde.<\/p>\n<figure id=\"attachment_25276\" aria-describedby=\"caption-attachment-25276\" style=\"width: 508px\" class=\"wp-caption aligncenter\"><img loading=\"lazy\" decoding=\"async\" class=\"size-full wp-image-25276\" src=\"https:\/\/geschichte-hautnah.de\/www\/wp-content\/uploads\/2020\/12\/Sebastian-Mayr-vorn.jpg\" alt=\"\" width=\"508\" height=\"800\" srcset=\"https:\/\/geschichte-hautnah.de\/www\/wp-content\/uploads\/2020\/12\/Sebastian-Mayr-vorn.jpg 508w, https:\/\/geschichte-hautnah.de\/www\/wp-content\/uploads\/2020\/12\/Sebastian-Mayr-vorn-191x300.jpg 191w\" sizes=\"auto, (max-width: 508px) 100vw, 508px\" \/><figcaption id=\"caption-attachment-25276\" class=\"wp-caption-text\">Sterbebild von Sebastian Mayr<\/figcaption><\/figure>\n<figure id=\"attachment_25275\" aria-describedby=\"caption-attachment-25275\" style=\"width: 508px\" class=\"wp-caption aligncenter\"><img loading=\"lazy\" decoding=\"async\" class=\"size-full wp-image-25275\" src=\"https:\/\/geschichte-hautnah.de\/www\/wp-content\/uploads\/2020\/12\/Sebastian-Mayr-hinten.jpg\" alt=\"\" width=\"508\" height=\"800\" srcset=\"https:\/\/geschichte-hautnah.de\/www\/wp-content\/uploads\/2020\/12\/Sebastian-Mayr-hinten.jpg 508w, https:\/\/geschichte-hautnah.de\/www\/wp-content\/uploads\/2020\/12\/Sebastian-Mayr-hinten-191x300.jpg 191w\" sizes=\"auto, (max-width: 508px) 100vw, 508px\" \/><figcaption id=\"caption-attachment-25275\" class=\"wp-caption-text\">R\u00fcckseite des Sterbebildes von Sebastian Mayr<\/figcaption><\/figure>\n","protected":false},"excerpt":{"rendered":"<p>Der Soldat Sebastian Mayr wurde am 19.12.1891 in Altenham geboren, einem Ortsteil der bayerischen Gemeinde Tacherting, und war Landwirt (Huber-G\u00fctler). Im Ersten Weltkrieg k\u00e4mpfte er in der 5. Kompanie des 3. bayerischen Infanterie-Regiments. Am 09.04.1917 fiel er im Alter von 35 Jahren w\u00e4hrend der Stellungsk\u00e4mpfe im Oberelsass. Sein Bataillon wurde vom 03.04.1918 an der 26. [&hellip;]<\/p>\n","protected":false},"author":2,"featured_media":0,"comment_status":"closed","ping_status":"closed","sticky":false,"template":"","format":"standard","meta":{"footnotes":"","_wp_rev_ctl_limit":""},"categories":[2,8,1876,18],"tags":[6811,1032,5181,1366,27,33,1802,6810,5014,334,99,82],"class_list":["post-25277","post","type-post","status-publish","format-standard","hentry","category-1-weltkrieg","category-sterbebilder","category-frankreich-1-weltkrieg","category-vogesenkampfe","tag-26-wuerttembergische-landwehr-division","tag-3-bayerisches-infanterie-regiment","tag-altenham","tag-bayern","tag-cernay","tag-elsass","tag-guetler","tag-huber-guetler","tag-stellungskaempfe-im-oberelsass","tag-tacherting","tag-unbekannte-grablage","tag-vogesen"],"_links":{"self":[{"href":"https:\/\/geschichte-hautnah.de\/www\/index.php?rest_route=\/wp\/v2\/posts\/25277","targetHints":{"allow":["GET"]}}],"collection":[{"href":"https:\/\/geschichte-hautnah.de\/www\/index.php?rest_route=\/wp\/v2\/posts"}],"about":[{"href":"https:\/\/geschichte-hautnah.de\/www\/index.php?rest_route=\/wp\/v2\/types\/post"}],"author":[{"embeddable":true,"href":"https:\/\/geschichte-hautnah.de\/www\/index.php?rest_route=\/wp\/v2\/users\/2"}],"replies":[{"embeddable":true,"href":"https:\/\/geschichte-hautnah.de\/www\/index.php?rest_route=%2Fwp%2Fv2%2Fcomments&post=25277"}],"version-history":[{"count":5,"href":"https:\/\/geschichte-hautnah.de\/www\/index.php?rest_route=\/wp\/v2\/posts\/25277\/revisions"}],"predecessor-version":[{"id":25282,"href":"https:\/\/geschichte-hautnah.de\/www\/index.php?rest_route=\/wp\/v2\/posts\/25277\/revisions\/25282"}],"wp:attachment":[{"href":"https:\/\/geschichte-hautnah.de\/www\/index.php?rest_route=%2Fwp%2Fv2%2Fmedia&parent=25277"}],"wp:term":[{"taxonomy":"category","embeddable":true,"href":"https:\/\/geschichte-hautnah.de\/www\/index.php?rest_route=%2Fwp%2Fv2%2Fcategories&post=25277"},{"taxonomy":"post_tag","embeddable":true,"href":"https:\/\/geschichte-hautnah.de\/www\/index.php?rest_route=%2Fwp%2Fv2%2Ftags&post=25277"}],"curies":[{"name":"wp","href":"https:\/\/api.w.org\/{rel}","templated":true}]}}