{"id":25332,"date":"2025-06-08T00:00:56","date_gmt":"2025-06-07T22:00:56","guid":{"rendered":"https:\/\/geschichte-hautnah.de\/www\/?p=25332"},"modified":"2020-12-05T17:15:26","modified_gmt":"2020-12-05T16:15:26","slug":"die-maenner-des-ersten-weltkriegs-teil-2-576-karl-ringlstetter","status":"publish","type":"post","link":"https:\/\/geschichte-hautnah.de\/www\/?p=25332","title":{"rendered":"Die M\u00e4nner des Ersten Weltkriegs \u2013 Teil 2.576: Karl Ringlstetter"},"content":{"rendered":"<p>Der Soldat Karl Ringlstetter stammte aus der bayerischen Gemeinde <a href=\"https:\/\/de.wikipedia.org\/wiki\/Attenhofen\" target=\"_blank\" rel=\"noopener noreferrer\">Attenhofen<\/a> und war der Sohn eines Hofbesitzers. Im Ersten Weltkrieg diente er in der 2. Kompanie (Verlustliste: 3. Kompanie) des 11. bayerischen Infanterie-Regiments als Reservist. Am 05.05.1915 fiel er w\u00e4hrend eines Angriffs im Wald von Ailly im Alter von 24 Jahren durch Kopfschuss.<\/p>\n<p>\u00dcber den Todestag und die Todesumst\u00e4nde von Karl Ringstetter berichtet die Regimentsgeschichte des 11. bayerischen Infanterie-Regiments:<\/p>\n<blockquote><p><em>&#8222;Ein eigener schwerer Angriff am 05.05. brachte die gesamte im April verlorengegangenen Linien wieder restlos in den Besitz des III. bayerischen Armee-Korps. \u00dcberraschend, nach kurzem Artillerievorbereitungsfeuer, st\u00fcrmte das Regiment Carl, beiderseits eingerahmt von je einem Regiment der neu aufgesetzten 80. Infanterie-Brigade gegen die franz\u00f6sischen Gr\u00e4ben an; in kurzer Zeit waren alle ehemaligen deutschen Linien wiedergewonnen und dar\u00fcber hinaus noch die fr\u00fchere vorderste Stellung der Franzosen besetzt. Mit einem Schlag war die Ruhe im Wald von Ailly hergestellt. Leider fiel gleich zu Beginn des Sturms der tapfere Kommandeur des Bataillons 11. Regiment, Major Georg Vogl.&#8220;<\/em><\/p><\/blockquote>\n<p>Offiziell ist f\u00fcr Karl Ringlstetter keine Grablage bekannt. Ich vermute jedoch, dass er anonym in einem Massengrab auf dem Soldatenfriedhof <span data-sheets-value=\"{&quot;1&quot;:2,&quot;2&quot;:&quot;Troyon&quot;}\" data-sheets-userformat=\"{&quot;2&quot;:1049089,&quot;3&quot;:{&quot;1&quot;:0},&quot;12&quot;:0,&quot;23&quot;:1}\" data-sheets-formula=\"=HYPERLINK(&quot;https:\/\/de.wikipedia.org\/wiki\/Troyon&quot;;&quot;Troyon&quot;)\" data-sheets-hyperlink=\"https:\/\/de.wikipedia.org\/wiki\/Troyon\"><a class=\"in-cell-link\" href=\"https:\/\/de.wikipedia.org\/wiki\/Troyon\" target=\"_blank\" rel=\"noopener noreferrer\">Troyon<\/a><\/span> beigesetzt wurde, wo man auch seine Regimentskameraden begrub, die im gleichen Zeitabschnitt fielen, u. a.<\/p>\n<ul>\n<li>Gefreiter Sebastian Roithmeier, gefallen am 05.05.1915, begraben auf dem Soldatenfriedhof <span data-sheets-value=\"{&quot;1&quot;:2,&quot;2&quot;:&quot;Troyon&quot;}\" data-sheets-userformat=\"{&quot;2&quot;:1049089,&quot;3&quot;:{&quot;1&quot;:0},&quot;12&quot;:0,&quot;23&quot;:1}\" data-sheets-formula=\"=HYPERLINK(&quot;https:\/\/de.wikipedia.org\/wiki\/Troyon&quot;;&quot;Troyon&quot;)\" data-sheets-hyperlink=\"https:\/\/de.wikipedia.org\/wiki\/Troyon\"><a class=\"in-cell-link\" href=\"https:\/\/de.wikipedia.org\/wiki\/Troyon\" target=\"_blank\" rel=\"noopener noreferrer\">Troyon<\/a><\/span> in Block 13, Grab 134,<\/li>\n<li>Leutnant Josef Mandl, gefallen am 05.05.1915, begraben auf dem Soldatenfriedhof <span data-sheets-value=\"{&quot;1&quot;:2,&quot;2&quot;:&quot;Troyon&quot;}\" data-sheets-userformat=\"{&quot;2&quot;:1049089,&quot;3&quot;:{&quot;1&quot;:0},&quot;12&quot;:0,&quot;23&quot;:1}\" data-sheets-formula=\"=HYPERLINK(&quot;https:\/\/de.wikipedia.org\/wiki\/Troyon&quot;;&quot;Troyon&quot;)\" data-sheets-hyperlink=\"https:\/\/de.wikipedia.org\/wiki\/Troyon\"><a class=\"in-cell-link\" href=\"https:\/\/de.wikipedia.org\/wiki\/Troyon\" target=\"_blank\" rel=\"noopener noreferrer\">Troyon<\/a><\/span> in Block 12, Grab 20,<\/li>\n<li>Reservist Jakob Schr\u00f6gmeier, gefallen am 06.05.1915, begraben auf dem Soldatenfriedhof <span data-sheets-value=\"{&quot;1&quot;:2,&quot;2&quot;:&quot;Troyon&quot;}\" data-sheets-userformat=\"{&quot;2&quot;:1049089,&quot;3&quot;:{&quot;1&quot;:0},&quot;12&quot;:0,&quot;23&quot;:1}\" data-sheets-formula=\"=HYPERLINK(&quot;https:\/\/de.wikipedia.org\/wiki\/Troyon&quot;;&quot;Troyon&quot;)\" data-sheets-hyperlink=\"https:\/\/de.wikipedia.org\/wiki\/Troyon\"><a class=\"in-cell-link\" href=\"https:\/\/de.wikipedia.org\/wiki\/Troyon\" target=\"_blank\" rel=\"noopener noreferrer\">Troyon<\/a><\/span> in Block 12, Grab 87.<\/li>\n<\/ul>\n<p>&nbsp;<\/p>\n<figure id=\"attachment_25331\" aria-describedby=\"caption-attachment-25331\" style=\"width: 512px\" class=\"wp-caption aligncenter\"><img loading=\"lazy\" decoding=\"async\" class=\"size-full wp-image-25331\" src=\"https:\/\/geschichte-hautnah.de\/www\/wp-content\/uploads\/2020\/12\/Karl-Ringlstetter-vorne.jpg\" alt=\"\" width=\"512\" height=\"800\" srcset=\"https:\/\/geschichte-hautnah.de\/www\/wp-content\/uploads\/2020\/12\/Karl-Ringlstetter-vorne.jpg 512w, https:\/\/geschichte-hautnah.de\/www\/wp-content\/uploads\/2020\/12\/Karl-Ringlstetter-vorne-192x300.jpg 192w\" sizes=\"auto, (max-width: 512px) 100vw, 512px\" \/><figcaption id=\"caption-attachment-25331\" class=\"wp-caption-text\">Sterbebild von Karl Ringlstetter<\/figcaption><\/figure>\n<figure id=\"attachment_25330\" aria-describedby=\"caption-attachment-25330\" style=\"width: 512px\" class=\"wp-caption aligncenter\"><img loading=\"lazy\" decoding=\"async\" class=\"size-full wp-image-25330\" src=\"https:\/\/geschichte-hautnah.de\/www\/wp-content\/uploads\/2020\/12\/Karl-Ringlstetter-hinten.jpg\" alt=\"\" width=\"512\" height=\"800\" srcset=\"https:\/\/geschichte-hautnah.de\/www\/wp-content\/uploads\/2020\/12\/Karl-Ringlstetter-hinten.jpg 512w, https:\/\/geschichte-hautnah.de\/www\/wp-content\/uploads\/2020\/12\/Karl-Ringlstetter-hinten-192x300.jpg 192w\" sizes=\"auto, (max-width: 512px) 100vw, 512px\" \/><figcaption id=\"caption-attachment-25330\" class=\"wp-caption-text\">R\u00fcckseite des Sterbebildes von Karl Ringlstetter<\/figcaption><\/figure>\n","protected":false},"excerpt":{"rendered":"<p>Der Soldat Karl Ringlstetter stammte aus der bayerischen Gemeinde Attenhofen und war der Sohn eines Hofbesitzers. Im Ersten Weltkrieg diente er in der 2. Kompanie (Verlustliste: 3. Kompanie) des 11. bayerischen Infanterie-Regiments als Reservist. Am 05.05.1915 fiel er w\u00e4hrend eines Angriffs im Wald von Ailly im Alter von 24 Jahren durch Kopfschuss. \u00dcber den Todestag [&hellip;]<\/p>\n","protected":false},"author":2,"featured_media":0,"comment_status":"closed","ping_status":"closed","sticky":false,"template":"","format":"standard","meta":{"footnotes":"","_wp_rev_ctl_limit":""},"categories":[2,8,1876,16],"tags":[2014,1110,6828,1366,1112,36,5721,598,1087,169,899,207],"class_list":["post-25332","post","type-post","status-publish","format-standard","hentry","category-1-weltkrieg","category-sterbebilder","category-frankreich-1-weltkrieg","category-verdun","tag-11-bayerisches-infanterie-division","tag-ailly-wald","tag-attenhofen","tag-bayern","tag-bois-dailly","tag-frankreich","tag-hofbesitzerssohn","tag-lothringen","tag-regimentsgeschichte","tag-reservist","tag-saint-mihiel","tag-troyon"],"_links":{"self":[{"href":"https:\/\/geschichte-hautnah.de\/www\/index.php?rest_route=\/wp\/v2\/posts\/25332","targetHints":{"allow":["GET"]}}],"collection":[{"href":"https:\/\/geschichte-hautnah.de\/www\/index.php?rest_route=\/wp\/v2\/posts"}],"about":[{"href":"https:\/\/geschichte-hautnah.de\/www\/index.php?rest_route=\/wp\/v2\/types\/post"}],"author":[{"embeddable":true,"href":"https:\/\/geschichte-hautnah.de\/www\/index.php?rest_route=\/wp\/v2\/users\/2"}],"replies":[{"embeddable":true,"href":"https:\/\/geschichte-hautnah.de\/www\/index.php?rest_route=%2Fwp%2Fv2%2Fcomments&post=25332"}],"version-history":[{"count":5,"href":"https:\/\/geschichte-hautnah.de\/www\/index.php?rest_route=\/wp\/v2\/posts\/25332\/revisions"}],"predecessor-version":[{"id":25337,"href":"https:\/\/geschichte-hautnah.de\/www\/index.php?rest_route=\/wp\/v2\/posts\/25332\/revisions\/25337"}],"wp:attachment":[{"href":"https:\/\/geschichte-hautnah.de\/www\/index.php?rest_route=%2Fwp%2Fv2%2Fmedia&parent=25332"}],"wp:term":[{"taxonomy":"category","embeddable":true,"href":"https:\/\/geschichte-hautnah.de\/www\/index.php?rest_route=%2Fwp%2Fv2%2Fcategories&post=25332"},{"taxonomy":"post_tag","embeddable":true,"href":"https:\/\/geschichte-hautnah.de\/www\/index.php?rest_route=%2Fwp%2Fv2%2Ftags&post=25332"}],"curies":[{"name":"wp","href":"https:\/\/api.w.org\/{rel}","templated":true}]}}