{"id":25436,"date":"2025-06-16T00:00:32","date_gmt":"2025-06-15T22:00:32","guid":{"rendered":"https:\/\/geschichte-hautnah.de\/www\/?p=25436"},"modified":"2020-12-11T18:39:05","modified_gmt":"2020-12-11T17:39:05","slug":"die-maenner-des-ersten-weltkriegs-teil-2-584-heinrich-decker","status":"publish","type":"post","link":"https:\/\/geschichte-hautnah.de\/www\/?p=25436","title":{"rendered":"Die M\u00e4nner des Ersten Weltkriegs \u2013 Teil 2.584: Heinrich Decker"},"content":{"rendered":"<p>Der Soldat Heinrich Decker wurde am 21.01.1893 in <a href=\"https:\/\/de.wikipedia.org\/wiki\/R%C3%BCschendorf\" target=\"_blank\" rel=\"noopener\">R\u00fcschendorf<\/a> geboren, einem Ortsteil der Stadt <a href=\"https:\/\/de.wikipedia.org\/wiki\/Damme_(D%C3%BCmmer)\" target=\"_blank\" rel=\"noopener\">Damme<\/a> in Niedersachsen. Im Ersten Weltkrieg diente er als Musketier in der 9. Kompanie des 228. Reserve-Infanterie-Regiments. Am 03.07.1916 fiel er im Alter von 23 Jahren w\u00e4hrend der Schlacht bei <a href=\"https:\/\/de.wikipedia.org\/wiki\/Baranawitschy\" target=\"_blank\" rel=\"noopener\">Baranowitschi<\/a> (wei\u00dfrussisch: Baranawitschy) bei Gardischtsche w\u00e4hrend eines Sturmangriffs durch einen Kopfschuss.<\/p>\n<p>Die Lage des Grabes von Heinrich Decker ist unbekannt.<\/p>\n<figure id=\"attachment_25409\" aria-describedby=\"caption-attachment-25409\" style=\"width: 800px\" class=\"wp-caption aligncenter\"><img loading=\"lazy\" decoding=\"async\" class=\"size-full wp-image-25409\" src=\"https:\/\/geschichte-hautnah.de\/www\/wp-content\/uploads\/2020\/12\/Heinrich-Decker-vorne.jpg\" alt=\"\" width=\"800\" height=\"627\" srcset=\"https:\/\/geschichte-hautnah.de\/www\/wp-content\/uploads\/2020\/12\/Heinrich-Decker-vorne.jpg 800w, https:\/\/geschichte-hautnah.de\/www\/wp-content\/uploads\/2020\/12\/Heinrich-Decker-vorne-300x235.jpg 300w, https:\/\/geschichte-hautnah.de\/www\/wp-content\/uploads\/2020\/12\/Heinrich-Decker-vorne-768x602.jpg 768w\" sizes=\"auto, (max-width: 800px) 100vw, 800px\" \/><figcaption id=\"caption-attachment-25409\" class=\"wp-caption-text\">Sterbebild von Heinrich Decker<\/figcaption><\/figure>\n<figure id=\"attachment_25408\" aria-describedby=\"caption-attachment-25408\" style=\"width: 800px\" class=\"wp-caption aligncenter\"><img loading=\"lazy\" decoding=\"async\" class=\"size-full wp-image-25408\" src=\"https:\/\/geschichte-hautnah.de\/www\/wp-content\/uploads\/2020\/12\/Heinrich-Decker-hinten.jpg\" alt=\"\" width=\"800\" height=\"627\" srcset=\"https:\/\/geschichte-hautnah.de\/www\/wp-content\/uploads\/2020\/12\/Heinrich-Decker-hinten.jpg 800w, https:\/\/geschichte-hautnah.de\/www\/wp-content\/uploads\/2020\/12\/Heinrich-Decker-hinten-300x235.jpg 300w, https:\/\/geschichte-hautnah.de\/www\/wp-content\/uploads\/2020\/12\/Heinrich-Decker-hinten-768x602.jpg 768w\" sizes=\"auto, (max-width: 800px) 100vw, 800px\" \/><figcaption id=\"caption-attachment-25408\" class=\"wp-caption-text\">R\u00fcckseite des Sterbebildes von Heinrich Decker<\/figcaption><\/figure>\n","protected":false},"excerpt":{"rendered":"<p>Der Soldat Heinrich Decker wurde am 21.01.1893 in R\u00fcschendorf geboren, einem Ortsteil der Stadt Damme in Niedersachsen. Im Ersten Weltkrieg diente er als Musketier in der 9. Kompanie des 228. Reserve-Infanterie-Regiments. Am 03.07.1916 fiel er im Alter von 23 Jahren w\u00e4hrend der Schlacht bei Baranowitschi (wei\u00dfrussisch: Baranawitschy) bei Gardischtsche w\u00e4hrend eines Sturmangriffs durch einen Kopfschuss. [&hellip;]<\/p>\n","protected":false},"author":2,"featured_media":0,"comment_status":"closed","ping_status":"closed","sticky":false,"template":"","format":"standard","meta":{"footnotes":"","_wp_rev_ctl_limit":""},"categories":[2,8,1897],"tags":[6863,3750,2884,6862,6864,295,320,2515,6861,301,99,1873],"class_list":["post-25436","post","type-post","status-publish","format-standard","hentry","category-1-weltkrieg","category-sterbebilder","category-galizien-polen","tag-228-reserve-infanterie-regiment","tag-baranowitschi","tag-belarus","tag-damme","tag-gardischtsche","tag-kopfschuss","tag-musketier","tag-niedersachsen","tag-rueschendorf","tag-sturmangriff","tag-unbekannte-grablage","tag-weissrussland"],"_links":{"self":[{"href":"https:\/\/geschichte-hautnah.de\/www\/index.php?rest_route=\/wp\/v2\/posts\/25436","targetHints":{"allow":["GET"]}}],"collection":[{"href":"https:\/\/geschichte-hautnah.de\/www\/index.php?rest_route=\/wp\/v2\/posts"}],"about":[{"href":"https:\/\/geschichte-hautnah.de\/www\/index.php?rest_route=\/wp\/v2\/types\/post"}],"author":[{"embeddable":true,"href":"https:\/\/geschichte-hautnah.de\/www\/index.php?rest_route=\/wp\/v2\/users\/2"}],"replies":[{"embeddable":true,"href":"https:\/\/geschichte-hautnah.de\/www\/index.php?rest_route=%2Fwp%2Fv2%2Fcomments&post=25436"}],"version-history":[{"count":5,"href":"https:\/\/geschichte-hautnah.de\/www\/index.php?rest_route=\/wp\/v2\/posts\/25436\/revisions"}],"predecessor-version":[{"id":25441,"href":"https:\/\/geschichte-hautnah.de\/www\/index.php?rest_route=\/wp\/v2\/posts\/25436\/revisions\/25441"}],"wp:attachment":[{"href":"https:\/\/geschichte-hautnah.de\/www\/index.php?rest_route=%2Fwp%2Fv2%2Fmedia&parent=25436"}],"wp:term":[{"taxonomy":"category","embeddable":true,"href":"https:\/\/geschichte-hautnah.de\/www\/index.php?rest_route=%2Fwp%2Fv2%2Fcategories&post=25436"},{"taxonomy":"post_tag","embeddable":true,"href":"https:\/\/geschichte-hautnah.de\/www\/index.php?rest_route=%2Fwp%2Fv2%2Ftags&post=25436"}],"curies":[{"name":"wp","href":"https:\/\/api.w.org\/{rel}","templated":true}]}}