{"id":25459,"date":"2025-06-20T00:00:18","date_gmt":"2025-06-19T22:00:18","guid":{"rendered":"https:\/\/geschichte-hautnah.de\/www\/?p=25459"},"modified":"2020-12-12T19:23:37","modified_gmt":"2020-12-12T18:23:37","slug":"die-maenner-des-ersten-weltkriegs-teil-2-588-georg-weidinger","status":"publish","type":"post","link":"https:\/\/geschichte-hautnah.de\/www\/?p=25459","title":{"rendered":"Die M\u00e4nner des Ersten Weltkriegs \u2013 Teil 2.588: Georg Weidinger"},"content":{"rendered":"<p>Der Soldat Georg Weidinger stammte aus Ramerding, einem Ortsteil der bayerischen Gemeinde <a href=\"https:\/\/de.wikipedia.org\/wiki\/Kirchdorf_am_Inn_(Landkreis_Rottal-Inn)\" target=\"_blank\" rel=\"noopener\">Kirchdorf am Inn<\/a>, und war der Sohn eines Kleinbauern. Im Ersten Weltkrieg diente er als Infanterist in der 3. Kompanie des 1. bayerischen Infanterie-Regiments. Am 23.03.1918 fiel er w\u00e4hrend der Gro\u00dfen Schlacht in Frankreich im Alter von 20 Jahren bei <a href=\"https:\/\/de.wikipedia.org\/wiki\/Jussy_(Aisne)\" target=\"_blank\" rel=\"noopener\">Jussy<\/a> durch Versch\u00fcttung.<\/p>\n<p>\u00dcber den Todestag und die Todesumst\u00e4nde von Georg Weidinger berichtet die Regimentsgeschichte des 1. bayerischen Infanterie-Regiments:<\/p>\n<blockquote><p><em>&#8222;Am 23.3. ging es noch vorw\u00e4rts bis zum Bois l&#8216; Abb\u00e9; dabei fiel Leutnant Dietl, der tapfere F\u00fchrer der 8. Kompanie. In der Nacht f\u00fchlten die vordersten Patrouillen bis an das Bois de Genlis heran. Ihre Erkundung brachte die Gewissheit, dass die Engl\u00e4nder auf ihrem R\u00fcckzug durch Franzosen aufgenommen wurden. Franz\u00f6sische Maschinengewehr-Nester waren in raffinierter Werise am Boden und auf den B\u00e4umen zum Bestreichen der Wege und Schneisen aufgestellt.&#8220;<\/em><\/p><\/blockquote>\n<p><span data-sheets-value=\"{&quot;1&quot;:2,&quot;2&quot;:&quot;St.-Quentin&quot;}\" data-sheets-userformat=\"{&quot;2&quot;:1049089,&quot;3&quot;:{&quot;1&quot;:0},&quot;12&quot;:0,&quot;23&quot;:1}\" data-sheets-formula=\"=HYPERLINK(&quot;https:\/\/goo.gl\/maps\/qkNksRB97Dk&quot;;&quot;St.-Quentin&quot;)\" data-sheets-hyperlink=\"https:\/\/goo.gl\/maps\/qkNksRB97Dk\">Man begrub Georg Weidinger auf dem Soldatenfriedhof <a class=\"in-cell-link\" href=\"https:\/\/goo.gl\/maps\/qkNksRB97Dk\" target=\"_blank\" rel=\"noopener\">St.-Quentin<\/a> in einem Massengrab.<\/span><\/p>\n<figure id=\"attachment_25431\" aria-describedby=\"caption-attachment-25431\" style=\"width: 800px\" class=\"wp-caption aligncenter\"><img loading=\"lazy\" decoding=\"async\" class=\"size-full wp-image-25431\" src=\"https:\/\/geschichte-hautnah.de\/www\/wp-content\/uploads\/2020\/12\/Georg-Weidinger-vorne.jpg\" alt=\"\" width=\"800\" height=\"632\" srcset=\"https:\/\/geschichte-hautnah.de\/www\/wp-content\/uploads\/2020\/12\/Georg-Weidinger-vorne.jpg 800w, https:\/\/geschichte-hautnah.de\/www\/wp-content\/uploads\/2020\/12\/Georg-Weidinger-vorne-300x237.jpg 300w, https:\/\/geschichte-hautnah.de\/www\/wp-content\/uploads\/2020\/12\/Georg-Weidinger-vorne-768x607.jpg 768w\" sizes=\"auto, (max-width: 800px) 100vw, 800px\" \/><figcaption id=\"caption-attachment-25431\" class=\"wp-caption-text\">Sterbebild von Georg Weidinger<\/figcaption><\/figure>\n<figure id=\"attachment_25430\" aria-describedby=\"caption-attachment-25430\" style=\"width: 800px\" class=\"wp-caption aligncenter\"><img loading=\"lazy\" decoding=\"async\" class=\"size-full wp-image-25430\" src=\"https:\/\/geschichte-hautnah.de\/www\/wp-content\/uploads\/2020\/12\/Georg-Weidinger-hinten.jpg\" alt=\"\" width=\"800\" height=\"632\" srcset=\"https:\/\/geschichte-hautnah.de\/www\/wp-content\/uploads\/2020\/12\/Georg-Weidinger-hinten.jpg 800w, https:\/\/geschichte-hautnah.de\/www\/wp-content\/uploads\/2020\/12\/Georg-Weidinger-hinten-300x237.jpg 300w, https:\/\/geschichte-hautnah.de\/www\/wp-content\/uploads\/2020\/12\/Georg-Weidinger-hinten-768x607.jpg 768w\" sizes=\"auto, (max-width: 800px) 100vw, 800px\" \/><figcaption id=\"caption-attachment-25430\" class=\"wp-caption-text\">R\u00fcckseite des Sterbebildes von Georg Weidinger<\/figcaption><\/figure>\n","protected":false},"excerpt":{"rendered":"<p>Der Soldat Georg Weidinger stammte aus Ramerding, einem Ortsteil der bayerischen Gemeinde Kirchdorf am Inn, und war der Sohn eines Kleinbauern. Im Ersten Weltkrieg diente er als Infanterist in der 3. Kompanie des 1. bayerischen Infanterie-Regiments. Am 23.03.1918 fiel er w\u00e4hrend der Gro\u00dfen Schlacht in Frankreich im Alter von 20 Jahren bei Jussy durch Versch\u00fcttung. [&hellip;]<\/p>\n","protected":false},"author":2,"featured_media":0,"comment_status":"closed","ping_status":"closed","sticky":false,"template":"","format":"standard","meta":{"footnotes":"","_wp_rev_ctl_limit":""},"categories":[2,8,1876,854],"tags":[245,1476,1366,36,6867,551,97,2984,3034,1078,92,6868,1087,855,356],"class_list":["post-25459","post","type-post","status-publish","format-standard","hentry","category-1-weltkrieg","category-sterbebilder","category-frankreich-1-weltkrieg","category-st-quentin","tag-1-bayerisches-infanterie-regiment","tag-aisne","tag-bayern","tag-frankreich","tag-grosse-schlacht-in-frankreich","tag-guetlerssohn","tag-infanterist","tag-jussy","tag-kirchdorf-am-inn","tag-kleinbauer","tag-massengrab","tag-ramerding","tag-regimentsgeschichte","tag-st-quentin","tag-verschuettung"],"_links":{"self":[{"href":"https:\/\/geschichte-hautnah.de\/www\/index.php?rest_route=\/wp\/v2\/posts\/25459","targetHints":{"allow":["GET"]}}],"collection":[{"href":"https:\/\/geschichte-hautnah.de\/www\/index.php?rest_route=\/wp\/v2\/posts"}],"about":[{"href":"https:\/\/geschichte-hautnah.de\/www\/index.php?rest_route=\/wp\/v2\/types\/post"}],"author":[{"embeddable":true,"href":"https:\/\/geschichte-hautnah.de\/www\/index.php?rest_route=\/wp\/v2\/users\/2"}],"replies":[{"embeddable":true,"href":"https:\/\/geschichte-hautnah.de\/www\/index.php?rest_route=%2Fwp%2Fv2%2Fcomments&post=25459"}],"version-history":[{"count":6,"href":"https:\/\/geschichte-hautnah.de\/www\/index.php?rest_route=\/wp\/v2\/posts\/25459\/revisions"}],"predecessor-version":[{"id":25465,"href":"https:\/\/geschichte-hautnah.de\/www\/index.php?rest_route=\/wp\/v2\/posts\/25459\/revisions\/25465"}],"wp:attachment":[{"href":"https:\/\/geschichte-hautnah.de\/www\/index.php?rest_route=%2Fwp%2Fv2%2Fmedia&parent=25459"}],"wp:term":[{"taxonomy":"category","embeddable":true,"href":"https:\/\/geschichte-hautnah.de\/www\/index.php?rest_route=%2Fwp%2Fv2%2Fcategories&post=25459"},{"taxonomy":"post_tag","embeddable":true,"href":"https:\/\/geschichte-hautnah.de\/www\/index.php?rest_route=%2Fwp%2Fv2%2Ftags&post=25459"}],"curies":[{"name":"wp","href":"https:\/\/api.w.org\/{rel}","templated":true}]}}