{"id":25467,"date":"2025-06-21T00:00:30","date_gmt":"2025-06-20T22:00:30","guid":{"rendered":"https:\/\/geschichte-hautnah.de\/www\/?p=25467"},"modified":"2020-12-12T20:08:20","modified_gmt":"2020-12-12T19:08:20","slug":"die-maenner-des-ersten-weltkriegs-teil-2-589-charlotte-koch","status":"publish","type":"post","link":"https:\/\/geschichte-hautnah.de\/www\/?p=25467","title":{"rendered":"Die M\u00e4nner des Ersten Weltkriegs \u2013 Teil 2.589: Charlotte Koch"},"content":{"rendered":"<p>Charlotte Koch stammte aus Braunschweig und wurde am 07.12.1891 geboren. Nachdem zwei ihrer Br\u00fcder 1914 gefallen waren, \u00fcber deren Schicksal ich morgen und \u00fcbermorgen berichte, diente sie als freiwillige Munitions-Arbeiter in der Munitionsfabrik Pulverm\u00fchle Cramer und Buchholz in <a href=\"https:\/\/de.wikipedia.org\/wiki\/H%C3%B6hlenort_R%C3%BCbeland\" target=\"_blank\" rel=\"noopener\">H\u00f6hlenort R\u00fcbeland<\/a> im Harz (Sachsen-Anhalt). Sie hatte sich im Rahmen des <a href=\"https:\/\/de.wikipedia.org\/wiki\/Hindenburg-Programm\" target=\"_blank\" rel=\"noopener\">Hindenburg-Programms<\/a> freiwillig gemeldet.<\/p>\n<p>Bei einer schweren Explosion am 10.01.1918, bei der neun Personen schwer verletzt, 30 bis 40 leicht verletzt und 14 get\u00f6tet wurden, war sie einer der Get\u00f6teten. Auch die Malerin <a href=\"https:\/\/de.wikipedia.org\/wiki\/K%C3%A4the_Evers\" target=\"_blank\" rel=\"noopener\">K\u00e4the Evers<\/a> wurde get\u00f6tet.<\/p>\n<p>Die Explosion war so heftig, dass der amtliche Bericht feststellt:<\/p>\n<p>\u201eVon den t\u00f6dlich verungl\u00fcckten Personen haben bislang nur einzelne Teile gefunden werden k\u00f6nnen. Ob sich mit Sicherheit feststellen l\u00e4\u00dft, wem diese Teile geh\u00f6ren, mu\u00df bezweifelt werden, da sie stark verst\u00fcmmelt und au\u00dferdem stark angeschw\u00e4rzt sind. Die s\u00e4mtlichen t\u00f6dlich verungl\u00fcckten Personen werden im Trockenraume selbst oder unmittelbar davor besch\u00e4ftigt gewesen sein.\u201c<\/p>\n<p>\u2013 Bericht des Kreisdirektors aus Blankenburg an das Herzogliche Staatsministerium in Braunschweig vom 12. Januar 1918<\/p>\n<p>\u201eVon den Leichen konnten nur vier beerdigt werden, die \u00fcbrigen \u2013 so dr\u00fcckt sich der Arbeiter aus \u2013 waren in Atome aufgel\u00f6st und nicht aufzufinden.\u201c<\/p>\n<p>\u2013 Stenographische Berichte \u00fcber die Verhandlungen des Deutschen Reichstages. Band 312, Verlag der Buchdruckerei der Norddeutschen Allgemeinen Zeitung, 1918, S. 5019.<\/p>\n<figure id=\"attachment_25466\" aria-describedby=\"caption-attachment-25466\" style=\"width: 800px\" class=\"wp-caption aligncenter\"><img loading=\"lazy\" decoding=\"async\" class=\"size-full wp-image-25466\" src=\"https:\/\/geschichte-hautnah.de\/www\/wp-content\/uploads\/2020\/12\/Charlotte-Justus-Werner-Koch.jpg\" alt=\"\" width=\"800\" height=\"513\" srcset=\"https:\/\/geschichte-hautnah.de\/www\/wp-content\/uploads\/2020\/12\/Charlotte-Justus-Werner-Koch.jpg 800w, https:\/\/geschichte-hautnah.de\/www\/wp-content\/uploads\/2020\/12\/Charlotte-Justus-Werner-Koch-300x192.jpg 300w, https:\/\/geschichte-hautnah.de\/www\/wp-content\/uploads\/2020\/12\/Charlotte-Justus-Werner-Koch-768x492.jpg 768w\" sizes=\"auto, (max-width: 800px) 100vw, 800px\" \/><figcaption id=\"caption-attachment-25466\" class=\"wp-caption-text\">Sterbebild von Charlotte, Justus und Werner Koch<\/figcaption><\/figure>\n","protected":false},"excerpt":{"rendered":"<p>Charlotte Koch stammte aus Braunschweig und wurde am 07.12.1891 geboren. Nachdem zwei ihrer Br\u00fcder 1914 gefallen waren, \u00fcber deren Schicksal ich morgen und \u00fcbermorgen berichte, diente sie als freiwillige Munitions-Arbeiter in der Munitionsfabrik Pulverm\u00fchle Cramer und Buchholz in H\u00f6hlenort R\u00fcbeland im Harz (Sachsen-Anhalt). Sie hatte sich im Rahmen des Hindenburg-Programms freiwillig gemeldet. Bei einer schweren [&hellip;]<\/p>\n","protected":false},"author":2,"featured_media":0,"comment_status":"closed","ping_status":"closed","sticky":false,"template":"","format":"standard","meta":{"footnotes":"","_wp_rev_ctl_limit":""},"categories":[2,8],"tags":[6869,328,6874,6872,6870,6873,6875,6871],"class_list":["post-25467","post","type-post","status-publish","format-standard","hentry","category-1-weltkrieg","category-sterbebilder","tag-braunschweig","tag-brueder","tag-freiwillge-munitions-arbeiterin","tag-hindenburg-programm","tag-hoehlenort-ruebeland","tag-kaethe-evers","tag-pulvermuehle-cramer-und-buchholz","tag-sachsen-anhalt"],"_links":{"self":[{"href":"https:\/\/geschichte-hautnah.de\/www\/index.php?rest_route=\/wp\/v2\/posts\/25467","targetHints":{"allow":["GET"]}}],"collection":[{"href":"https:\/\/geschichte-hautnah.de\/www\/index.php?rest_route=\/wp\/v2\/posts"}],"about":[{"href":"https:\/\/geschichte-hautnah.de\/www\/index.php?rest_route=\/wp\/v2\/types\/post"}],"author":[{"embeddable":true,"href":"https:\/\/geschichte-hautnah.de\/www\/index.php?rest_route=\/wp\/v2\/users\/2"}],"replies":[{"embeddable":true,"href":"https:\/\/geschichte-hautnah.de\/www\/index.php?rest_route=%2Fwp%2Fv2%2Fcomments&post=25467"}],"version-history":[{"count":3,"href":"https:\/\/geschichte-hautnah.de\/www\/index.php?rest_route=\/wp\/v2\/posts\/25467\/revisions"}],"predecessor-version":[{"id":25470,"href":"https:\/\/geschichte-hautnah.de\/www\/index.php?rest_route=\/wp\/v2\/posts\/25467\/revisions\/25470"}],"wp:attachment":[{"href":"https:\/\/geschichte-hautnah.de\/www\/index.php?rest_route=%2Fwp%2Fv2%2Fmedia&parent=25467"}],"wp:term":[{"taxonomy":"category","embeddable":true,"href":"https:\/\/geschichte-hautnah.de\/www\/index.php?rest_route=%2Fwp%2Fv2%2Fcategories&post=25467"},{"taxonomy":"post_tag","embeddable":true,"href":"https:\/\/geschichte-hautnah.de\/www\/index.php?rest_route=%2Fwp%2Fv2%2Ftags&post=25467"}],"curies":[{"name":"wp","href":"https:\/\/api.w.org\/{rel}","templated":true}]}}