{"id":25663,"date":"2025-07-06T00:00:17","date_gmt":"2025-07-05T22:00:17","guid":{"rendered":"https:\/\/geschichte-hautnah.de\/www\/?p=25663"},"modified":"2020-12-17T17:28:31","modified_gmt":"2020-12-17T16:28:31","slug":"die-maenner-des-ersten-weltkriegs-teil-2-604-franz-muehlbacher","status":"publish","type":"post","link":"https:\/\/geschichte-hautnah.de\/www\/?p=25663","title":{"rendered":"Die M\u00e4nner des Ersten Weltkriegs \u2013 Teil 2.604: Franz M\u00fchlbacher"},"content":{"rendered":"<p>Der Soldat Franz M\u00fchlbacher stammte aus <a href=\"https:\/\/de.wikipedia.org\/wiki\/Osterhofen\" target=\"_blank\" rel=\"noopener\">Maging<\/a> und war der Sohn eines Landwirts (Reichwimmerbauser). Im Ersten Weltkrieg diente er in der 3. Kompanie des 19. bayerischen Reserve-Infanterie-Regiments. Am 26.06.1916 fiel er im Alter von 22 Jahren w\u00e4hrend der Vogesenk\u00e4mpfe in Frankreich am <a href=\"https:\/\/goo.gl\/maps\/k1WkJjsrLpSBsKGNA\" target=\"_blank\" rel=\"noopener\">Hilsenfirst<\/a>.<\/p>\n<p>Die Lage des Grabes von Franz M\u00fchlbacher ist offiziell unbekannt. Ich bin mir aufgrund der Lages seines Sterbeortes und der mir bekannten \u00d6rtlichkeiten sicher, dass er anonym in einem Massengrab auf dem Soldatenfriedhof <span data-sheets-value=\"{&quot;1&quot;:2,&quot;2&quot;:&quot;Breitenbach&quot;}\" data-sheets-userformat=\"{&quot;2&quot;:1057281,&quot;3&quot;:{&quot;1&quot;:0},&quot;12&quot;:0,&quot;16&quot;:10,&quot;23&quot;:1}\" data-sheets-formula=\"=HYPERLINK(&quot;https:\/\/www.google.de\/maps\/place\/68380+Breitenbach-Haut-Rhin,+Frankreich\/@48.0219161,7.0813125,14z\/data=!4m5!3m4!1s0x4793d764830f1509:0x40a5fb99a393e10!8m2!3d48.023162!4d7.102267&quot;;&quot;Breitenbach&quot;)\" data-sheets-hyperlink=\"https:\/\/www.google.de\/maps\/place\/68380+Breitenbach-Haut-Rhin,+Frankreich\/@48.0219161,7.0813125,14z\/data=!4m5!3m4!1s0x4793d764830f1509:0x40a5fb99a393e10!8m2!3d48.023162!4d7.102267\"><a class=\"in-cell-link\" href=\"https:\/\/www.google.de\/maps\/place\/68380+Breitenbach-Haut-Rhin,+Frankreich\/@48.0219161,7.0813125,14z\/data=!4m5!3m4!1s0x4793d764830f1509:0x40a5fb99a393e10!8m2!3d48.023162!4d7.102267\" target=\"_blank\" rel=\"noopener\">Breitenbach<\/a><\/span> begraben wurde.<\/p>\n<figure id=\"attachment_25606\" aria-describedby=\"caption-attachment-25606\" style=\"width: 485px\" class=\"wp-caption aligncenter\"><img loading=\"lazy\" decoding=\"async\" class=\"size-full wp-image-25606\" src=\"https:\/\/geschichte-hautnah.de\/www\/wp-content\/uploads\/2020\/12\/Franz-Muehlbacher-vorne.jpg\" alt=\"\" width=\"485\" height=\"800\" srcset=\"https:\/\/geschichte-hautnah.de\/www\/wp-content\/uploads\/2020\/12\/Franz-Muehlbacher-vorne.jpg 485w, https:\/\/geschichte-hautnah.de\/www\/wp-content\/uploads\/2020\/12\/Franz-Muehlbacher-vorne-182x300.jpg 182w\" sizes=\"auto, (max-width: 485px) 100vw, 485px\" \/><figcaption id=\"caption-attachment-25606\" class=\"wp-caption-text\">Sterbebild von Franz M\u00fchlbacher<\/figcaption><\/figure>\n<figure id=\"attachment_25605\" aria-describedby=\"caption-attachment-25605\" style=\"width: 485px\" class=\"wp-caption aligncenter\"><img loading=\"lazy\" decoding=\"async\" class=\"size-full wp-image-25605\" src=\"https:\/\/geschichte-hautnah.de\/www\/wp-content\/uploads\/2020\/12\/Franz-Muehlbacher-hinten.jpg\" alt=\"\" width=\"485\" height=\"800\" srcset=\"https:\/\/geschichte-hautnah.de\/www\/wp-content\/uploads\/2020\/12\/Franz-Muehlbacher-hinten.jpg 485w, https:\/\/geschichte-hautnah.de\/www\/wp-content\/uploads\/2020\/12\/Franz-Muehlbacher-hinten-182x300.jpg 182w\" sizes=\"auto, (max-width: 485px) 100vw, 485px\" \/><figcaption id=\"caption-attachment-25605\" class=\"wp-caption-text\">R\u00fcckseite des Sterbebildes von Franz M\u00fchlbacher<\/figcaption><\/figure>\n","protected":false},"excerpt":{"rendered":"<p>Der Soldat Franz M\u00fchlbacher stammte aus Maging und war der Sohn eines Landwirts (Reichwimmerbauser). Im Ersten Weltkrieg diente er in der 3. Kompanie des 19. bayerischen Reserve-Infanterie-Regiments. Am 26.06.1916 fiel er im Alter von 22 Jahren w\u00e4hrend der Vogesenk\u00e4mpfe in Frankreich am Hilsenfirst. Die Lage des Grabes von Franz M\u00fchlbacher ist offiziell unbekannt. Ich bin [&hellip;]<\/p>\n","protected":false},"author":2,"featured_media":0,"comment_status":"closed","ping_status":"closed","sticky":false,"template":"","format":"standard","meta":{"footnotes":"","_wp_rev_ctl_limit":""},"categories":[2,8,1876,18],"tags":[255,280,1366,88,33,36,1488,6927,92,375,5529,99,447],"class_list":["post-25663","post","type-post","status-publish","format-standard","hentry","category-1-weltkrieg","category-sterbebilder","category-frankreich-1-weltkrieg","category-vogesenkampfe","tag-19-bayerisches-reserve-infanterie-regiment","tag-anonym","tag-bayern","tag-breitenbach","tag-elsass","tag-frankreich","tag-hilsenfirst","tag-maging","tag-massengrab","tag-muenstertal","tag-reichwimm","tag-unbekannte-grablage","tag-vogesenkaempfe"],"_links":{"self":[{"href":"https:\/\/geschichte-hautnah.de\/www\/index.php?rest_route=\/wp\/v2\/posts\/25663","targetHints":{"allow":["GET"]}}],"collection":[{"href":"https:\/\/geschichte-hautnah.de\/www\/index.php?rest_route=\/wp\/v2\/posts"}],"about":[{"href":"https:\/\/geschichte-hautnah.de\/www\/index.php?rest_route=\/wp\/v2\/types\/post"}],"author":[{"embeddable":true,"href":"https:\/\/geschichte-hautnah.de\/www\/index.php?rest_route=\/wp\/v2\/users\/2"}],"replies":[{"embeddable":true,"href":"https:\/\/geschichte-hautnah.de\/www\/index.php?rest_route=%2Fwp%2Fv2%2Fcomments&post=25663"}],"version-history":[{"count":5,"href":"https:\/\/geschichte-hautnah.de\/www\/index.php?rest_route=\/wp\/v2\/posts\/25663\/revisions"}],"predecessor-version":[{"id":25668,"href":"https:\/\/geschichte-hautnah.de\/www\/index.php?rest_route=\/wp\/v2\/posts\/25663\/revisions\/25668"}],"wp:attachment":[{"href":"https:\/\/geschichte-hautnah.de\/www\/index.php?rest_route=%2Fwp%2Fv2%2Fmedia&parent=25663"}],"wp:term":[{"taxonomy":"category","embeddable":true,"href":"https:\/\/geschichte-hautnah.de\/www\/index.php?rest_route=%2Fwp%2Fv2%2Fcategories&post=25663"},{"taxonomy":"post_tag","embeddable":true,"href":"https:\/\/geschichte-hautnah.de\/www\/index.php?rest_route=%2Fwp%2Fv2%2Ftags&post=25663"}],"curies":[{"name":"wp","href":"https:\/\/api.w.org\/{rel}","templated":true}]}}