{"id":25801,"date":"2025-07-22T00:00:59","date_gmt":"2025-07-21T22:00:59","guid":{"rendered":"https:\/\/geschichte-hautnah.de\/www\/?p=25801"},"modified":"2020-12-22T08:23:37","modified_gmt":"2020-12-22T07:23:37","slug":"die-maenner-des-ersten-weltkriegs-teil-2-620-johann-wolfseder","status":"publish","type":"post","link":"https:\/\/geschichte-hautnah.de\/www\/?p=25801","title":{"rendered":"Die M\u00e4nner des Ersten Weltkriegs \u2013 Teil 2.620: Johann Wolfseder"},"content":{"rendered":"<p>Der Soldat Johann Wolfseder wurde am 01.06.1896 geboren und stammte aus Pfaffenham, einem Ortsteil der bayerischen Gemeinde <a href=\"https:\/\/de.wikipedia.org\/wiki\/Schnaitsee\" target=\"_blank\" rel=\"noopener\">Schnaitsee<\/a>, und war der Sohn eines Landwirts (Ponthalerbauer). Im Ersten Weltkrieg k\u00e4mpfte er in der 12. Kompanie des 3. bayerischen Infanterie-Regiments. Seit dem 27.10.1916 galt er seit der Grenzk\u00e4mpfe am Bulkangebirge in der Walachei in Rum\u00e4nien als vermisst, bis sich sp\u00e4ter herausstellte, dass er Anfang Februar 1917 im Alter von 20 Jahren in Sipote in russischer Gefangenschaft gestorben war.<\/p>\n<p>\u00dcber die Umst\u00e4nde seiner Gefangennahme berichtet die Regimentsgeschichte:<\/p>\n<blockquote><p><em>&#8222;Gefecht bei <a href=\"https:\/\/goo.gl\/maps\/mGVvhmcUw12qKXLs9\" target=\"_blank\" rel=\"noopener\">Rasovita<\/a> 27.10.1917<\/em><\/p>\n<p><em>Am 26.10. abends erhielt das Bataillon Weisung, die Stra\u00dfe <a href=\"https:\/\/de.wikipedia.org\/wiki\/T%C3%A2rgu_Jiu\" target=\"_blank\" rel=\"noopener\">Targu Jiu<\/a> &#8211; Francesti zu sperren. 11.\/3. bayerisches Infanterie-Regiment erreicht dementsprechend am 27.10. 2 Uhr morgens die Gegend n\u00f6rdlich Rasovita, das \u00fcbrige Bataillon kommt 7 Uhr morgens dort an.\u00a0 Als nun zur Besetzung von Rasovita geschritten wurde, wurde 11.\/3. bayerisches Infanterie-Regiment sofort aus s\u00fcd\u00f6stlicher Richtung scharf angegriffen, w\u00e4hrend 12.\/3. bayerisches Infanterie-Regiment den Westrand noch erreichte, dann spricht sich aber auch von Westen und S\u00fcden her ein Angriff stark \u00fcberlegener Kr\u00e4fte aus. 10.\/3. bayerisches Infanterie-Regiment besetzte gerade noch den S\u00fcdrand. Die Maschinengewehr-Kompanie wird aufgeteilt. Endlich muss auch 9.\/3. bayerisches Infanterie-Regiment mit zwei Z\u00fcgen am rechten Fl\u00fcgel der 12.\/3. bayerisches Infanterie-Regiment mit einem Zug zwischen 12.\/3. bayerisches Infanterie-Regiment und 10.\/3. bayerisches Infanterie-Regiment eingeschoben werden. Von drei Seiten her eingekreist und mit starkem Artilleriefeuer belegt, setzt sich das Bataillon kr\u00e4ftig zur Wehr. Wiederholt werden St\u00fcrme des Feindes abgeschlagen. Erst etwa 3 Uhr nachmittags gelingt es dem Feinde, im Handgemenge in die Mitte der Westfront von Rasovita einzudringen. Dadurch werden starke Teile des Bataillons abgeschn\u00fcrt, w\u00e4hrend der Rest pers\u00f6nlich vom Bataillonsadjutanten, Leutnant der Reserve Kardel, gef\u00fchrt, sich auf Lelesti an Nebentruppen (I.\/22. bayerisches Infanterie-Regiment) heranzieht und am 28.10. morgens bei Schela vom Bataillonskommandeur wieder geordnet wird.&#8220;<\/em><\/p><\/blockquote>\n<p>Bei diesem Gefecht wurde Johann Wolfseder gefangen genommen.<\/p>\n<p>Die Lage des Grabes von Johann Wolfseder ist unbekannt.<\/p>\n<figure id=\"attachment_25791\" aria-describedby=\"caption-attachment-25791\" style=\"width: 800px\" class=\"wp-caption aligncenter\"><img loading=\"lazy\" decoding=\"async\" class=\"size-full wp-image-25791\" src=\"https:\/\/geschichte-hautnah.de\/www\/wp-content\/uploads\/2020\/12\/Johann-Wolfseder-vorne.jpg\" alt=\"\" width=\"800\" height=\"616\" srcset=\"https:\/\/geschichte-hautnah.de\/www\/wp-content\/uploads\/2020\/12\/Johann-Wolfseder-vorne.jpg 800w, https:\/\/geschichte-hautnah.de\/www\/wp-content\/uploads\/2020\/12\/Johann-Wolfseder-vorne-300x231.jpg 300w, https:\/\/geschichte-hautnah.de\/www\/wp-content\/uploads\/2020\/12\/Johann-Wolfseder-vorne-768x591.jpg 768w\" sizes=\"auto, (max-width: 800px) 100vw, 800px\" \/><figcaption id=\"caption-attachment-25791\" class=\"wp-caption-text\">Sterbebild von Johann Wolfseder<\/figcaption><\/figure>\n<figure id=\"attachment_25790\" aria-describedby=\"caption-attachment-25790\" style=\"width: 800px\" class=\"wp-caption aligncenter\"><img loading=\"lazy\" decoding=\"async\" class=\"size-full wp-image-25790\" src=\"https:\/\/geschichte-hautnah.de\/www\/wp-content\/uploads\/2020\/12\/Johann-Wolfseder-hinten.jpg\" alt=\"\" width=\"800\" height=\"616\" srcset=\"https:\/\/geschichte-hautnah.de\/www\/wp-content\/uploads\/2020\/12\/Johann-Wolfseder-hinten.jpg 800w, https:\/\/geschichte-hautnah.de\/www\/wp-content\/uploads\/2020\/12\/Johann-Wolfseder-hinten-300x231.jpg 300w, https:\/\/geschichte-hautnah.de\/www\/wp-content\/uploads\/2020\/12\/Johann-Wolfseder-hinten-768x591.jpg 768w\" sizes=\"auto, (max-width: 800px) 100vw, 800px\" \/><figcaption id=\"caption-attachment-25790\" class=\"wp-caption-text\">R\u00fcckseite des Sterbebildes von Johann Wolfseder<\/figcaption><\/figure>\n","protected":false},"excerpt":{"rendered":"<p>Der Soldat Johann Wolfseder wurde am 01.06.1896 geboren und stammte aus Pfaffenham, einem Ortsteil der bayerischen Gemeinde Schnaitsee, und war der Sohn eines Landwirts (Ponthalerbauer). Im Ersten Weltkrieg k\u00e4mpfte er in der 12. Kompanie des 3. bayerischen Infanterie-Regiments. Seit dem 27.10.1916 galt er seit der Grenzk\u00e4mpfe am Bulkangebirge in der Walachei in Rum\u00e4nien als vermisst, [&hellip;]<\/p>\n","protected":false},"author":2,"featured_media":0,"comment_status":"closed","ping_status":"closed","sticky":false,"template":"","format":"standard","meta":{"footnotes":"","_wp_rev_ctl_limit":""},"categories":[2,8,1875],"tags":[1032,302,1366,6952,991,2854,2600,1879,2495,6953,1323,2601,6428,99,6954],"class_list":["post-25801","post","type-post","status-publish","format-standard","hentry","category-1-weltkrieg","category-sterbebilder","category-rumaenien","tag-3-bayerisches-infanterie-regiment","tag-bauerssohn","tag-bayern","tag-francesti","tag-ostfront","tag-pfaffenham","tag-rasovita","tag-rumaenien","tag-russische-gefangenschaft","tag-schela","tag-schnaitsee","tag-sipote","tag-targu-jiu","tag-unbekannte-grablage","tag-walachei"],"_links":{"self":[{"href":"https:\/\/geschichte-hautnah.de\/www\/index.php?rest_route=\/wp\/v2\/posts\/25801","targetHints":{"allow":["GET"]}}],"collection":[{"href":"https:\/\/geschichte-hautnah.de\/www\/index.php?rest_route=\/wp\/v2\/posts"}],"about":[{"href":"https:\/\/geschichte-hautnah.de\/www\/index.php?rest_route=\/wp\/v2\/types\/post"}],"author":[{"embeddable":true,"href":"https:\/\/geschichte-hautnah.de\/www\/index.php?rest_route=\/wp\/v2\/users\/2"}],"replies":[{"embeddable":true,"href":"https:\/\/geschichte-hautnah.de\/www\/index.php?rest_route=%2Fwp%2Fv2%2Fcomments&post=25801"}],"version-history":[{"count":9,"href":"https:\/\/geschichte-hautnah.de\/www\/index.php?rest_route=\/wp\/v2\/posts\/25801\/revisions"}],"predecessor-version":[{"id":25810,"href":"https:\/\/geschichte-hautnah.de\/www\/index.php?rest_route=\/wp\/v2\/posts\/25801\/revisions\/25810"}],"wp:attachment":[{"href":"https:\/\/geschichte-hautnah.de\/www\/index.php?rest_route=%2Fwp%2Fv2%2Fmedia&parent=25801"}],"wp:term":[{"taxonomy":"category","embeddable":true,"href":"https:\/\/geschichte-hautnah.de\/www\/index.php?rest_route=%2Fwp%2Fv2%2Fcategories&post=25801"},{"taxonomy":"post_tag","embeddable":true,"href":"https:\/\/geschichte-hautnah.de\/www\/index.php?rest_route=%2Fwp%2Fv2%2Ftags&post=25801"}],"curies":[{"name":"wp","href":"https:\/\/api.w.org\/{rel}","templated":true}]}}