{"id":26122,"date":"2025-08-27T00:00:14","date_gmt":"2025-08-26T22:00:14","guid":{"rendered":"https:\/\/geschichte-hautnah.de\/www\/?p=26122"},"modified":"2020-12-31T10:25:47","modified_gmt":"2020-12-31T09:25:47","slug":"die-maenner-des-ersten-weltkriegs-teil-2-656-johann-kirchleitner","status":"publish","type":"post","link":"https:\/\/geschichte-hautnah.de\/www\/?p=26122","title":{"rendered":"Die M\u00e4nner des Ersten Weltkriegs \u2013 Teil 2.656: Johann Kirchleitner"},"content":{"rendered":"<p>Der Soldat Johann Kirchleitner wurde am 29.09.1885 <a href=\"https:\/\/de.wikipedia.org\/wiki\/Tyrlaching\" target=\"_blank\" rel=\"noopener\">Tyrlaching<\/a> geboren und\u00a0 lebte als Hausbesitzer in Schwarzau, einemm Ortsteil der bayerischen Stadt <a href=\"https:\/\/de.wikipedia.org\/wiki\/Trostberg\" target=\"_blank\" rel=\"noopener\">Trostberg<\/a>. Er verdiente seinen Lebensunterhalt als Arbeiter bei der Riegerschen Pappen-Fabrik in Trostberg. Im Ersten Weltkrieg diente er als Infanterist in der 6. Kompanie des 26. bayerischen Infanterie-Regiments. Am 03.06.1918 fiel er im Alter von 32 Jahren nach vier Jahren Kriegsdienst bei <a href=\"https:\/\/de.wikipedia.org\/wiki\/Ville-en-Tardenois\" target=\"_blank\" rel=\"noopener\">Ville-en-Tardenois<\/a>.<\/p>\n<p>\u00dcber den Todestag und die Todesumst\u00e4nde von Johann Kirchleitner berichtet die Regimentsgeschichte des 26. bayerischen Infanterie-Regiments:<\/p>\n<blockquote><p><em>&#8222;Stellungsk\u00e4mpfe im Courmontwald und in Boujacourt 14.6. &#8211; 14.7.<\/em><\/p>\n<p><em>Der Divisions-Befehl f\u00fcr den 2.6. ordnete Festhalten der erreichten Linie an. Demgem\u00e4\u00df setzte die Erkundung und Neugliederung zur Abwehr ein. Gleichzeitig richteten sich die Bataillone mit fieberhafter T\u00e4tigkeit in den neuen Stellungen ein. Der Gefechtsstand des Regiments befand sich an der Einm\u00fcndung des Str\u00e4\u00dfchens <a href=\"https:\/\/de.wikipedia.org\/wiki\/Ville-en-Tardenois\" target=\"_blank\" rel=\"noopener\">Ville-en-Tardenois<\/a> &#8211; <a href=\"https:\/\/de.wikipedia.org\/wiki\/Champlat-et-Boujacourt\" target=\"_blank\" rel=\"noopener\">Boujacourt<\/a> in den Courmontwald.<\/em><\/p>\n<p><em>Tags\u00fcber lag \u00e4u\u00dferst heftiges, andauerndes Artillerie-Feuer, das auch die Nacht hindurch anhielt und erhebliche Verluste verursachte, auf dem Regimentsabschnitt. Ebensi unausgesetzt t\u00e4tig waren die feindlichen Flieger. Boujacourt, das noch vom Feinde besetzt war, wurde tags\u00fcber mit M\u00f6rsern zugedeckt und gegen 8 Uhr abends durch die 3. Kompanie ohne feindliche Gegenwirkung in Besitz genommen.<\/em><\/p>\n<p><em>Am 3. und 4.6. hielt das Regiment die erreichten Linien, die Erkundung wurde fortgesetzt, Verbindung mit den Anschlusstruppen wurde aufgenommen. Das feindliche Artillerie-Feuer dauerte mit unverminderter Heftigkeit an, besonders l\u00e4stig war die dauernde Flankierung aus dem Bois d` Eglise.<\/em><\/p>\n<p><em>Schwerte Arbeit hatte das Sanit\u00e4tspersonal zu verrichten, das sich in Kellern in <a href=\"https:\/\/de.wikipedia.org\/wiki\/Ville-en-Tardenois\" target=\"_blank\" rel=\"noopener\">Ville-en-Tardenois<\/a> eingerichtet hatte. Unerm\u00fcdlich war auch hier wieder dessen T\u00e4tigkeit unter der umsichtigen Leitung des Regiments-Arztes Dr. Fischer. Der Truppenverbandplatz des Regiments lag selbst wiederholt unter heftigstem Artillerie-Feuer. Hierbei wurden mehrere t\u00fcchtige \u00c4rzte, so die Feldunter\u00e4rzte Strasser (<\/em><span style=\"color: #ff0000;\">Konrad Stra\u00dfer, aus N\u00fcrnberg, Feldunterarzt, gefallen am 01.06.1918, begraben auf dem Soldatenfriedhof Bligny in einem Massengrab)<\/span><em> und Fischer (<span style=\"color: #ff0000;\">Max Fischer, aus M\u00fcnchen, Feldhilfsarzt, gefallen am 01.06.1918, begraben auf dem Soldatenfriedhof Bligny in in Block 2, Grab 116)<\/span> mit einigen braven Sanit\u00e4tern das Opfer der Pflichterf\u00fcllung.&#8220;<\/em><\/p><\/blockquote>\n<p>Man begrub Johann Kirchleitner auf dem Soldatenfriedhof <span data-sheets-value=\"{&quot;1&quot;:2,&quot;2&quot;:&quot;Bligny&quot;}\" data-sheets-userformat=\"{&quot;2&quot;:1049089,&quot;3&quot;:{&quot;1&quot;:0},&quot;12&quot;:0,&quot;23&quot;:1}\" data-sheets-formula=\"=HYPERLINK(&quot;https:\/\/de.wikipedia.org\/wiki\/Bligny_(Marne)&quot;;&quot;Bligny&quot;)\" data-sheets-hyperlink=\"https:\/\/de.wikipedia.org\/wiki\/Bligny_(Marne)\"><a class=\"in-cell-link\" href=\"https:\/\/de.wikipedia.org\/wiki\/Bligny_(Marne)\" target=\"_blank\" rel=\"noopener\">Bligny<\/a><\/span> in einem Massengrab.<\/p>\n<figure id=\"attachment_26124\" aria-describedby=\"caption-attachment-26124\" style=\"width: 800px\" class=\"wp-caption aligncenter\"><img loading=\"lazy\" decoding=\"async\" class=\"size-full wp-image-26124\" src=\"https:\/\/geschichte-hautnah.de\/www\/wp-content\/uploads\/2020\/12\/Johann-Kirchleitner-vorne.jpg\" alt=\"\" width=\"800\" height=\"620\" srcset=\"https:\/\/geschichte-hautnah.de\/www\/wp-content\/uploads\/2020\/12\/Johann-Kirchleitner-vorne.jpg 800w, https:\/\/geschichte-hautnah.de\/www\/wp-content\/uploads\/2020\/12\/Johann-Kirchleitner-vorne-300x233.jpg 300w, https:\/\/geschichte-hautnah.de\/www\/wp-content\/uploads\/2020\/12\/Johann-Kirchleitner-vorne-768x595.jpg 768w\" sizes=\"auto, (max-width: 800px) 100vw, 800px\" \/><figcaption id=\"caption-attachment-26124\" class=\"wp-caption-text\">Sterbebild von Johann Kirchleitner<\/figcaption><\/figure>\n<figure id=\"attachment_26123\" aria-describedby=\"caption-attachment-26123\" style=\"width: 800px\" class=\"wp-caption aligncenter\"><img loading=\"lazy\" decoding=\"async\" class=\"size-full wp-image-26123\" src=\"https:\/\/geschichte-hautnah.de\/www\/wp-content\/uploads\/2020\/12\/Johann-Kirchleitner-hinten.jpg\" alt=\"\" width=\"800\" height=\"620\" srcset=\"https:\/\/geschichte-hautnah.de\/www\/wp-content\/uploads\/2020\/12\/Johann-Kirchleitner-hinten.jpg 800w, https:\/\/geschichte-hautnah.de\/www\/wp-content\/uploads\/2020\/12\/Johann-Kirchleitner-hinten-300x233.jpg 300w, https:\/\/geschichte-hautnah.de\/www\/wp-content\/uploads\/2020\/12\/Johann-Kirchleitner-hinten-768x595.jpg 768w\" sizes=\"auto, (max-width: 800px) 100vw, 800px\" \/><figcaption id=\"caption-attachment-26123\" class=\"wp-caption-text\">R\u00fcckseite des Sterbebildes von Johann Kirchleitner<\/figcaption><\/figure>\n","protected":false},"excerpt":{"rendered":"<p>Der Soldat Johann Kirchleitner wurde am 29.09.1885 Tyrlaching geboren und\u00a0 lebte als Hausbesitzer in Schwarzau, einemm Ortsteil der bayerischen Stadt Trostberg. Er verdiente seinen Lebensunterhalt als Arbeiter bei der Riegerschen Pappen-Fabrik in Trostberg. Im Ersten Weltkrieg diente er als Infanterist in der 6. Kompanie des 26. bayerischen Infanterie-Regiments. Am 03.06.1918 fiel er im Alter von [&hellip;]<\/p>\n","protected":false},"author":2,"featured_media":0,"comment_status":"closed","ping_status":"closed","sticky":false,"template":"","format":"standard","meta":{"footnotes":"","_wp_rev_ctl_limit":""},"categories":[2,8,1876,2233],"tags":[1359,7037,1366,1661,7039,3524,7041,7040,36,871,97,92,7038,636,5834,3527],"class_list":["post-26122","post","type-post","status-publish","format-standard","hentry","category-1-weltkrieg","category-sterbebilder","category-frankreich-1-weltkrieg","category-marne","tag-26-bayerisches-infanterie-regiment","tag-arbeiter","tag-bayern","tag-bligny","tag-boujacourt","tag-courmontwald","tag-feldhilfsarzt","tag-feldunterarzt","tag-frankreich","tag-hausbesitzer","tag-infanterist","tag-massengrab","tag-riegersche-pappen-fabrik","tag-trostberg","tag-tyrlaching","tag-ville-en-tardenois"],"_links":{"self":[{"href":"https:\/\/geschichte-hautnah.de\/www\/index.php?rest_route=\/wp\/v2\/posts\/26122","targetHints":{"allow":["GET"]}}],"collection":[{"href":"https:\/\/geschichte-hautnah.de\/www\/index.php?rest_route=\/wp\/v2\/posts"}],"about":[{"href":"https:\/\/geschichte-hautnah.de\/www\/index.php?rest_route=\/wp\/v2\/types\/post"}],"author":[{"embeddable":true,"href":"https:\/\/geschichte-hautnah.de\/www\/index.php?rest_route=\/wp\/v2\/users\/2"}],"replies":[{"embeddable":true,"href":"https:\/\/geschichte-hautnah.de\/www\/index.php?rest_route=%2Fwp%2Fv2%2Fcomments&post=26122"}],"version-history":[{"count":8,"href":"https:\/\/geschichte-hautnah.de\/www\/index.php?rest_route=\/wp\/v2\/posts\/26122\/revisions"}],"predecessor-version":[{"id":26135,"href":"https:\/\/geschichte-hautnah.de\/www\/index.php?rest_route=\/wp\/v2\/posts\/26122\/revisions\/26135"}],"wp:attachment":[{"href":"https:\/\/geschichte-hautnah.de\/www\/index.php?rest_route=%2Fwp%2Fv2%2Fmedia&parent=26122"}],"wp:term":[{"taxonomy":"category","embeddable":true,"href":"https:\/\/geschichte-hautnah.de\/www\/index.php?rest_route=%2Fwp%2Fv2%2Fcategories&post=26122"},{"taxonomy":"post_tag","embeddable":true,"href":"https:\/\/geschichte-hautnah.de\/www\/index.php?rest_route=%2Fwp%2Fv2%2Ftags&post=26122"}],"curies":[{"name":"wp","href":"https:\/\/api.w.org\/{rel}","templated":true}]}}