{"id":26445,"date":"2025-10-04T00:00:58","date_gmt":"2025-10-03T22:00:58","guid":{"rendered":"https:\/\/geschichte-hautnah.de\/www\/?p=26445"},"modified":"2021-01-13T06:39:39","modified_gmt":"2021-01-13T05:39:39","slug":"die-maenner-des-ersten-weltkriegs-teil-2-694-josef-perseis","status":"publish","type":"post","link":"https:\/\/geschichte-hautnah.de\/www\/?p=26445","title":{"rendered":"Die M\u00e4nner des Ersten Weltkriegs \u2013 Teil 2.694: Josef Perseis"},"content":{"rendered":"<p>Der Soldat Josef Perseis wurde am 02.09.1883 in der bayerischen Gemeinde <a href=\"https:\/\/de.wikipedia.org\/wiki\/Tacherting\" target=\"_blank\" rel=\"noopener\">Tacherting<\/a> geboren. Im Ersten Weltkrieg diente er als Landwehrmann in der 9. Kompanie des 1. bayerischen Reserve-Infanterie-Regiments. Gleich zu beginn des Krieges fiel er am 20.08.1914 im Alter von 30 Jahren bei St. Johann von <a href=\"https:\/\/de.wikipedia.org\/wiki\/Saint-Jean-de-Bassel\" target=\"_blank\" rel=\"noopener\">Sankt Johann von Bassel<\/a> (franz\u00f6sisch: Saint-Jean-de-Bassel) in Lothringen.<\/p>\n<p>\u00dcber den Todestag und die Todesumst\u00e4nde von Josef Perseis berichtet die Regimentsgeschichte des 1. bayerischen Reserve-Infanterie-Regiments:<\/p>\n<blockquote><p><em>&#8222;20.08. In der Nacht wurde die 1. Reserve-Brigade auf der Stra\u00dfe Mittersheim &#8211; Finstingen gesammelt. I. Bataillon bildete die Vorhut, das Regiment befand sich am Anfang des Gros. In der Bambachschneuse vormarschierend, \u00fcberschritt die Spitze um 5 Uhr vormittags die Eisenbahnlinie. Bei Ann\u00e4herung an das Schleusenwirtshaus am Saarkohlekanal an der Stra\u00dfe St. Johann von Bassel &#8211; <a href=\"https:\/\/de.wikipedia.org\/wiki\/Belles-For%C3%AAts\" target=\"_blank\" rel=\"noopener\">Bisping<\/a> (franz\u00f6sisch: Belles-For\u00eats) erhielt die Spitze starkes Feuer. Trotz Einsatzes der 2., 3. und 4. Kompanien nord\u00f6stlich und s\u00fcdlich der Stra\u00dfe um 6.30 Uhr vormittags konnte der Kanal nicht \u00fcberschritten werden. Die auf 30 Meter am Feind liegenden Kompanien litten unter dem Feuer der feindlichen Baumsch\u00fctzen und der Besatzungen in den H\u00e4usern, da nur geringe Deckung vorhanden war. Auch der Einsatz der 1. Kompanie am rechten Fl\u00fcgel und der Maschinengewehr-Kompanie s\u00fcdlich der Stra\u00dfe brachte keinen Erfolg. Schon nach 6 Uhr vormittags wurde das ganze Regiment eingesetzt: III. Bataillon nord\u00f6stlich des I. Bataillons mit dem Befehl, auf einer der n\u00e4chsten nord\u00f6stlich gelegenen Schleusen \u00fcberzugehen und den Feind von Norden her anzugreifen, II. Bataillon wurde hinter dem linken Fl\u00fcgel bereitgestellt. 1. Artillerie-Zug nahm das Schleusenwirtshaus unter Feuer.<\/em><\/p>\n<p><em>Um 8 Uhr vormittags lag starkes Feuer auf der Bambachschneuse, 2 Pionier-Sprengwagen gingen in die Luft und verursachten eine Panik unter dem Gefechtstross. Um 9 Uhr vormittags verstummte das Feuer. Vom Reserve-Infanterie-Regiment 2, das als Brigadereserve hinter dem linken Fl\u00fcgel des Regiments stand, wurde noch vier Maschinengewehre eingesetzt. Die Verluste in der Front forderten Auffrischung, so dass um 10.45 Uhr nur mehr die 5. Kompanie und \u00bd 6. Kompanie als Reserven des Regiments vorhanden waren. So drohte schon der Kampf zum Stehen zu kommen, als es dem III. Bataillon gelang, durch F\u00e4llen von B\u00e4umen und Herstellung eines Laufsteges in heftigstem feindlichen Infanteriefeuer den \u00dcbergang \u00fcber den Kanal nord\u00f6stlich des Schleusenwirtshauses zu erzwingen und nun mit Teilen der 1. und 4. Kompanie und des Reserve-Infanterie-Regiments 12 um 1 Uhr nachmittags von Norden her den feindlichen Fl\u00fcgel aufzurollen und das Schleusenwirtshaus zu erst\u00fcrmen. Daraufhin wurde sofort die 5. Kompanie zur Verfolgung angesetzt, der sich Teile des II.\/Reserve-Infanterie-Regiment 1\u00a0 und Reserve-Infanterie-Regiment 12 anschlossen. Die \u00fcbrigen Bataillone wurden gesammelt und konnten wegen der starken Verluste sich noch nicht an der Verfolgung beteiligen. Die Verfolgungskolonne konnte mit dem Feind nicht mehr F\u00fchlung gewinnen. Artillerie war nicht zur Stelle, so dass dem zur\u00fcckflutenden Gegner nur mehr geringe Verluste beigebracht werden konnten. Um 4 Uhr nachmittags war das Regiment am Westrand des Waldes versammelt, 1 Zug nach Bisping vorgeschoben, um den Ort in Besitz zu nehmen. Bei Einbruch der Dunkelheit bezog das Regiment bei Bisping Biwak, I. Bataillon sicherte in Linie <a href=\"https:\/\/de.wikipedia.org\/wiki\/Desseling\" target=\"_blank\" rel=\"noopener\">Disselingen<\/a> <\/em>(franz\u00f6sisch: Desseling)<em> &#8211; <a href=\"https:\/\/de.wikipedia.org\/wiki\/Fribourg_(Moselle)\" target=\"_blank\" rel=\"noopener\">Freiburg<\/a><\/em> (franz\u00f6sisch: Fribourg)<em> &#8211; <a href=\"https:\/\/de.wikipedia.org\/wiki\/Rhodes_(Moselle)\" target=\"_blank\" rel=\"noopener\">Rodt<\/a><\/em> (franz\u00f6sisch: Rhodes).&#8220;<\/p><\/blockquote>\n<p>Man begrub Josef Perseis auf dem Soldatenfriedhof <span data-sheets-value=\"{&quot;1&quot;:2,&quot;2&quot;:&quot;Gosselming&quot;}\" data-sheets-userformat=\"{&quot;2&quot;:1049089,&quot;3&quot;:{&quot;1&quot;:0},&quot;12&quot;:0,&quot;23&quot;:1}\" data-sheets-formula=\"=HYPERLINK(&quot;https:\/\/goo.gl\/maps\/xs3RSYHn4X32&quot;;&quot;Gosselming&quot;)\" data-sheets-hyperlink=\"https:\/\/goo.gl\/maps\/xs3RSYHn4X32\"><a class=\"in-cell-link\" href=\"https:\/\/goo.gl\/maps\/xs3RSYHn4X32\" target=\"_blank\" rel=\"noopener\">Gosselming<\/a><\/span> in einem Massengrab.<\/p>\n<figure id=\"attachment_26447\" aria-describedby=\"caption-attachment-26447\" style=\"width: 493px\" class=\"wp-caption aligncenter\"><img loading=\"lazy\" decoding=\"async\" class=\"size-full wp-image-26447\" src=\"https:\/\/geschichte-hautnah.de\/www\/wp-content\/uploads\/2021\/01\/Josef-Perseis-vorne.jpg\" alt=\"\" width=\"493\" height=\"800\" srcset=\"https:\/\/geschichte-hautnah.de\/www\/wp-content\/uploads\/2021\/01\/Josef-Perseis-vorne.jpg 493w, https:\/\/geschichte-hautnah.de\/www\/wp-content\/uploads\/2021\/01\/Josef-Perseis-vorne-185x300.jpg 185w\" sizes=\"auto, (max-width: 493px) 100vw, 493px\" \/><figcaption id=\"caption-attachment-26447\" class=\"wp-caption-text\">Sterbebild von Josef Perseis<\/figcaption><\/figure>\n<figure id=\"attachment_26446\" aria-describedby=\"caption-attachment-26446\" style=\"width: 493px\" class=\"wp-caption aligncenter\"><img loading=\"lazy\" decoding=\"async\" class=\"size-full wp-image-26446\" src=\"https:\/\/geschichte-hautnah.de\/www\/wp-content\/uploads\/2021\/01\/Josef-Perseis-hinten.jpg\" alt=\"\" width=\"493\" height=\"800\" srcset=\"https:\/\/geschichte-hautnah.de\/www\/wp-content\/uploads\/2021\/01\/Josef-Perseis-hinten.jpg 493w, https:\/\/geschichte-hautnah.de\/www\/wp-content\/uploads\/2021\/01\/Josef-Perseis-hinten-185x300.jpg 185w\" sizes=\"auto, (max-width: 493px) 100vw, 493px\" \/><figcaption id=\"caption-attachment-26446\" class=\"wp-caption-text\">R\u00fcckseite des Sterbebildes von Josef Perseis<\/figcaption><\/figure>\n","protected":false},"excerpt":{"rendered":"<p>Der Soldat Josef Perseis wurde am 02.09.1883 in der bayerischen Gemeinde Tacherting geboren. Im Ersten Weltkrieg diente er als Landwehrmann in der 9. Kompanie des 1. bayerischen Reserve-Infanterie-Regiments. Gleich zu beginn des Krieges fiel er am 20.08.1914 im Alter von 30 Jahren bei St. Johann von Sankt Johann von Bassel (franz\u00f6sisch: Saint-Jean-de-Bassel) in Lothringen. \u00dcber [&hellip;]<\/p>\n","protected":false},"author":2,"featured_media":0,"comment_status":"closed","ping_status":"closed","sticky":false,"template":"","format":"standard","meta":{"footnotes":"","_wp_rev_ctl_limit":""},"categories":[2,8,1876,594],"tags":[733,1366,7103,597,7104,4442,36,7106,7105,603,287,598,92,1087,7107,959,4436,334],"class_list":["post-26445","post","type-post","status-publish","format-standard","hentry","category-1-weltkrieg","category-sterbebilder","category-frankreich-1-weltkrieg","category-lothringen-saarland","tag-1-bayerisches-reserve-infanterie-regiment","tag-bayern","tag-belles-forets","tag-bisping","tag-desseling","tag-disselingen","tag-frankreich","tag-freiburg","tag-fribourg","tag-gosselming","tag-landwehrmann","tag-lothringen","tag-massengrab","tag-regimentsgeschichte","tag-rhodes","tag-saint-jean-de-bassel","tag-sankt-johann-von-bassel","tag-tacherting"],"_links":{"self":[{"href":"https:\/\/geschichte-hautnah.de\/www\/index.php?rest_route=\/wp\/v2\/posts\/26445","targetHints":{"allow":["GET"]}}],"collection":[{"href":"https:\/\/geschichte-hautnah.de\/www\/index.php?rest_route=\/wp\/v2\/posts"}],"about":[{"href":"https:\/\/geschichte-hautnah.de\/www\/index.php?rest_route=\/wp\/v2\/types\/post"}],"author":[{"embeddable":true,"href":"https:\/\/geschichte-hautnah.de\/www\/index.php?rest_route=\/wp\/v2\/users\/2"}],"replies":[{"embeddable":true,"href":"https:\/\/geschichte-hautnah.de\/www\/index.php?rest_route=%2Fwp%2Fv2%2Fcomments&post=26445"}],"version-history":[{"count":8,"href":"https:\/\/geschichte-hautnah.de\/www\/index.php?rest_route=\/wp\/v2\/posts\/26445\/revisions"}],"predecessor-version":[{"id":26449,"href":"https:\/\/geschichte-hautnah.de\/www\/index.php?rest_route=\/wp\/v2\/posts\/26445\/revisions\/26449"}],"wp:attachment":[{"href":"https:\/\/geschichte-hautnah.de\/www\/index.php?rest_route=%2Fwp%2Fv2%2Fmedia&parent=26445"}],"wp:term":[{"taxonomy":"category","embeddable":true,"href":"https:\/\/geschichte-hautnah.de\/www\/index.php?rest_route=%2Fwp%2Fv2%2Fcategories&post=26445"},{"taxonomy":"post_tag","embeddable":true,"href":"https:\/\/geschichte-hautnah.de\/www\/index.php?rest_route=%2Fwp%2Fv2%2Ftags&post=26445"}],"curies":[{"name":"wp","href":"https:\/\/api.w.org\/{rel}","templated":true}]}}