{"id":26517,"date":"2025-10-10T00:00:43","date_gmt":"2025-10-09T22:00:43","guid":{"rendered":"https:\/\/geschichte-hautnah.de\/www\/?p=26517"},"modified":"2021-01-16T19:55:01","modified_gmt":"2021-01-16T18:55:01","slug":"die-maenner-des-ersten-weltkriegs-teil-2-700-lorenz-groetzinger","status":"publish","type":"post","link":"https:\/\/geschichte-hautnah.de\/www\/?p=26517","title":{"rendered":"Die M\u00e4nner des Ersten Weltkriegs \u2013 Teil 2.700: Lorenz Gr\u00f6tzinger"},"content":{"rendered":"<p>Der Soldat Lorenz Gr\u00f6tzinger stammte aus M\u00fchlen, einem Ortsteil der bayerischen Gemeidne <a href=\"https:\/\/de.wikipedia.org\/wiki\/Vilsbiburg\" target=\"_blank\" rel=\"noopener\">Vilsbiburg<\/a>, und war der Sohn eines Landwirts (Schwabenbauerssohn). Im Ersten Weltkrieg k\u00e4mpfte er als Reservist in der 2. Kompanie des 16. bayerischen Infanterie-Regiments. Am 25.09.1914 fiel er im Alter von 22 Jahren bei <a href=\"https:\/\/de.wikipedia.org\/wiki\/Estr%C3%A9es-Deni%C3%A9court\" target=\"_blank\" rel=\"noopener\">Estr\u00e9es-Deni\u00e9court<\/a> an der Somme.<\/p>\n<p>Die Lage des Grabes von Lorenz Gr\u00f6tzinger ist offiziell unbekannt. Ich vermute, dass er, wenn seine Gebeine bis heute geborgen wurden, anonym in einem Massengrab auf dem Soldatenfriedhof <span data-sheets-value=\"{&quot;1&quot;:2,&quot;2&quot;:&quot;Vermandovillers&quot;}\" data-sheets-userformat=\"{&quot;2&quot;:1049089,&quot;3&quot;:{&quot;1&quot;:0},&quot;12&quot;:0,&quot;23&quot;:1}\" data-sheets-formula=\"=HYPERLINK(&quot;https:\/\/de.wikipedia.org\/wiki\/Vermandovillers&quot;;&quot;Vermandovillers&quot;)\" data-sheets-hyperlink=\"https:\/\/de.wikipedia.org\/wiki\/Vermandovillers\"><a class=\"in-cell-link\" href=\"https:\/\/de.wikipedia.org\/wiki\/Vermandovillers\" target=\"_blank\" rel=\"noopener\">Vermandovillers<\/a><\/span> beigesetzt wurde, wo man auch seine Regimentskameraden begrub, die im gleichen Zeitraum fielen, u. a.<\/p>\n<ul>\n<li>Infanterist Lorenz Holzner, gefallen am 08.10.1914 bei Chaulnes, begraben auf dem Soldatenfriedhof <span data-sheets-value=\"{&quot;1&quot;:2,&quot;2&quot;:&quot;Vermandovillers&quot;}\" data-sheets-userformat=\"{&quot;2&quot;:1049089,&quot;3&quot;:{&quot;1&quot;:0},&quot;12&quot;:0,&quot;23&quot;:1}\" data-sheets-formula=\"=HYPERLINK(&quot;https:\/\/de.wikipedia.org\/wiki\/Vermandovillers&quot;;&quot;Vermandovillers&quot;)\" data-sheets-hyperlink=\"https:\/\/de.wikipedia.org\/wiki\/Vermandovillers\"><a class=\"in-cell-link\" href=\"https:\/\/de.wikipedia.org\/wiki\/Vermandovillers\" target=\"_blank\" rel=\"noopener\">Vermandovillers<\/a><\/span> in einem Massengrab;<\/li>\n<li>Oberleutnant Andreas Sedlmeier, gefallen am 05.10.1914 bei Chaulnes, begraben auf dem Soldatenfriedhof <span data-sheets-value=\"{&quot;1&quot;:2,&quot;2&quot;:&quot;Vermandovillers&quot;}\" data-sheets-userformat=\"{&quot;2&quot;:1049089,&quot;3&quot;:{&quot;1&quot;:0},&quot;12&quot;:0,&quot;23&quot;:1}\" data-sheets-formula=\"=HYPERLINK(&quot;https:\/\/de.wikipedia.org\/wiki\/Vermandovillers&quot;;&quot;Vermandovillers&quot;)\" data-sheets-hyperlink=\"https:\/\/de.wikipedia.org\/wiki\/Vermandovillers\"><a class=\"in-cell-link\" href=\"https:\/\/de.wikipedia.org\/wiki\/Vermandovillers\" target=\"_blank\" rel=\"noopener\">Vermandovillers<\/a><\/span> in einem Massengrab;<\/li>\n<li>Unteroffizier Xaver Kaspar, gefallen am 25.09.1914 bei Chaulnes, begraben auf dem Soldatenfriedhof <span data-sheets-value=\"{&quot;1&quot;:2,&quot;2&quot;:&quot;Vermandovillers&quot;}\" data-sheets-userformat=\"{&quot;2&quot;:1049089,&quot;3&quot;:{&quot;1&quot;:0},&quot;12&quot;:0,&quot;23&quot;:1}\" data-sheets-formula=\"=HYPERLINK(&quot;https:\/\/de.wikipedia.org\/wiki\/Vermandovillers&quot;;&quot;Vermandovillers&quot;)\" data-sheets-hyperlink=\"https:\/\/de.wikipedia.org\/wiki\/Vermandovillers\"><a class=\"in-cell-link\" href=\"https:\/\/de.wikipedia.org\/wiki\/Vermandovillers\" target=\"_blank\" rel=\"noopener\">Vermandovillers<\/a><\/span> in Block 4, Grab 1.026;<\/li>\n<li>Reservist Alois Pichlmeier, gefallen am 25.09.1914 bei Chaulnes, begraben auf dem Soldatenfriedhof <span data-sheets-value=\"{&quot;1&quot;:2,&quot;2&quot;:&quot;Vermandovillers&quot;}\" data-sheets-userformat=\"{&quot;2&quot;:1049089,&quot;3&quot;:{&quot;1&quot;:0},&quot;12&quot;:0,&quot;23&quot;:1}\" data-sheets-formula=\"=HYPERLINK(&quot;https:\/\/de.wikipedia.org\/wiki\/Vermandovillers&quot;;&quot;Vermandovillers&quot;)\" data-sheets-hyperlink=\"https:\/\/de.wikipedia.org\/wiki\/Vermandovillers\"><a class=\"in-cell-link\" href=\"https:\/\/de.wikipedia.org\/wiki\/Vermandovillers\" target=\"_blank\" rel=\"noopener\">Vermandovillers<\/a><\/span> in einem Massengrab.<\/li>\n<\/ul>\n<p>Seine Heimatgemeidne Vilsbiburg gedenkt Lorenz Gr\u00f6tzinger noch heute auf einem Denkmal: <a href=\"http:\/\/www.denkmalprojekt.org\/2010\/vilsbiburg_wk1u2_bay.htm\" target=\"_blank\" rel=\"noopener\">http:\/\/www.denkmalprojekt.org\/2010\/vilsbiburg_wk1u2_bay.htm<\/a><\/p>\n<figure id=\"attachment_26512\" aria-describedby=\"caption-attachment-26512\" style=\"width: 494px\" class=\"wp-caption aligncenter\"><img loading=\"lazy\" decoding=\"async\" class=\"size-full wp-image-26512\" src=\"https:\/\/geschichte-hautnah.de\/www\/wp-content\/uploads\/2021\/01\/Lorenz-Groetzinger-vorne.jpg\" alt=\"\" width=\"494\" height=\"800\" srcset=\"https:\/\/geschichte-hautnah.de\/www\/wp-content\/uploads\/2021\/01\/Lorenz-Groetzinger-vorne.jpg 494w, https:\/\/geschichte-hautnah.de\/www\/wp-content\/uploads\/2021\/01\/Lorenz-Groetzinger-vorne-185x300.jpg 185w\" sizes=\"auto, (max-width: 494px) 100vw, 494px\" \/><figcaption id=\"caption-attachment-26512\" class=\"wp-caption-text\">Sterbebild von Lorenz Gr\u00f6tzinger<\/figcaption><\/figure>\n<figure id=\"attachment_26511\" aria-describedby=\"caption-attachment-26511\" style=\"width: 494px\" class=\"wp-caption aligncenter\"><img loading=\"lazy\" decoding=\"async\" class=\"size-full wp-image-26511\" src=\"https:\/\/geschichte-hautnah.de\/www\/wp-content\/uploads\/2021\/01\/Lorenz-Groetzinger-hinten.jpg\" alt=\"\" width=\"494\" height=\"800\" srcset=\"https:\/\/geschichte-hautnah.de\/www\/wp-content\/uploads\/2021\/01\/Lorenz-Groetzinger-hinten.jpg 494w, https:\/\/geschichte-hautnah.de\/www\/wp-content\/uploads\/2021\/01\/Lorenz-Groetzinger-hinten-185x300.jpg 185w\" sizes=\"auto, (max-width: 494px) 100vw, 494px\" \/><figcaption id=\"caption-attachment-26511\" class=\"wp-caption-text\">R\u00fcckseite des Sterbebildes von Lorenz Gr\u00f6tzinger<\/figcaption><\/figure>\n","protected":false},"excerpt":{"rendered":"<p>Der Soldat Lorenz Gr\u00f6tzinger stammte aus M\u00fchlen, einem Ortsteil der bayerischen Gemeidne Vilsbiburg, und war der Sohn eines Landwirts (Schwabenbauerssohn). Im Ersten Weltkrieg k\u00e4mpfte er als Reservist in der 2. Kompanie des 16. bayerischen Infanterie-Regiments. Am 25.09.1914 fiel er im Alter von 22 Jahren bei Estr\u00e9es-Deni\u00e9court an der Somme. Die Lage des Grabes von Lorenz [&hellip;]<\/p>\n","protected":false},"author":2,"featured_media":0,"comment_status":"closed","ping_status":"closed","sticky":false,"template":"","format":"standard","meta":{"footnotes":"","_wp_rev_ctl_limit":""},"categories":[2,8,1876,651],"tags":[475,280,302,1366,217,7114,36,92,7113,169,631,99,709,1119],"class_list":["post-26517","post","type-post","status-publish","format-standard","hentry","category-1-weltkrieg","category-sterbebilder","category-frankreich-1-weltkrieg","category-schlacht-an-der-somme","tag-16-bayerisches-infanterie-regiment","tag-anonym","tag-bauerssohn","tag-bayern","tag-denkmal","tag-estrees-deniecourt","tag-frankreich","tag-massengrab","tag-muehlen","tag-reservist","tag-somme","tag-unbekannte-grablage","tag-vermandovillers","tag-vilsbiburg"],"_links":{"self":[{"href":"https:\/\/geschichte-hautnah.de\/www\/index.php?rest_route=\/wp\/v2\/posts\/26517","targetHints":{"allow":["GET"]}}],"collection":[{"href":"https:\/\/geschichte-hautnah.de\/www\/index.php?rest_route=\/wp\/v2\/posts"}],"about":[{"href":"https:\/\/geschichte-hautnah.de\/www\/index.php?rest_route=\/wp\/v2\/types\/post"}],"author":[{"embeddable":true,"href":"https:\/\/geschichte-hautnah.de\/www\/index.php?rest_route=\/wp\/v2\/users\/2"}],"replies":[{"embeddable":true,"href":"https:\/\/geschichte-hautnah.de\/www\/index.php?rest_route=%2Fwp%2Fv2%2Fcomments&post=26517"}],"version-history":[{"count":7,"href":"https:\/\/geschichte-hautnah.de\/www\/index.php?rest_route=\/wp\/v2\/posts\/26517\/revisions"}],"predecessor-version":[{"id":26524,"href":"https:\/\/geschichte-hautnah.de\/www\/index.php?rest_route=\/wp\/v2\/posts\/26517\/revisions\/26524"}],"wp:attachment":[{"href":"https:\/\/geschichte-hautnah.de\/www\/index.php?rest_route=%2Fwp%2Fv2%2Fmedia&parent=26517"}],"wp:term":[{"taxonomy":"category","embeddable":true,"href":"https:\/\/geschichte-hautnah.de\/www\/index.php?rest_route=%2Fwp%2Fv2%2Fcategories&post=26517"},{"taxonomy":"post_tag","embeddable":true,"href":"https:\/\/geschichte-hautnah.de\/www\/index.php?rest_route=%2Fwp%2Fv2%2Ftags&post=26517"}],"curies":[{"name":"wp","href":"https:\/\/api.w.org\/{rel}","templated":true}]}}