{"id":26784,"date":"2025-11-07T00:00:50","date_gmt":"2025-11-06T23:00:50","guid":{"rendered":"https:\/\/geschichte-hautnah.de\/www\/?p=26784"},"modified":"2021-01-29T15:20:45","modified_gmt":"2021-01-29T14:20:45","slug":"die-maenner-des-ersten-weltkriegs-teil-2-728-martin-larasser","status":"publish","type":"post","link":"https:\/\/geschichte-hautnah.de\/www\/?p=26784","title":{"rendered":"Die M\u00e4nner des Ersten Weltkriegs \u2013 Teil 2.728: Martin Larasser"},"content":{"rendered":"<p>Der Soldat Martin Larasser stammte aus Kolling, einem Ortsteil der bayerischen Gemeinde <a href=\"https:\/\/de.wikipedia.org\/wiki\/Sankt_Wolfgang_(Oberbayern)\" target=\"_blank\" rel=\"noopener\">Sankt Wolfgang<\/a>, und war der Sohn eines Landwirts. Im Ersten Weltkrieg k\u00e4mpfte er als Gefreiter in der 5. Kompanie des 1. bayerischen Reserve-Infanterie-Regiments. Am 21.06.1915 fiel er im Alter von 33 Jahren in der N\u00e4he von <a href=\"https:\/\/de.wikipedia.org\/wiki\/Saint-Laurent-Blangy\" target=\"_blank\" rel=\"noopener\">St. Laurent<\/a> bei Arras.<\/p>\n<p>\u00dcber den Todeszeitraum von Martin Larasser berichtet die Regimentsgeschichte des 1. bayerischen Reserve-Infanterie-Regiments:<\/p>\n<blockquote><p><em>&#8222;17.06. &#8211; 01.07.1915 Am 17. und 18. wurden noch schwache Angriffe versucht, die durch unser Artillerie-Sperrfeuer und Infanteriefeuer sofort unterdr\u00fcckt wurden. Das Artilleriefeuer hielt sich noch bis 22. in betr\u00e4chtlicher St\u00e4rke und nahm dann bis 01.07. immer mehr ab. Die Citadelle von Arras und die Fabrik in St. Nikolas wurden am 26. mit gutem Erfolg (Explusion eines Munitionslagers) durch 42. cm-M\u00f6rser beschossen.<\/em><\/p>\n<p><em>In der Stellung wurde unter Einsatz aller Kr\u00e4fte an der Instandsetzung der Gr\u00e4ben und Unterst\u00e4nde gearbeitet, die zahlreichen versch\u00fctteten Leichen ausgegraben und zur\u00fcckgebracht. Am Ende des Monats war der gedeckte Verkehr hergestellt und die ganze Stellung wieder in verteidigungsf\u00e4higem Zustand. Am 25.06. ereignete sich ein schwerer Unfall bei einem Versuchsschie\u00dfen mit behelfsm\u00e4\u00dfigen Minenwerfern in Fampux.&#8220;<\/em><\/p><\/blockquote>\n<p>Man begrub Martin Larasser auf dem Soldatenfriedhof <span data-sheets-value=\"{&quot;1&quot;:2,&quot;2&quot;:&quot;St.-Laurent-Blangy&quot;}\" data-sheets-userformat=\"{&quot;2&quot;:1049089,&quot;3&quot;:{&quot;1&quot;:0},&quot;12&quot;:0,&quot;23&quot;:1}\" data-sheets-formula=\"=HYPERLINK(&quot;https:\/\/www.google.de\/maps\/place\/Saint-Laurent-Blangy,+Frankreich\/@50.3097961,2.7378821,12z\/data=!4m5!3m4!1s0x47dd482673f41e11:0x40af13e8163d6a0!8m2!3d50.300542!4d2.801689&quot;;&quot;St.-Laurent-Blangy&quot;)\" data-sheets-hyperlink=\"https:\/\/www.google.de\/maps\/place\/Saint-Laurent-Blangy,+Frankreich\/@50.3097961,2.7378821,12z\/data=!4m5!3m4!1s0x47dd482673f41e11:0x40af13e8163d6a0!8m2!3d50.300542!4d2.801689\"><a class=\"in-cell-link\" href=\"https:\/\/www.google.de\/maps\/place\/Saint-Laurent-Blangy,+Frankreich\/@50.3097961,2.7378821,12z\/data=!4m5!3m4!1s0x47dd482673f41e11:0x40af13e8163d6a0!8m2!3d50.300542!4d2.801689\" target=\"_blank\" rel=\"noopener\">St.-Laurent-Blangy<\/a><\/span> in einem Massengrab.<\/p>\n<figure id=\"attachment_26787\" aria-describedby=\"caption-attachment-26787\" style=\"width: 484px\" class=\"wp-caption aligncenter\"><img loading=\"lazy\" decoding=\"async\" class=\"size-full wp-image-26787\" src=\"https:\/\/geschichte-hautnah.de\/www\/wp-content\/uploads\/2025\/11\/Martin-Larasser-vorne.jpg\" alt=\"\" width=\"484\" height=\"800\" srcset=\"https:\/\/geschichte-hautnah.de\/www\/wp-content\/uploads\/2025\/11\/Martin-Larasser-vorne.jpg 484w, https:\/\/geschichte-hautnah.de\/www\/wp-content\/uploads\/2025\/11\/Martin-Larasser-vorne-182x300.jpg 182w\" sizes=\"auto, (max-width: 484px) 100vw, 484px\" \/><figcaption id=\"caption-attachment-26787\" class=\"wp-caption-text\">Sterbebild von Martin Larasser<\/figcaption><\/figure>\n<figure id=\"attachment_26786\" aria-describedby=\"caption-attachment-26786\" style=\"width: 484px\" class=\"wp-caption aligncenter\"><img loading=\"lazy\" decoding=\"async\" class=\"size-full wp-image-26786\" src=\"https:\/\/geschichte-hautnah.de\/www\/wp-content\/uploads\/2025\/11\/Martin-Larasser-hinten.jpg\" alt=\"\" width=\"484\" height=\"800\" srcset=\"https:\/\/geschichte-hautnah.de\/www\/wp-content\/uploads\/2025\/11\/Martin-Larasser-hinten.jpg 484w, https:\/\/geschichte-hautnah.de\/www\/wp-content\/uploads\/2025\/11\/Martin-Larasser-hinten-182x300.jpg 182w\" sizes=\"auto, (max-width: 484px) 100vw, 484px\" \/><figcaption id=\"caption-attachment-26786\" class=\"wp-caption-text\">R\u00fcckseite des Sterbebildes von Martin Larasser<\/figcaption><\/figure>\n","protected":false},"excerpt":{"rendered":"<p>Der Soldat Martin Larasser stammte aus Kolling, einem Ortsteil der bayerischen Gemeinde Sankt Wolfgang, und war der Sohn eines Landwirts. Im Ersten Weltkrieg k\u00e4mpfte er als Gefreiter in der 5. Kompanie des 1. bayerischen Reserve-Infanterie-Regiments. Am 21.06.1915 fiel er im Alter von 33 Jahren in der N\u00e4he von St. Laurent bei Arras. \u00dcber den Todeszeitraum [&hellip;]<\/p>\n","protected":false},"author":2,"featured_media":0,"comment_status":"closed","ping_status":"closed","sticky":false,"template":"","format":"standard","meta":{"footnotes":"","_wp_rev_ctl_limit":""},"categories":[2,448,8,1876],"tags":[733,449,302,1366,36,153,7165,5390,726],"class_list":["post-26784","post","type-post","status-publish","format-standard","hentry","category-1-weltkrieg","category-arras","category-sterbebilder","category-frankreich-1-weltkrieg","tag-1-bayerisches-reserve-infanterie-regiment","tag-arras","tag-bauerssohn","tag-bayern","tag-frankreich","tag-gefreiter","tag-kolling","tag-sankt-wolfgang","tag-st-laurent"],"_links":{"self":[{"href":"https:\/\/geschichte-hautnah.de\/www\/index.php?rest_route=\/wp\/v2\/posts\/26784","targetHints":{"allow":["GET"]}}],"collection":[{"href":"https:\/\/geschichte-hautnah.de\/www\/index.php?rest_route=\/wp\/v2\/posts"}],"about":[{"href":"https:\/\/geschichte-hautnah.de\/www\/index.php?rest_route=\/wp\/v2\/types\/post"}],"author":[{"embeddable":true,"href":"https:\/\/geschichte-hautnah.de\/www\/index.php?rest_route=\/wp\/v2\/users\/2"}],"replies":[{"embeddable":true,"href":"https:\/\/geschichte-hautnah.de\/www\/index.php?rest_route=%2Fwp%2Fv2%2Fcomments&post=26784"}],"version-history":[{"count":5,"href":"https:\/\/geschichte-hautnah.de\/www\/index.php?rest_route=\/wp\/v2\/posts\/26784\/revisions"}],"predecessor-version":[{"id":26791,"href":"https:\/\/geschichte-hautnah.de\/www\/index.php?rest_route=\/wp\/v2\/posts\/26784\/revisions\/26791"}],"wp:attachment":[{"href":"https:\/\/geschichte-hautnah.de\/www\/index.php?rest_route=%2Fwp%2Fv2%2Fmedia&parent=26784"}],"wp:term":[{"taxonomy":"category","embeddable":true,"href":"https:\/\/geschichte-hautnah.de\/www\/index.php?rest_route=%2Fwp%2Fv2%2Fcategories&post=26784"},{"taxonomy":"post_tag","embeddable":true,"href":"https:\/\/geschichte-hautnah.de\/www\/index.php?rest_route=%2Fwp%2Fv2%2Ftags&post=26784"}],"curies":[{"name":"wp","href":"https:\/\/api.w.org\/{rel}","templated":true}]}}