{"id":27007,"date":"2025-11-29T00:00:52","date_gmt":"2025-11-28T23:00:52","guid":{"rendered":"https:\/\/geschichte-hautnah.de\/www\/?p=27007"},"modified":"2021-02-06T16:49:45","modified_gmt":"2021-02-06T15:49:45","slug":"die-maenner-des-ersten-weltkriegs-teil-2-750-franz-xaver-eichstetter","status":"publish","type":"post","link":"https:\/\/geschichte-hautnah.de\/www\/?p=27007","title":{"rendered":"Die M\u00e4nner des Ersten Weltkriegs \u2013 Teil 2.750: Franz Xaver Eichstetter"},"content":{"rendered":"<p>Der Soldat Franz Xaver Eichstetter wurde am 30.06.1896 in der bayerischen Gemeinde <a href=\"https:\/\/de.wikipedia.org\/wiki\/Gangkofen\" target=\"_blank\" rel=\"noopener\">Gangkofen<\/a> geboren und war der Sohn eines Zimmermanns. Er warbeitete als landwirtschaftlicher Arbeiter. Im Ersten Weltkrieg k\u00e4mpfte er als Infanterist in der 7. Kompanie des\u00a0 20. bayerischen Infanterie-Regiments. Am 24.10.1916 fiel er im Alter von 20 Jahren w\u00e4hrend der <a href=\"https:\/\/de.wikipedia.org\/wiki\/Schlacht_an_der_Somme\" target=\"_blank\" rel=\"noopener\">Schlacht an der Somme<\/a> bei <a href=\"https:\/\/de.wikipedia.org\/wiki\/Lesb%C5%93ufs\" target=\"_blank\" rel=\"noopener\">Lesb\u0153ufs<\/a> in Frankreich.<\/p>\n<p>\u00dcber den Todestag und die Todesumst\u00e4nde von Franz Xaver Eichstetter berichtet die Regimentsgeschichte des 20. bayerischen Infanterie-Regiments:<\/p>\n<blockquote><p><em>&#8222;Der 24. Oktober begann ruhig. Erst am Nachmittag kam Artilleriefeuer, das immer st\u00e4rker wurde und schlie\u00dflich gegen 17 Uhr zu einem f\u00f6rmlichen Orkan anschwoll. Kurz nach 17 Uhr versuchte der gegner wieder einen Angriff. Auch diesmal brach er im prasselnden Abwehrfeuer des Regiments zusammen. Die Verluste waren erfreulicherweise nicht betr\u00e4chlich, denn die Leute waren sehr richtig dem feindlichen Trommelfeuer nach vorw\u00e4rts ausgewichen. In der Nacht zum 25. endlich erfolgte die ersehnte Abl\u00f6sung des II. Bataillons in der S\u00fcdfront durch das 12. Infanterie-Regiment.&#8220;<\/em><\/p><\/blockquote>\n<p>Die Lage des Grabes von Franz Xaver Eichstetter ist offiziell unbekannt. Ich vermute jedoch, dass er anonym in einem Massengrab auf dem Soldatenfriedhof <span data-sheets-value=\"{&quot;1&quot;:2,&quot;2&quot;:&quot;Fricourt&quot;}\" data-sheets-userformat=\"{&quot;2&quot;:1049089,&quot;3&quot;:{&quot;1&quot;:0},&quot;12&quot;:0,&quot;23&quot;:1}\" data-sheets-formula=\"=HYPERLINK(&quot;https:\/\/www.google.de\/maps\/place\/80300+Fricourt,+Frankreich\/@49.9962869,2.1583959,9z\/data=!4m5!3m4!1s0x47dd587268b6f759:0x40af13e81620c30!8m2!3d49.9989!4d2.716753&quot;;&quot;Fricourt&quot;)\" data-sheets-hyperlink=\"https:\/\/www.google.de\/maps\/place\/80300+Fricourt,+Frankreich\/@49.9962869,2.1583959,9z\/data=!4m5!3m4!1s0x47dd587268b6f759:0x40af13e81620c30!8m2!3d49.9989!4d2.716753\"><a class=\"in-cell-link\" href=\"https:\/\/www.google.de\/maps\/place\/80300+Fricourt,+Frankreich\/@49.9962869,2.1583959,9z\/data=!4m5!3m4!1s0x47dd587268b6f759:0x40af13e81620c30!8m2!3d49.9989!4d2.716753\" target=\"_blank\" rel=\"noopener\">Fricourt<\/a><\/span> beigesetzt wurde, wo man auch seine Regimentskameraden begrub, die im gleichen Zeitraum fielen, u. a.<\/p>\n<ul>\n<li>Ersatz-reservist Thomas Kopfm\u00fcller, gefallen am 28.10.1916 bei <a href=\"https:\/\/de.wikipedia.org\/wiki\/Lesb%C5%93ufs\" target=\"_blank\" rel=\"noopener\">Lesb\u0153ufs<\/a> , begraben auf dem Soldatenfriedhof <span data-sheets-value=\"{&quot;1&quot;:2,&quot;2&quot;:&quot;Fricourt&quot;}\" data-sheets-userformat=\"{&quot;2&quot;:1049089,&quot;3&quot;:{&quot;1&quot;:0},&quot;12&quot;:0,&quot;23&quot;:1}\" data-sheets-formula=\"=HYPERLINK(&quot;https:\/\/www.google.de\/maps\/place\/80300+Fricourt,+Frankreich\/@49.9962869,2.1583959,9z\/data=!4m5!3m4!1s0x47dd587268b6f759:0x40af13e81620c30!8m2!3d49.9989!4d2.716753&quot;;&quot;Fricourt&quot;)\" data-sheets-hyperlink=\"https:\/\/www.google.de\/maps\/place\/80300+Fricourt,+Frankreich\/@49.9962869,2.1583959,9z\/data=!4m5!3m4!1s0x47dd587268b6f759:0x40af13e81620c30!8m2!3d49.9989!4d2.716753\"><a class=\"in-cell-link\" href=\"https:\/\/www.google.de\/maps\/place\/80300+Fricourt,+Frankreich\/@49.9962869,2.1583959,9z\/data=!4m5!3m4!1s0x47dd587268b6f759:0x40af13e81620c30!8m2!3d49.9989!4d2.716753\" target=\"_blank\" rel=\"noopener\">Fricourt<\/a><\/span> in einem Massengrab.<\/li>\n<\/ul>\n<p>&nbsp;<\/p>\n<figure id=\"attachment_27006\" aria-describedby=\"caption-attachment-27006\" style=\"width: 508px\" class=\"wp-caption aligncenter\"><img loading=\"lazy\" decoding=\"async\" class=\"size-full wp-image-27006\" src=\"https:\/\/geschichte-hautnah.de\/www\/wp-content\/uploads\/2021\/02\/Franz-Xaver-Eichstetter-vorne.jpg\" alt=\"\" width=\"508\" height=\"800\" srcset=\"https:\/\/geschichte-hautnah.de\/www\/wp-content\/uploads\/2021\/02\/Franz-Xaver-Eichstetter-vorne.jpg 508w, https:\/\/geschichte-hautnah.de\/www\/wp-content\/uploads\/2021\/02\/Franz-Xaver-Eichstetter-vorne-191x300.jpg 191w\" sizes=\"auto, (max-width: 508px) 100vw, 508px\" \/><figcaption id=\"caption-attachment-27006\" class=\"wp-caption-text\">Sterbebild von Franz Xaver Eichstetter<\/figcaption><\/figure>\n<figure id=\"attachment_27005\" aria-describedby=\"caption-attachment-27005\" style=\"width: 508px\" class=\"wp-caption aligncenter\"><img loading=\"lazy\" decoding=\"async\" class=\"size-full wp-image-27005\" src=\"https:\/\/geschichte-hautnah.de\/www\/wp-content\/uploads\/2021\/02\/Franz-Xaver-Eichstetter-hinten.jpg\" alt=\"\" width=\"508\" height=\"800\" srcset=\"https:\/\/geschichte-hautnah.de\/www\/wp-content\/uploads\/2021\/02\/Franz-Xaver-Eichstetter-hinten.jpg 508w, https:\/\/geschichte-hautnah.de\/www\/wp-content\/uploads\/2021\/02\/Franz-Xaver-Eichstetter-hinten-191x300.jpg 191w\" sizes=\"auto, (max-width: 508px) 100vw, 508px\" \/><figcaption id=\"caption-attachment-27005\" class=\"wp-caption-text\">R\u00fcckseite des Sterbebildes von Franz Xaver Eichstetter<\/figcaption><\/figure>\n","protected":false},"excerpt":{"rendered":"<p>Der Soldat Franz Xaver Eichstetter wurde am 30.06.1896 in der bayerischen Gemeinde Gangkofen geboren und war der Sohn eines Zimmermanns. Er warbeitete als landwirtschaftlicher Arbeiter. Im Ersten Weltkrieg k\u00e4mpfte er als Infanterist in der 7. Kompanie des\u00a0 20. bayerischen Infanterie-Regiments. Am 24.10.1916 fiel er im Alter von 20 Jahren w\u00e4hrend der Schlacht an der Somme [&hellip;]<\/p>\n","protected":false},"author":2,"featured_media":0,"comment_status":"closed","ping_status":"closed","sticky":false,"template":"","format":"standard","meta":{"footnotes":"","_wp_rev_ctl_limit":""},"categories":[2,8,1876,651],"tags":[216,1366,36,521,1088,517,1091,631,99,237],"class_list":["post-27007","post","type-post","status-publish","format-standard","hentry","category-1-weltkrieg","category-sterbebilder","category-frankreich-1-weltkrieg","category-schlacht-an-der-somme","tag-20-bayerisches-infanterie-regiment","tag-bayern","tag-frankreich","tag-fricourt","tag-gangkofen","tag-lesboeufs","tag-schlacht-an-der-somme","tag-somme","tag-unbekannte-grablage","tag-zimmermannssohn"],"_links":{"self":[{"href":"https:\/\/geschichte-hautnah.de\/www\/index.php?rest_route=\/wp\/v2\/posts\/27007","targetHints":{"allow":["GET"]}}],"collection":[{"href":"https:\/\/geschichte-hautnah.de\/www\/index.php?rest_route=\/wp\/v2\/posts"}],"about":[{"href":"https:\/\/geschichte-hautnah.de\/www\/index.php?rest_route=\/wp\/v2\/types\/post"}],"author":[{"embeddable":true,"href":"https:\/\/geschichte-hautnah.de\/www\/index.php?rest_route=\/wp\/v2\/users\/2"}],"replies":[{"embeddable":true,"href":"https:\/\/geschichte-hautnah.de\/www\/index.php?rest_route=%2Fwp%2Fv2%2Fcomments&post=27007"}],"version-history":[{"count":5,"href":"https:\/\/geschichte-hautnah.de\/www\/index.php?rest_route=\/wp\/v2\/posts\/27007\/revisions"}],"predecessor-version":[{"id":27012,"href":"https:\/\/geschichte-hautnah.de\/www\/index.php?rest_route=\/wp\/v2\/posts\/27007\/revisions\/27012"}],"wp:attachment":[{"href":"https:\/\/geschichte-hautnah.de\/www\/index.php?rest_route=%2Fwp%2Fv2%2Fmedia&parent=27007"}],"wp:term":[{"taxonomy":"category","embeddable":true,"href":"https:\/\/geschichte-hautnah.de\/www\/index.php?rest_route=%2Fwp%2Fv2%2Fcategories&post=27007"},{"taxonomy":"post_tag","embeddable":true,"href":"https:\/\/geschichte-hautnah.de\/www\/index.php?rest_route=%2Fwp%2Fv2%2Ftags&post=27007"}],"curies":[{"name":"wp","href":"https:\/\/api.w.org\/{rel}","templated":true}]}}