{"id":27031,"date":"2025-12-02T00:00:58","date_gmt":"2025-12-01T23:00:58","guid":{"rendered":"https:\/\/geschichte-hautnah.de\/www\/?p=27031"},"modified":"2021-02-07T11:38:18","modified_gmt":"2021-02-07T10:38:18","slug":"die-maenner-des-ersten-weltkriegs-teil-2-753-franz-lengdobler","status":"publish","type":"post","link":"https:\/\/geschichte-hautnah.de\/www\/?p=27031","title":{"rendered":"Die M\u00e4nner des Ersten Weltkriegs \u2013 Teil 2.753: Franz Lengdobler"},"content":{"rendered":"<p>Der Soldat Franz Lengdobler wurde am 11.11.1896 in K\u00fchweid, einem Ortsteil der bayerischen Gemeinde <a href=\"https:\/\/de.wikipedia.org\/wiki\/Ruhstorf_an_der_Rott\" target=\"_blank\" rel=\"noopener\">Ruhstorf an der Rott<\/a>, geboren und war der Sohn eines Landwirts. Er arbeitete als G\u00e4rtner bei <a href=\"https:\/\/de.wikipedia.org\/wiki\/Karlfried_Graf_D%C3%BCrckheim\" target=\"_blank\" rel=\"noopener\">Graf D\u00fcrkheim<\/a>. Im Ersten Weltkrieg diente er als Infanterist in der 3. Kompanie des 3. bayerischen Infanterie-Regiments. Am 23.10.1916 fiel er im Alter von 20 Jahren w\u00e4hrend des Feldzugs gegen Rum\u00e4nien bei den Grenzl\u00e4mpfen am Vulkangebirge.<\/p>\n<p>\u00dcber den Todestag von Franz Lengdobler berichtet die Regimentsgeschichte des 3. bayerischen Infanterie-Regiments:<\/p>\n<blockquote><p><em>&#8222;Erst\u00fcrmung der die rum\u00e4nische Grenze bildende Bergkette<\/em><\/p>\n<p><em>Dichter Nebel verbot am 23.10. morgens eine Feuervorbereitung, beg\u00fcnstigte aber die \u00dcberrumpelung. Planm\u00e4\u00dfig gelang, dank des schneidigen Zufassens der 7.\/3. bayerisches Infanterie-Regiment unter Leutnant der Reserve Dreher, die durch den Verlauf des Grates notwendige sofortige Wegnahme des Candetul. Als diese Flankierung beseitigt war, konnte I.\/3. bayerisches Infanterie-Regiment gegen den Hauptgipfel des Dragoiul vorgef\u00fchrt werden, bei dessen Wegnahme ihm &#8211; wie es geplant war &#8211; schon II.\/3. bayerisches Infanterie-Regiment \u00fcber den Murgile hinweg zu Hilfe eilte. Unterdessen war der Nebel zerrissen und ein sch\u00f6ner Herbsttag erm\u00f6glichte die Mitwirkung der Gebirgbatterie bei der Wegnahme des Dumitru, auf dem der Gegner hartn\u00e4ckigen Widerstand leistete. Mit Einbruch der Dunkelheit ist auch dieser Bergkegel in der Hand vom I.\/3. bayerisches Infanterie-Regiment.&#8220;.<\/em><\/p><\/blockquote>\n<p>Die Lage des Grabes von Franz Lengdobler ist unbekannt.<\/p>\n<figure id=\"attachment_27030\" aria-describedby=\"caption-attachment-27030\" style=\"width: 470px\" class=\"wp-caption aligncenter\"><img loading=\"lazy\" decoding=\"async\" class=\"size-full wp-image-27030\" src=\"https:\/\/geschichte-hautnah.de\/www\/wp-content\/uploads\/2021\/02\/Franz-Lengdobler-vorne.jpg\" alt=\"\" width=\"470\" height=\"800\" srcset=\"https:\/\/geschichte-hautnah.de\/www\/wp-content\/uploads\/2021\/02\/Franz-Lengdobler-vorne.jpg 470w, https:\/\/geschichte-hautnah.de\/www\/wp-content\/uploads\/2021\/02\/Franz-Lengdobler-vorne-176x300.jpg 176w\" sizes=\"auto, (max-width: 470px) 100vw, 470px\" \/><figcaption id=\"caption-attachment-27030\" class=\"wp-caption-text\">Sterbebild von Franz Lengdobler<\/figcaption><\/figure>\n<figure id=\"attachment_27029\" aria-describedby=\"caption-attachment-27029\" style=\"width: 470px\" class=\"wp-caption aligncenter\"><img loading=\"lazy\" decoding=\"async\" class=\"size-full wp-image-27029\" src=\"https:\/\/geschichte-hautnah.de\/www\/wp-content\/uploads\/2021\/02\/Franz-Lengdobler-hinten.jpg\" alt=\"\" width=\"470\" height=\"800\" srcset=\"https:\/\/geschichte-hautnah.de\/www\/wp-content\/uploads\/2021\/02\/Franz-Lengdobler-hinten.jpg 470w, https:\/\/geschichte-hautnah.de\/www\/wp-content\/uploads\/2021\/02\/Franz-Lengdobler-hinten-176x300.jpg 176w\" sizes=\"auto, (max-width: 470px) 100vw, 470px\" \/><figcaption id=\"caption-attachment-27029\" class=\"wp-caption-text\">R\u00fcckseite des Sterbebildes von Franz Lengdobler<\/figcaption><\/figure>\n","protected":false},"excerpt":{"rendered":"<p>Der Soldat Franz Lengdobler wurde am 11.11.1896 in K\u00fchweid, einem Ortsteil der bayerischen Gemeinde Ruhstorf an der Rott, geboren und war der Sohn eines Landwirts. Er arbeitete als G\u00e4rtner bei Graf D\u00fcrkheim. Im Ersten Weltkrieg diente er als Infanterist in der 3. Kompanie des 3. bayerischen Infanterie-Regiments. Am 23.10.1916 fiel er im Alter von 20 [&hellip;]<\/p>\n","protected":false},"author":2,"featured_media":0,"comment_status":"closed","ping_status":"closed","sticky":false,"template":"","format":"standard","meta":{"footnotes":"","_wp_rev_ctl_limit":""},"categories":[2],"tags":[1032,302,1366,3953,7215,7214,1087,1770,1879],"class_list":["post-27031","post","type-post","status-publish","format-standard","hentry","category-1-weltkrieg","tag-3-bayerisches-infanterie-regiment","tag-bauerssohn","tag-bayern","tag-gaertner","tag-graf-duerkheim","tag-kuehweid","tag-regimentsgeschichte","tag-ruhstorf-an-der-rott","tag-rumaenien"],"_links":{"self":[{"href":"https:\/\/geschichte-hautnah.de\/www\/index.php?rest_route=\/wp\/v2\/posts\/27031","targetHints":{"allow":["GET"]}}],"collection":[{"href":"https:\/\/geschichte-hautnah.de\/www\/index.php?rest_route=\/wp\/v2\/posts"}],"about":[{"href":"https:\/\/geschichte-hautnah.de\/www\/index.php?rest_route=\/wp\/v2\/types\/post"}],"author":[{"embeddable":true,"href":"https:\/\/geschichte-hautnah.de\/www\/index.php?rest_route=\/wp\/v2\/users\/2"}],"replies":[{"embeddable":true,"href":"https:\/\/geschichte-hautnah.de\/www\/index.php?rest_route=%2Fwp%2Fv2%2Fcomments&post=27031"}],"version-history":[{"count":7,"href":"https:\/\/geschichte-hautnah.de\/www\/index.php?rest_route=\/wp\/v2\/posts\/27031\/revisions"}],"predecessor-version":[{"id":27076,"href":"https:\/\/geschichte-hautnah.de\/www\/index.php?rest_route=\/wp\/v2\/posts\/27031\/revisions\/27076"}],"wp:attachment":[{"href":"https:\/\/geschichte-hautnah.de\/www\/index.php?rest_route=%2Fwp%2Fv2%2Fmedia&parent=27031"}],"wp:term":[{"taxonomy":"category","embeddable":true,"href":"https:\/\/geschichte-hautnah.de\/www\/index.php?rest_route=%2Fwp%2Fv2%2Fcategories&post=27031"},{"taxonomy":"post_tag","embeddable":true,"href":"https:\/\/geschichte-hautnah.de\/www\/index.php?rest_route=%2Fwp%2Fv2%2Ftags&post=27031"}],"curies":[{"name":"wp","href":"https:\/\/api.w.org\/{rel}","templated":true}]}}