{"id":27199,"date":"2025-12-22T00:00:41","date_gmt":"2025-12-21T23:00:41","guid":{"rendered":"https:\/\/geschichte-hautnah.de\/www\/?p=27199"},"modified":"2021-02-12T06:40:51","modified_gmt":"2021-02-12T05:40:51","slug":"die-maenner-des-ersten-weltkriegs-teil-2-773-max-riesinger","status":"publish","type":"post","link":"https:\/\/geschichte-hautnah.de\/www\/?p=27199","title":{"rendered":"Die M\u00e4nner des Ersten Weltkriegs \u2013 Teil 2.773: Max Riesinger"},"content":{"rendered":"<p>Der Soldat Max Riesinger stammte aus \u00d6tzing, einem Ortsteil der bayerischen Gemeinde <a href=\"https:\/\/de.wikipedia.org\/wiki\/Tiefenbach_(bei_Passau)\" target=\"_blank\" rel=\"noopener\">Tiefenbach<\/a>, und war der Sohn eines grundbesitzlosen Tagel\u00f6hners (Inwohner). Im Ersten Weltkrieg diente er als J\u00e4ger der Reserve in der 2. Kompanie des 1. bayerischen <span style=\"color: #ff0000;\"><strong>Reserve-<\/strong><\/span>J\u00e4ger-Bataillons. Am 05.09.1914 fiel er im Alter von 27 Jahren w\u00e4hrend der Schlacht von Nancy &#8211; Epinal bei <a href=\"https:\/\/de.wikipedia.org\/wiki\/Vitrimont\" target=\"_blank\" rel=\"noopener\">Vitrimont<\/a> (Regimentsgeschichte Frescati, einem Ortsteil der franz\u00f6sischen Gemeinde <a href=\"https:\/\/de.wikipedia.org\/wiki\/Deuxville\" target=\"_blank\" rel=\"noopener\">Deuxville<\/a>) w\u00e4hrend eines n\u00e4chtlichen Sturmangriffs.<\/p>\n<p>Man begrub Max Riesinger auf dem Soldatenfriedhof <span data-sheets-value=\"{&quot;1&quot;:2,&quot;2&quot;:&quot;Gerb\u00e9viller&quot;}\" data-sheets-userformat=\"{&quot;2&quot;:1049089,&quot;3&quot;:{&quot;1&quot;:0},&quot;12&quot;:0,&quot;23&quot;:1}\" data-sheets-formula=\"=HYPERLINK(&quot;https:\/\/goo.gl\/maps\/NEYBj8coyNq&quot;;&quot;Gerb\u00e9viller&quot;)\" data-sheets-hyperlink=\"https:\/\/goo.gl\/maps\/NEYBj8coyNq\"><a class=\"in-cell-link\" href=\"https:\/\/goo.gl\/maps\/NEYBj8coyNq\" target=\"_blank\" rel=\"noopener\">Gerb\u00e9viller<\/a><\/span> in einem Massengrab.<\/p>\n<figure id=\"attachment_27198\" aria-describedby=\"caption-attachment-27198\" style=\"width: 515px\" class=\"wp-caption aligncenter\"><img loading=\"lazy\" decoding=\"async\" class=\"size-full wp-image-27198\" src=\"https:\/\/geschichte-hautnah.de\/www\/wp-content\/uploads\/2021\/02\/Max-Riesinger-vorne.jpg\" alt=\"\" width=\"515\" height=\"800\" srcset=\"https:\/\/geschichte-hautnah.de\/www\/wp-content\/uploads\/2021\/02\/Max-Riesinger-vorne.jpg 515w, https:\/\/geschichte-hautnah.de\/www\/wp-content\/uploads\/2021\/02\/Max-Riesinger-vorne-193x300.jpg 193w\" sizes=\"auto, (max-width: 515px) 100vw, 515px\" \/><figcaption id=\"caption-attachment-27198\" class=\"wp-caption-text\">Sterbebild von Max Riesinger<\/figcaption><\/figure>\n<figure id=\"attachment_27197\" aria-describedby=\"caption-attachment-27197\" style=\"width: 515px\" class=\"wp-caption aligncenter\"><img loading=\"lazy\" decoding=\"async\" class=\"size-full wp-image-27197\" src=\"https:\/\/geschichte-hautnah.de\/www\/wp-content\/uploads\/2021\/02\/Max-Riesinger-hinten.jpg\" alt=\"\" width=\"515\" height=\"800\" srcset=\"https:\/\/geschichte-hautnah.de\/www\/wp-content\/uploads\/2021\/02\/Max-Riesinger-hinten.jpg 515w, https:\/\/geschichte-hautnah.de\/www\/wp-content\/uploads\/2021\/02\/Max-Riesinger-hinten-193x300.jpg 193w\" sizes=\"auto, (max-width: 515px) 100vw, 515px\" \/><figcaption id=\"caption-attachment-27197\" class=\"wp-caption-text\">R\u00fcckseite des Sterbebildes von Max Riesinger<\/figcaption><\/figure>\n","protected":false},"excerpt":{"rendered":"<p>Der Soldat Max Riesinger stammte aus \u00d6tzing, einem Ortsteil der bayerischen Gemeinde Tiefenbach, und war der Sohn eines grundbesitzlosen Tagel\u00f6hners (Inwohner). Im Ersten Weltkrieg diente er als J\u00e4ger der Reserve in der 2. Kompanie des 1. bayerischen Reserve-J\u00e4ger-Bataillons. Am 05.09.1914 fiel er im Alter von 27 Jahren w\u00e4hrend der Schlacht von Nancy &#8211; Epinal bei [&hellip;]<\/p>\n","protected":false},"author":2,"featured_media":0,"comment_status":"closed","ping_status":"closed","sticky":false,"template":"","format":"standard","meta":{"footnotes":"","_wp_rev_ctl_limit":""},"categories":[2,8,1876,18],"tags":[2169,1366,7248,33,36,7249,523,6997,233,92,7247,1750,169,4517,2155,1417,82],"class_list":["post-27199","post","type-post","status-publish","format-standard","hentry","category-1-weltkrieg","category-sterbebilder","category-frankreich-1-weltkrieg","category-vogesenkampfe","tag-1-bayerisches-reserve-jaeger-bataillon","tag-bayern","tag-deuxville","tag-elsass","tag-frankreich","tag-frescati","tag-gerbeviller","tag-inwohner","tag-jaeger","tag-massengrab","tag-naechtlicher-sturmangriff","tag-otzing","tag-reservist","tag-tageloehnerssohn","tag-tiefenbach","tag-vitrimont","tag-vogesen"],"_links":{"self":[{"href":"https:\/\/geschichte-hautnah.de\/www\/index.php?rest_route=\/wp\/v2\/posts\/27199","targetHints":{"allow":["GET"]}}],"collection":[{"href":"https:\/\/geschichte-hautnah.de\/www\/index.php?rest_route=\/wp\/v2\/posts"}],"about":[{"href":"https:\/\/geschichte-hautnah.de\/www\/index.php?rest_route=\/wp\/v2\/types\/post"}],"author":[{"embeddable":true,"href":"https:\/\/geschichte-hautnah.de\/www\/index.php?rest_route=\/wp\/v2\/users\/2"}],"replies":[{"embeddable":true,"href":"https:\/\/geschichte-hautnah.de\/www\/index.php?rest_route=%2Fwp%2Fv2%2Fcomments&post=27199"}],"version-history":[{"count":7,"href":"https:\/\/geschichte-hautnah.de\/www\/index.php?rest_route=\/wp\/v2\/posts\/27199\/revisions"}],"predecessor-version":[{"id":27206,"href":"https:\/\/geschichte-hautnah.de\/www\/index.php?rest_route=\/wp\/v2\/posts\/27199\/revisions\/27206"}],"wp:attachment":[{"href":"https:\/\/geschichte-hautnah.de\/www\/index.php?rest_route=%2Fwp%2Fv2%2Fmedia&parent=27199"}],"wp:term":[{"taxonomy":"category","embeddable":true,"href":"https:\/\/geschichte-hautnah.de\/www\/index.php?rest_route=%2Fwp%2Fv2%2Fcategories&post=27199"},{"taxonomy":"post_tag","embeddable":true,"href":"https:\/\/geschichte-hautnah.de\/www\/index.php?rest_route=%2Fwp%2Fv2%2Ftags&post=27199"}],"curies":[{"name":"wp","href":"https:\/\/api.w.org\/{rel}","templated":true}]}}