{"id":27245,"date":"2025-12-28T00:00:50","date_gmt":"2025-12-27T23:00:50","guid":{"rendered":"https:\/\/geschichte-hautnah.de\/www\/?p=27245"},"modified":"2021-02-13T18:53:01","modified_gmt":"2021-02-13T17:53:01","slug":"die-maenner-des-ersten-weltkriegs-teil-2-779-fritz-schulz","status":"publish","type":"post","link":"https:\/\/geschichte-hautnah.de\/www\/?p=27245","title":{"rendered":"Die M\u00e4nner des Ersten Weltkriegs \u2013 Teil 2.779: Fritz Schulz"},"content":{"rendered":"<p>Der Soldat Fritz Schulz stammte aus <a href=\"https:\/\/de.wikipedia.org\/wiki\/Artern\" target=\"_blank\" rel=\"noopener\">Artern<\/a> in Preu\u00dfen und war Doktor der Geisteswissenschaften. Im Ersten Weltkrieg diente er als Leutnant der Reserve und Offiziersstellvertreter in der 1. Batterie des 6. Reserve-Feldartillerie-Regiments. Er wird w\u00e4hrend der <a href=\"https:\/\/de.wikipedia.org\/wiki\/Erste_Flandernschlacht\" target=\"_blank\" rel=\"noopener\">ersten Flandernschlacht<\/a> bei den K\u00e4mpfen an der <a href=\"https:\/\/de.wikipedia.org\/wiki\/Yser\" target=\"_blank\" rel=\"noopener\">Yser<\/a> schwer verwundet und stirbt am 15.11.1914 in einem Lazarett in K\u00f6ln verwundet.<\/p>\n<p>Vermutlich wurde Fritz Schulz auf einem lokalen Friedhof in K\u00f6ln im milit\u00e4rischen Bereich begraben. Das Grab d\u00fcrfte heute noch existieren.<\/p>\n<figure id=\"attachment_27246\" aria-describedby=\"caption-attachment-27246\" style=\"width: 800px\" class=\"wp-caption aligncenter\"><img loading=\"lazy\" decoding=\"async\" class=\"size-full wp-image-27246\" src=\"https:\/\/geschichte-hautnah.de\/www\/wp-content\/uploads\/2021\/02\/Fritz-Schulz.jpg\" alt=\"\" width=\"800\" height=\"679\" srcset=\"https:\/\/geschichte-hautnah.de\/www\/wp-content\/uploads\/2021\/02\/Fritz-Schulz.jpg 800w, https:\/\/geschichte-hautnah.de\/www\/wp-content\/uploads\/2021\/02\/Fritz-Schulz-300x255.jpg 300w, https:\/\/geschichte-hautnah.de\/www\/wp-content\/uploads\/2021\/02\/Fritz-Schulz-768x652.jpg 768w\" sizes=\"auto, (max-width: 800px) 100vw, 800px\" \/><figcaption id=\"caption-attachment-27246\" class=\"wp-caption-text\">Todesanzeige f\u00fcr Fritz Schulz<\/figcaption><\/figure>\n","protected":false},"excerpt":{"rendered":"<p>Der Soldat Fritz Schulz stammte aus Artern in Preu\u00dfen und war Doktor der Geisteswissenschaften. Im Ersten Weltkrieg diente er als Leutnant der Reserve und Offiziersstellvertreter in der 1. Batterie des 6. Reserve-Feldartillerie-Regiments. Er wird w\u00e4hrend der ersten Flandernschlacht bei den K\u00e4mpfen an der Yser schwer verwundet und stirbt am 15.11.1914 in einem Lazarett in K\u00f6ln [&hellip;]<\/p>\n","protected":false},"author":2,"featured_media":0,"comment_status":"closed","ping_status":"closed","sticky":false,"template":"","format":"standard","meta":{"footnotes":"","_wp_rev_ctl_limit":""},"categories":[2,8,165,1876],"tags":[7261,7259,7260,7262,1591,411,460,1117,99,4193],"class_list":["post-27245","post","type-post","status-publish","format-standard","hentry","category-1-weltkrieg","category-sterbebilder","category-erste-flandernschlacht","category-frankreich-1-weltkrieg","tag-6-reserve-feldartillerie-regiment","tag-artern","tag-doktor-der-geisteswissenschaften","tag-erste-flandernschlacht","tag-festungslazarett-koeln","tag-leutnant-der-reserve","tag-offiziersstellvertreter","tag-schwer-verwundet","tag-unbekannte-grablage","tag-yser"],"_links":{"self":[{"href":"https:\/\/geschichte-hautnah.de\/www\/index.php?rest_route=\/wp\/v2\/posts\/27245","targetHints":{"allow":["GET"]}}],"collection":[{"href":"https:\/\/geschichte-hautnah.de\/www\/index.php?rest_route=\/wp\/v2\/posts"}],"about":[{"href":"https:\/\/geschichte-hautnah.de\/www\/index.php?rest_route=\/wp\/v2\/types\/post"}],"author":[{"embeddable":true,"href":"https:\/\/geschichte-hautnah.de\/www\/index.php?rest_route=\/wp\/v2\/users\/2"}],"replies":[{"embeddable":true,"href":"https:\/\/geschichte-hautnah.de\/www\/index.php?rest_route=%2Fwp%2Fv2%2Fcomments&post=27245"}],"version-history":[{"count":5,"href":"https:\/\/geschichte-hautnah.de\/www\/index.php?rest_route=\/wp\/v2\/posts\/27245\/revisions"}],"predecessor-version":[{"id":27251,"href":"https:\/\/geschichte-hautnah.de\/www\/index.php?rest_route=\/wp\/v2\/posts\/27245\/revisions\/27251"}],"wp:attachment":[{"href":"https:\/\/geschichte-hautnah.de\/www\/index.php?rest_route=%2Fwp%2Fv2%2Fmedia&parent=27245"}],"wp:term":[{"taxonomy":"category","embeddable":true,"href":"https:\/\/geschichte-hautnah.de\/www\/index.php?rest_route=%2Fwp%2Fv2%2Fcategories&post=27245"},{"taxonomy":"post_tag","embeddable":true,"href":"https:\/\/geschichte-hautnah.de\/www\/index.php?rest_route=%2Fwp%2Fv2%2Ftags&post=27245"}],"curies":[{"name":"wp","href":"https:\/\/api.w.org\/{rel}","templated":true}]}}