{"id":27294,"date":"2026-01-03T00:00:02","date_gmt":"2026-01-02T23:00:02","guid":{"rendered":"https:\/\/geschichte-hautnah.de\/www\/?p=27294"},"modified":"2021-02-14T09:50:38","modified_gmt":"2021-02-14T08:50:38","slug":"die-maenner-des-ersten-weltkriegs-teil-2-785-michael-jungwirth","status":"publish","type":"post","link":"https:\/\/geschichte-hautnah.de\/www\/?p=27294","title":{"rendered":"Die M\u00e4nner des Ersten Weltkriegs \u2013 Teil 2.785: Michael Jungwirth"},"content":{"rendered":"<p>Der Soldat Michael Jungwirth stammte aus Lenzingerberg, einem Ortsteil der bayerischen Gemeinde <a href=\"https:\/\/de.wikipedia.org\/wiki\/Hutthurm\" target=\"_blank\" rel=\"noopener\">Hutthurm<\/a>, und war der Sohn eines Landwirts. Im Ersten Weltkrieg k\u00e4mpfte er als Infanterist in der 4. Kompanie des 2. bayerischen Infanterie-Regiments. Am 08.06.1916 fiel er im Alter von 22 Jahren w\u00e4hrend der <a href=\"https:\/\/de.wikipedia.org\/wiki\/Schlacht_um_Verdun\" target=\"_blank\" rel=\"noopener\">Schlacht um Verdun<\/a> bei den K\u00e4mpfen um die Wabengr\u00e4ben im Thiaumontwald und um die Thiaumont-Ferme. Hier wurde er w\u00e4hrend des ersten Sturms auf die Wabengr\u00e4ben get\u00f6tet.<\/p>\n<p>\u00dcber den Todestag und die Todesumst\u00e4nde berichtet die Regimentsgeschichte des 2. bayerischen Infanterie-Regiments:<\/p>\n<blockquote><p><em>&#8222;Am 08.06.1916 10 Uhr vormittags traten I. und III. Bataillon zum Sturme an. Kaum hatten die ersten Wellen ihre Gr\u00e4ben und Granatl\u00f6cher verlassen, so erhielten sie ein vernichtendes Maschinengewehr-Feuer vom R\u00fccken westlich des Thiaumontwaldes und der Thiaumont-Ferme und besonders auch aus den Sappenk\u00f6pfen der Wabengr\u00e4benstellung selbst. Auch die zweite und dritte Welle folgten unmittelbar. Auch sie geriet in das Maschinenegewehr-Feuer und in das jetzt eben einsetzende feindliche Sperrfeuer.<\/em><\/p>\n<p><em>Am rechten Fl\u00fcgel bleiben die vorgest\u00fcrmten Truppen vor dem unversehrtn feindlichen Hindernis liegen. Die Masse der Sturmtruppen ist es nur gelungen, unter schweren Verlusten bis in die eigene vorderste Stellung zu kommen. Trotzdem gelingt es beim I. Bataillon einigen Sto\u00dftrupps in die Wabengr\u00e4ben einzudringen, ja sogar Gefangene zu machen und bis zur\u00fcck zur Befehlsstelle konnte man ein paar Leute sehen,d ei triumphierend ein erbeutetes feindliches Maschinengewehr aus einem Loch zogen und hoch in der Luft schwangen. Aber aus den unversehrten Unterst\u00e4nden der Wabengr\u00e4ben kriechen franz\u00f6sische Massen hervor und es entspinnt sich in den Gr\u00e4ben ein dreiviertelst\u00fcndiger schwerer Kampf mit Bajonett und Handgranate. Einige der St\u00fcrmer kommen in die vorderste Stellung des Regiments wieder zur\u00fcck, die Mehrzahl ist gefallen oder von der \u00dcbermacht \u00fcberw\u00e4ltigt. Auch der Angriff der gleichzeitig eingesetzten 2. Infanterie.Division kam \u00fcber die Anf\u00e4nge nicht hinaus. Nachmittags setzte eine erneute Artillerievorbereitung auf deutscher Seite ein. Um 8 Uhr abends soll der Angriff wiederholt werden; er kam jedoch wegen der versp\u00e4teten Befehle und infolge Vermischung der Verb\u00e4nde erst am n\u00e4chsten Morgen zur Ausf\u00fchrung und auch da nicht \u00fcber die erste Entwicklung hinaus. Die n\u00e4chsten Tage brachten ununterbrochene Teilk\u00e4mpfe um den Besitz von Maschinengewehr-Nestern.&#8220;.<\/em><\/p><\/blockquote>\n<p>Offiziell ist f\u00fcr Michael Jungwirth keine Grablage bekannt. Ich bin mir jdeoch sicher, dass er anonym in einem Massengrab auf dem Soldatenfriedhof <span data-sheets-value=\"{&quot;1&quot;:2,&quot;2&quot;:&quot;Hautecourt-l\u00e8s-Broville&quot;}\" data-sheets-userformat=\"{&quot;2&quot;:1049089,&quot;3&quot;:{&quot;1&quot;:0},&quot;12&quot;:0,&quot;23&quot;:1}\" data-sheets-formula=\"=HYPERLINK(&quot;https:\/\/goo.gl\/maps\/EGHJFoxDbwm&quot;;&quot;Hautecourt-l\u00e8s-Broville&quot;)\" data-sheets-hyperlink=\"https:\/\/goo.gl\/maps\/EGHJFoxDbwm\"><a class=\"in-cell-link\" href=\"https:\/\/goo.gl\/maps\/EGHJFoxDbwm\" target=\"_blank\" rel=\"noopener\">Hautecourt-l\u00e8s-Broville<\/a><\/span> begraben wurde, wo man auch seine Regimentskameraden begrub, die am gleichen Tag fielen, u. a.<\/p>\n<ul>\n<li>Unteroffizier Fritz Hauber, gefallen am 08.06.1916, begraben auf dem Soldatenfriedhof <span data-sheets-value=\"{&quot;1&quot;:2,&quot;2&quot;:&quot;Hautecourt-l\u00e8s-Broville&quot;}\" data-sheets-userformat=\"{&quot;2&quot;:1049089,&quot;3&quot;:{&quot;1&quot;:0},&quot;12&quot;:0,&quot;23&quot;:1}\" data-sheets-formula=\"=HYPERLINK(&quot;https:\/\/goo.gl\/maps\/EGHJFoxDbwm&quot;;&quot;Hautecourt-l\u00e8s-Broville&quot;)\" data-sheets-hyperlink=\"https:\/\/goo.gl\/maps\/EGHJFoxDbwm\"><a class=\"in-cell-link\" href=\"https:\/\/goo.gl\/maps\/EGHJFoxDbwm\" target=\"_blank\" rel=\"noopener\">Hautecourt-l\u00e8s-Broville<\/a><\/span> in einem Massengrab;<\/li>\n<li>Gefreiter Norbert Fischer, gefallen am 01.06.1916 im Fosse-Wald, begraben auf dem Soldatenfriedhof <span data-sheets-value=\"{&quot;1&quot;:2,&quot;2&quot;:&quot;Hautecourt-l\u00e8s-Broville&quot;}\" data-sheets-userformat=\"{&quot;2&quot;:1049089,&quot;3&quot;:{&quot;1&quot;:0},&quot;12&quot;:0,&quot;23&quot;:1}\" data-sheets-formula=\"=HYPERLINK(&quot;https:\/\/goo.gl\/maps\/EGHJFoxDbwm&quot;;&quot;Hautecourt-l\u00e8s-Broville&quot;)\" data-sheets-hyperlink=\"https:\/\/goo.gl\/maps\/EGHJFoxDbwm\"><a class=\"in-cell-link\" href=\"https:\/\/goo.gl\/maps\/EGHJFoxDbwm\" target=\"_blank\" rel=\"noopener\">Hautecourt-l\u00e8s-Broville<\/a><\/span> in einem Massengrab;<\/li>\n<li>Gefreiter Anton Adam, gefallen am 08.06.1916, begraben auf dem Soldatenfriedhof <span data-sheets-value=\"{&quot;1&quot;:2,&quot;2&quot;:&quot;Hautecourt-l\u00e8s-Broville&quot;}\" data-sheets-userformat=\"{&quot;2&quot;:1049089,&quot;3&quot;:{&quot;1&quot;:0},&quot;12&quot;:0,&quot;23&quot;:1}\" data-sheets-formula=\"=HYPERLINK(&quot;https:\/\/goo.gl\/maps\/EGHJFoxDbwm&quot;;&quot;Hautecourt-l\u00e8s-Broville&quot;)\" data-sheets-hyperlink=\"https:\/\/goo.gl\/maps\/EGHJFoxDbwm\"><a class=\"in-cell-link\" href=\"https:\/\/goo.gl\/maps\/EGHJFoxDbwm\" target=\"_blank\" rel=\"noopener\">Hautecourt-l\u00e8s-Broville<\/a><\/span> in einem Massengrab;<\/li>\n<li>Infanterist Heinrich Steinhuber, gefallen am 05.06.1916 bei Douaumont, begraben auf dem Soldatenfriedhof <span data-sheets-value=\"{&quot;1&quot;:2,&quot;2&quot;:&quot;Hautecourt-l\u00e8s-Broville&quot;}\" data-sheets-userformat=\"{&quot;2&quot;:1049089,&quot;3&quot;:{&quot;1&quot;:0},&quot;12&quot;:0,&quot;23&quot;:1}\" data-sheets-formula=\"=HYPERLINK(&quot;https:\/\/goo.gl\/maps\/EGHJFoxDbwm&quot;;&quot;Hautecourt-l\u00e8s-Broville&quot;)\" data-sheets-hyperlink=\"https:\/\/goo.gl\/maps\/EGHJFoxDbwm\"><a class=\"in-cell-link\" href=\"https:\/\/goo.gl\/maps\/EGHJFoxDbwm\" target=\"_blank\" rel=\"noopener\">Hautecourt-l\u00e8s-Broville<\/a><\/span> in einem Massengrab.<\/li>\n<\/ul>\n<p>&nbsp;<\/p>\n<figure id=\"attachment_27293\" aria-describedby=\"caption-attachment-27293\" style=\"width: 800px\" class=\"wp-caption aligncenter\"><img loading=\"lazy\" decoding=\"async\" class=\"size-full wp-image-27293\" src=\"https:\/\/geschichte-hautnah.de\/www\/wp-content\/uploads\/2021\/02\/Michael-Jungwirth-vorne.jpg\" alt=\"\" width=\"800\" height=\"617\" srcset=\"https:\/\/geschichte-hautnah.de\/www\/wp-content\/uploads\/2021\/02\/Michael-Jungwirth-vorne.jpg 800w, https:\/\/geschichte-hautnah.de\/www\/wp-content\/uploads\/2021\/02\/Michael-Jungwirth-vorne-300x231.jpg 300w, https:\/\/geschichte-hautnah.de\/www\/wp-content\/uploads\/2021\/02\/Michael-Jungwirth-vorne-768x592.jpg 768w\" sizes=\"auto, (max-width: 800px) 100vw, 800px\" \/><figcaption id=\"caption-attachment-27293\" class=\"wp-caption-text\">Sterbebild von Michael Jungwirth<\/figcaption><\/figure>\n<figure id=\"attachment_27292\" aria-describedby=\"caption-attachment-27292\" style=\"width: 800px\" class=\"wp-caption aligncenter\"><img loading=\"lazy\" decoding=\"async\" class=\"size-full wp-image-27292\" src=\"https:\/\/geschichte-hautnah.de\/www\/wp-content\/uploads\/2021\/02\/Michael-Jungwirth-hinten.jpg\" alt=\"\" width=\"800\" height=\"617\" srcset=\"https:\/\/geschichte-hautnah.de\/www\/wp-content\/uploads\/2021\/02\/Michael-Jungwirth-hinten.jpg 800w, https:\/\/geschichte-hautnah.de\/www\/wp-content\/uploads\/2021\/02\/Michael-Jungwirth-hinten-300x231.jpg 300w, https:\/\/geschichte-hautnah.de\/www\/wp-content\/uploads\/2021\/02\/Michael-Jungwirth-hinten-768x592.jpg 768w\" sizes=\"auto, (max-width: 800px) 100vw, 800px\" \/><figcaption id=\"caption-attachment-27292\" class=\"wp-caption-text\">R\u00fcckseitd es Sterbebildes von Michael Jungwirth<\/figcaption><\/figure>\n","protected":false},"excerpt":{"rendered":"<p>Der Soldat Michael Jungwirth stammte aus Lenzingerberg, einem Ortsteil der bayerischen Gemeinde Hutthurm, und war der Sohn eines Landwirts. Im Ersten Weltkrieg k\u00e4mpfte er als Infanterist in der 4. Kompanie des 2. bayerischen Infanterie-Regiments. Am 08.06.1916 fiel er im Alter von 22 Jahren w\u00e4hrend der Schlacht um Verdun bei den K\u00e4mpfen um die Wabengr\u00e4ben im [&hellip;]<\/p>\n","protected":false},"author":2,"featured_media":0,"comment_status":"closed","ping_status":"closed","sticky":false,"template":"","format":"standard","meta":{"footnotes":"","_wp_rev_ctl_limit":""},"categories":[2,8,1876,16],"tags":[3475,280,302,1366,36,267,4141,97,7273,598,92,3155,99],"class_list":["post-27294","post","type-post","status-publish","format-standard","hentry","category-1-weltkrieg","category-sterbebilder","category-frankreich-1-weltkrieg","category-verdun","tag-2-bayerisches-iinfanterie-regiment","tag-anonym","tag-bauerssohn","tag-bayern","tag-frankreich","tag-hautecourt-les-broville","tag-hutthurm","tag-infanterist","tag-lenzingerberg","tag-lothringen","tag-massengrab","tag-schlacht-um-verdun","tag-unbekannte-grablage"],"_links":{"self":[{"href":"https:\/\/geschichte-hautnah.de\/www\/index.php?rest_route=\/wp\/v2\/posts\/27294","targetHints":{"allow":["GET"]}}],"collection":[{"href":"https:\/\/geschichte-hautnah.de\/www\/index.php?rest_route=\/wp\/v2\/posts"}],"about":[{"href":"https:\/\/geschichte-hautnah.de\/www\/index.php?rest_route=\/wp\/v2\/types\/post"}],"author":[{"embeddable":true,"href":"https:\/\/geschichte-hautnah.de\/www\/index.php?rest_route=\/wp\/v2\/users\/2"}],"replies":[{"embeddable":true,"href":"https:\/\/geschichte-hautnah.de\/www\/index.php?rest_route=%2Fwp%2Fv2%2Fcomments&post=27294"}],"version-history":[{"count":6,"href":"https:\/\/geschichte-hautnah.de\/www\/index.php?rest_route=\/wp\/v2\/posts\/27294\/revisions"}],"predecessor-version":[{"id":27296,"href":"https:\/\/geschichte-hautnah.de\/www\/index.php?rest_route=\/wp\/v2\/posts\/27294\/revisions\/27296"}],"wp:attachment":[{"href":"https:\/\/geschichte-hautnah.de\/www\/index.php?rest_route=%2Fwp%2Fv2%2Fmedia&parent=27294"}],"wp:term":[{"taxonomy":"category","embeddable":true,"href":"https:\/\/geschichte-hautnah.de\/www\/index.php?rest_route=%2Fwp%2Fv2%2Fcategories&post=27294"},{"taxonomy":"post_tag","embeddable":true,"href":"https:\/\/geschichte-hautnah.de\/www\/index.php?rest_route=%2Fwp%2Fv2%2Ftags&post=27294"}],"curies":[{"name":"wp","href":"https:\/\/api.w.org\/{rel}","templated":true}]}}