{"id":2730,"date":"2018-02-12T00:00:42","date_gmt":"2018-02-11T23:00:42","guid":{"rendered":"http:\/\/geschichte-hautnah.de\/www\/?p=2730"},"modified":"2018-02-11T14:21:01","modified_gmt":"2018-02-11T13:21:01","slug":"die-maenner-des-ersten-weltkriegs-teil-161-franz-xaver-wisboeck","status":"publish","type":"post","link":"https:\/\/geschichte-hautnah.de\/www\/?p=2730","title":{"rendered":"Die M\u00e4nner des Ersten Weltkriegs \u2013 Teil 161: Franz Xaver Wisb\u00f6ck"},"content":{"rendered":"<p>Franz Xaver Wisb\u00f6ck war der Sohn des Altb\u00fcrgermeisters von <a href=\"https:\/\/de.wikipedia.org\/wiki\/Neubeuern\" target=\"_blank\" rel=\"noopener\">Neubeuern<\/a> und k\u00e4mpfte als Ersatzreservist im 17. k\u00f6niglich-bayerischen Reserve-Infanterie-Regiment.<\/p>\n<p>Am 14.11.1914 wurde Franz Xaver Wisb\u00f6ck bei den K\u00e4mpfen im Bayernwald bei Wyschaete get\u00f6tet. Er wurde 24 Jahre alt.<\/p>\n<p>Seine Heimatgemeinde Neubeuern gedenkt seiner noch heute auf einem Denkmal: <a href=\"http:\/\/denkmalprojekt.org\/dkm_deutschland\/neubeuern_wk1u2_bay.htm\" target=\"_blank\" rel=\"noopener\">http:\/\/denkmalprojekt.org\/dkm_deutschland\/neubeuern_wk1u2_bay.htm<\/a><\/p>\n<p>&nbsp;<\/p>\n<p><a href=\"http:\/\/geschichte-hautnah.de\/www\/wp-content\/uploads\/2018\/02\/Franz_Xaver_Wisb\u00f6ck_v.jpeg\"><img loading=\"lazy\" decoding=\"async\" class=\"aligncenter size-full wp-image-2732\" src=\"http:\/\/geschichte-hautnah.de\/www\/wp-content\/uploads\/2018\/02\/Franz_Xaver_Wisb\u00f6ck_v.jpeg\" alt=\"\" width=\"800\" height=\"584\" srcset=\"https:\/\/geschichte-hautnah.de\/www\/wp-content\/uploads\/2018\/02\/Franz_Xaver_Wisb\u00f6ck_v.jpeg 800w, https:\/\/geschichte-hautnah.de\/www\/wp-content\/uploads\/2018\/02\/Franz_Xaver_Wisb\u00f6ck_v-300x219.jpeg 300w, https:\/\/geschichte-hautnah.de\/www\/wp-content\/uploads\/2018\/02\/Franz_Xaver_Wisb\u00f6ck_v-768x561.jpeg 768w\" sizes=\"auto, (max-width: 800px) 100vw, 800px\" \/><\/a> <a href=\"http:\/\/geschichte-hautnah.de\/www\/wp-content\/uploads\/2018\/02\/Franz_Xaver_Wisb\u00f6ck_h.jpeg\"><img loading=\"lazy\" decoding=\"async\" class=\"aligncenter size-large wp-image-2733\" src=\"http:\/\/geschichte-hautnah.de\/www\/wp-content\/uploads\/2018\/02\/Franz_Xaver_Wisb\u00f6ck_h.jpeg\" alt=\"\" width=\"640\" height=\"467\" srcset=\"https:\/\/geschichte-hautnah.de\/www\/wp-content\/uploads\/2018\/02\/Franz_Xaver_Wisb\u00f6ck_h.jpeg 800w, https:\/\/geschichte-hautnah.de\/www\/wp-content\/uploads\/2018\/02\/Franz_Xaver_Wisb\u00f6ck_h-300x219.jpeg 300w, https:\/\/geschichte-hautnah.de\/www\/wp-content\/uploads\/2018\/02\/Franz_Xaver_Wisb\u00f6ck_h-768x561.jpeg 768w\" sizes=\"auto, (max-width: 640px) 100vw, 640px\" \/><\/a><\/p>\n","protected":false},"excerpt":{"rendered":"<p>Franz Xaver Wisb\u00f6ck war der Sohn des Altb\u00fcrgermeisters von Neubeuern und k\u00e4mpfte als Ersatzreservist im 17. k\u00f6niglich-bayerischen Reserve-Infanterie-Regiment. Am 14.11.1914 wurde Franz Xaver Wisb\u00f6ck bei den K\u00e4mpfen im Bayernwald bei Wyschaete get\u00f6tet. Er wurde 24 Jahre alt. Seine Heimatgemeinde Neubeuern gedenkt seiner noch heute auf einem Denkmal: http:\/\/denkmalprojekt.org\/dkm_deutschland\/neubeuern_wk1u2_bay.htm &nbsp;<\/p>\n","protected":false},"author":2,"featured_media":0,"comment_status":"closed","ping_status":"closed","sticky":false,"template":"","format":"standard","meta":{"footnotes":"","_wp_rev_ctl_limit":""},"categories":[2,8,164],"tags":[487,484,486,291,485,166],"class_list":["post-2730","post","type-post","status-publish","format-standard","hentry","category-1-weltkrieg","category-sterbebilder","category-wytschaete","tag-17-koeniglich-bayerischen-reserve-infanterie-regiment","tag-altbuergermeister","tag-bayernwald","tag-ersatzreservist","tag-neubeuern","tag-wytschaete"],"_links":{"self":[{"href":"https:\/\/geschichte-hautnah.de\/www\/index.php?rest_route=\/wp\/v2\/posts\/2730","targetHints":{"allow":["GET"]}}],"collection":[{"href":"https:\/\/geschichte-hautnah.de\/www\/index.php?rest_route=\/wp\/v2\/posts"}],"about":[{"href":"https:\/\/geschichte-hautnah.de\/www\/index.php?rest_route=\/wp\/v2\/types\/post"}],"author":[{"embeddable":true,"href":"https:\/\/geschichte-hautnah.de\/www\/index.php?rest_route=\/wp\/v2\/users\/2"}],"replies":[{"embeddable":true,"href":"https:\/\/geschichte-hautnah.de\/www\/index.php?rest_route=%2Fwp%2Fv2%2Fcomments&post=2730"}],"version-history":[{"count":3,"href":"https:\/\/geschichte-hautnah.de\/www\/index.php?rest_route=\/wp\/v2\/posts\/2730\/revisions"}],"predecessor-version":[{"id":2735,"href":"https:\/\/geschichte-hautnah.de\/www\/index.php?rest_route=\/wp\/v2\/posts\/2730\/revisions\/2735"}],"wp:attachment":[{"href":"https:\/\/geschichte-hautnah.de\/www\/index.php?rest_route=%2Fwp%2Fv2%2Fmedia&parent=2730"}],"wp:term":[{"taxonomy":"category","embeddable":true,"href":"https:\/\/geschichte-hautnah.de\/www\/index.php?rest_route=%2Fwp%2Fv2%2Fcategories&post=2730"},{"taxonomy":"post_tag","embeddable":true,"href":"https:\/\/geschichte-hautnah.de\/www\/index.php?rest_route=%2Fwp%2Fv2%2Ftags&post=2730"}],"curies":[{"name":"wp","href":"https:\/\/api.w.org\/{rel}","templated":true}]}}